{"id":233916,"date":"2025-11-13T15:13:12","date_gmt":"2025-11-13T15:13:12","guid":{"rendered":"https:\/\/www.europesays.com\/es\/233916\/"},"modified":"2025-11-13T15:13:12","modified_gmt":"2025-11-13T15:13:12","slug":"fechas-calendario-y-donde-ver-los-partidos-del-torneo","status":"publish","type":"post","link":"https:\/\/www.europesays.com\/es\/233916\/","title":{"rendered":"fechas, calendario y d\u00f3nde ver los partidos del torneo"},"content":{"rendered":"<p data-mrf-recirculation=\"Links P\u00e1rrafos\" class=\"ue-c-article__paragraph paragraph xai-icon-container ue-c-article--first-letter-highlighted\">La <strong>Copa Davis<\/strong>\u00a02025 llega a su desenlace. Bolonia acoge la Final a 8 del 18 al 23 de noviembre en la que Espa\u00f1a va en busca de su s\u00e9ptima Ensaladera. <strong>El equipo, capitaneado por David Ferrer, se medir\u00e1 en cuartos de final a la Rep\u00fablica Checa<\/strong>. Si vence, su rival en semifinales ser\u00e1 el ganador del duelo entre Argentina y Alemania. Por el otro lado del cuadro,\u00a0Italia tendr\u00e1 como rival a Austria mientras que B\u00e9lgica se medir\u00e1 a Francia.<\/p>\n<p>El combinado espa\u00f1ol est\u00e1 integrado por\u00a0<strong>Carlos Alcaraz, Jaume Munar, Pedro Mart\u00ednez, Marcel Granollers y Pablo Carre\u00f1o<\/strong>. Espa\u00f1a ha ganado la Copa Davis en seis ocasiones (2000, 2004, 2008, 2009, 2011, 2019) y ha sido finalista otras cuatro. Su primer rival ser\u00e1 la Rep\u00fablica Checa con la que se ha medido en nueve ocasiones en esta competici\u00f3n y a la que ha ganado en cinco ocasiones.\u00a0<\/p>\n<p>Espa\u00f1a llega a esta Fase Final a 8 tras una <strong><a href=\"https:\/\/www.marca.com\/tenis\/copa-davis\/2025\/09\/14\/pablo-carreno-firma-remontada-historia-clasifica-espana-finales-copa-davis.html\" target=\"_blank\" rel=\"nofollow noopener\">\u00e9pica eliminatoria ante Dinamarca en el Qualifier de segunda ronda jugado en septiembre en Marbella<\/a><\/strong>, superando un 0-2 en contra, por primera vez en su historia. Anteriormente hab\u00eda ganado a Suiza (3-1) en la primera ronda disputada en Biel en febrero.<\/p>\n<p>Por su parte, <strong>la Rep\u00fablica Checa consigui\u00f3 una brillante victoria (2-3) a domicilio ante Estados Unidos en Delray Beach<\/strong>, tras ganar en casa a Corea del Sur (4-0).\u00a0<\/p>\n<p>\u200bCalendario y horario de la Final a 8 de la Copa Davis 2025<\/p>\n<p data-mrf-recirculation=\"Links P\u00e1rrafos\" class=\"ue-c-article__paragraph paragraph\">Los <strong>cuartos de final <\/strong>de la Copa Davis se disputar\u00e1n entre el martes 18 y el jueves 20 de noviembre, las <strong>semifinales <\/strong>se juegan el viernes 21 y el s\u00e1bado 22 de noviembre y la <strong>gran final<\/strong> de la Copa Davis 2025 el domingo 23 de noviembre.<\/p>\n<p data-mrf-recirculation=\"Links P\u00e1rrafos\" class=\"ue-c-article__paragraph paragraph\"><strong>CUARTOS DE FINAL<br \/>Martes 18 de noviembre (16:00)<\/strong>: Francia (3) vs. B\u00e9lgica<br \/><strong>Mi\u00e9rcoles 19 de noviembre (16:00)<\/strong>: Italia (1) vs. Austria<br \/><strong>Jueves 20 de noviembre (10:00):<\/strong><strong>Espa\u00f1a <\/strong>vs. Chequia (4)<br \/><strong>Jueves 20 de noviembre (no antes de las 17:00)<\/strong>: Argentina vs. Alemania (2)<\/p>\n<p><strong>SEMIFINALES<\/strong><br \/><strong>Viernes 21 de noviembre (16:00)<\/strong>: (Francia o B\u00e9lgica) vs. (Italia o Austria)<br \/><strong>S\u00e1bado 22 de noviembre (12:00):<\/strong> (Espa\u00f1a o Chequia) vs. (Argentina o Alemania)<\/p>\n<p><strong>FINAL<\/strong><br \/><strong>Domingo 23 de noviembre (15:00)<\/strong>: Ganador de la Semifinal 1 vs. Ganador de la Semifinal 2<\/p>\n<p>D\u00f3nde ver la Final a 8 de la Copa Davis en televisi\u00f3n<\/p>\n<p data-mrf-recirculation=\"Links P\u00e1rrafos\" class=\"ue-c-article__paragraph paragraph\">Todos los partidos podr\u00e1n verse por televisi\u00f3n a trav\u00e9s de Movistar, bien en su canal Movistar Plus+, Movistar Deportes o Vamos .Adem\u00e1s, <strong>toda la informaci\u00f3n de lo que suceda en la Copa Davis se podr\u00e1 seguir online en MARCA.com<\/strong> con los directos de los partidos de Espa\u00f1a, las cr\u00f3nicas, testimonios de los protagonistas y toda la informaci\u00f3n del torneo. Igualmente los partidos de Espa\u00f1a se podr\u00e1n seguir en <strong>Radio MARCA.<\/strong><\/p>\n<p>Lista de los equipos para la Final a 8 Copa Davis 2025<\/p>\n<p data-mrf-recirculation=\"Links P\u00e1rrafos\" class=\"ue-c-article__paragraph paragraph\"><strong>FRANCIA<\/strong><br \/>\u200bUgo Humbert<br \/>Arthur Rinderknech<br \/>Benjamin Bonzi<br \/>Pierre-Hugues Herbert<br \/><strong>Capit\u00e1n<\/strong>: Paul-Henri Mathieu<br \/>\u200b<br \/>\u200b<strong>B\u00c9LGICA<\/strong><\/p>\n<p>Zizou Bergs<br \/>Raphael Collignon<br \/>Alexander Blockx<br \/>Sander Gille<br \/>Joran Vliegen<br \/><strong>Capit\u00e1n<\/strong>: Steve Darcis<\/p>\n<p><strong>ITALIA<\/strong><br \/>Lorenzo Musetti<br \/>Flavio Cobolli<br \/>Matteo Berrettini<br \/>Simone Bolelli<br \/>Andrea Vavassori<br \/><strong>Capit\u00e1n<\/strong>: Filippo Volandri<\/p>\n<p><strong>AUSTRIA<\/strong><br \/>Filip Misolic<br \/>Jurij Rodionov<br \/>Lukas Neumayer<br \/>Lucas Miedler<br \/>Alexander Erler<br \/><strong>Capit\u00e1n<\/strong>: Jurgen Melzer<\/p>\n<p><strong>ESPA\u00d1A<\/strong><br \/>Carlos Alcaraz<br \/>Jaume Munar<br \/>Pedro Mart\u00ednez<br \/>Marcel Granollers<br \/><strong>Capit\u00e1n<\/strong>: David Ferrer<\/p>\n<p><strong>CHEQUIA<\/strong><br \/>Jiri Lehecka<br \/>Jakub Mensik<br \/>Tomas Machac<br \/>Vit Kopriva<br \/>Adam Pavlasek<br \/><strong>Capit\u00e1n<\/strong>: Tomas Berdych<br \/>\u200b<br \/>\u200b<strong>ARGENTINA<\/strong><br \/>Francisco Cerundolo<br \/>Tomas Martin Etcheverry<br \/>Francisco Comesana<br \/>Horacio Zeballos<br \/>Andres Molteni<br \/><strong>Capit\u00e1n<\/strong>: Javier Frana<br \/>\u200b<br \/>\u200b<strong>ALEMANIA<\/strong><br \/>\u200bAlexander Zverev<br \/>Jan-Lennard Struff<br \/>Yannick Hanfmann<br \/>Kevin Krawietz<br \/>Tim Puetz<br \/><strong>Capit\u00e1n<\/strong>: \u200bMichael Kohlmann<\/p>\n","protected":false},"excerpt":{"rendered":"La Copa Davis\u00a02025 llega a su desenlace. Bolonia acoge la Final a 8 del 18 al 23 de&hellip;\n","protected":false},"author":2,"featured_media":233917,"comment_status":"","ping_status":"","sticky":false,"template":"","format":"standard","meta":{"footnotes":""},"categories":[274],"tags":[168,25,24,23,167,327,326],"class_list":{"0":"post-233916","1":"post","2":"type-post","3":"status-publish","4":"format-standard","5":"has-post-thumbnail","7":"category-tenis","8":"tag-deportes","9":"tag-es","10":"tag-espana","11":"tag-spain","12":"tag-sports","13":"tag-tenis","14":"tag-tennis"},"share_on_mastodon":{"url":"https:\/\/pubeurope.com\/@es\/115543041843215064","error":""},"_links":{"self":[{"href":"https:\/\/www.europesays.com\/es\/wp-json\/wp\/v2\/posts\/233916","targetHints":{"allow":["GET"]}}],"collection":[{"href":"https:\/\/www.europesays.com\/es\/wp-json\/wp\/v2\/posts"}],"about":[{"href":"https:\/\/www.europesays.com\/es\/wp-json\/wp\/v2\/types\/post"}],"author":[{"embeddable":true,"href":"https:\/\/www.europesays.com\/es\/wp-json\/wp\/v2\/users\/2"}],"replies":[{"embeddable":true,"href":"https:\/\/www.europesays.com\/es\/wp-json\/wp\/v2\/comments?post=233916"}],"version-history":[{"count":0,"href":"https:\/\/www.europesays.com\/es\/wp-json\/wp\/v2\/posts\/233916\/revisions"}],"wp:featuredmedia":[{"embeddable":true,"href":"https:\/\/www.europesays.com\/es\/wp-json\/wp\/v2\/media\/233917"}],"wp:attachment":[{"href":"https:\/\/www.europesays.com\/es\/wp-json\/wp\/v2\/media?parent=233916"}],"wp:term":[{"taxonomy":"category","embeddable":true,"href":"https:\/\/www.europesays.com\/es\/wp-json\/wp\/v2\/categories?post=233916"},{"taxonomy":"post_tag","embeddable":true,"href":"https:\/\/www.europesays.com\/es\/wp-json\/wp\/v2\/tags?post=233916"}],"curies":[{"name":"wp","href":"https:\/\/api.w.org\/{rel}","templated":true}]}}