{"id":233926,"date":"2025-11-13T15:23:15","date_gmt":"2025-11-13T15:23:15","guid":{"rendered":"https:\/\/www.europesays.com\/es\/233926\/"},"modified":"2025-11-13T15:23:15","modified_gmt":"2025-11-13T15:23:15","slug":"cuando-los-medios-hablabais-de-la-catedral-pense-que-habiamos-acertado","status":"publish","type":"post","link":"https:\/\/www.europesays.com\/es\/233926\/","title":{"rendered":"Cuando los medios hablabais de la \u2018Catedral\u2019, pens\u00e9 que hab\u00edamos acertado"},"content":{"rendered":"<p>En la \u00faltima d\u00e9cada,\u00a0<strong><a href=\"https:\/\/www.arquitecturaydiseno.es\/arquitectura\/descubre-seis-estadios-de-futbol-que-ya-son-iconos-o-lo-seran-pronto-de-la-arquitectura-contemporanea_10267\" rel=\"nofollow noopener\" target=\"_blank\">los estadios de f\u00fatbol<\/a><\/strong> han dejado de ser simples recintos deportivos para convertirse en aut\u00e9nticos hitos arquitect\u00f3nicos. Son <strong>nuevas catedrales urbanas <\/strong>donde la ingenier\u00eda, el dise\u00f1o y la experiencia colectiva se encuentran. Grandes nombres de l<strong>a arquitectura internacional<\/strong> trabajan ya en este tipo de infraestructuras, conscientes de su enorme impacto cultural y urbano: desde <a href=\"https:\/\/www.arquitecturaydiseno.es\/arquitectura\/norman-foster-estadio-manchester-united_12639\" rel=\"nofollow noopener\" target=\"_blank\">el nuevo estadio del Manchester United<\/a> \u2014un proyecto que implicar\u00e1 a firmas como<strong> Foster + Partners<\/strong>\u2014 hasta las renovaciones de grandes coliseos europeos que aspiran a redefinir la relaci\u00f3n entre deporte, ciudad y comunidad.<\/p>\n<p>En ese contexto global, el <strong>nuevo San Mam\u00e9s<\/strong> destaca como uno de los ejemplos m\u00e1s brillantes. No solo elev\u00f3 el list\u00f3n arquitect\u00f3nico en Espa\u00f1a, sino que demostr\u00f3 que un estadio puede ser sostenible, emocional y profundamente conectado con la identidad de una ciudad. Para <strong>C\u00e9sar Azc\u00e1rate<\/strong>, <strong>arquitecto de IDOM<\/strong>, hubo un momento que confirm\u00f3 que todo ese esfuerzo hab\u00eda merecido la pena: <strong>\u201cCuando los medios hablabais de la \u2018Catedral\u2019, me hizo pensar: hemos acertado<\/strong>\u00ab<strong>, <\/strong>declaraba para AS.<\/p>\n<p>El nuevo estadio del San Mam\u00e9s: un s\u00edmbolo del f\u00fatbol y de la arquitectura contempor\u00e1nea<\/p>\n<p><strong>El nuevo San Mam\u00e9s<\/strong> no es solo un estadio: es un s\u00edmbolo urbano, emocional y cultural. Finalizado en 2015 y levantado pr\u00e1cticamente sobre <strong>la huella del estadio original de 1913,<\/strong> el proyecto tuvo que equilibrar tres ambiciones complejas: actualizar una infraestructura deportiva a nivel internacional, integrarla en el coraz\u00f3n de Bilbao y preservar la identidad que durante d\u00e9cadas convirti\u00f3<strong> al campo del Athletic en &#8216;La Catedral del f\u00fatbol&#8217;.<\/strong><\/p>\n<p>&#13;<img loading=\"lazy\" decoding=\"async\"   src=\"https:\/\/www.europesays.com\/es\/wp-content\/uploads\/2025\/11\/interior-del-estadio-de-san-mames_5fc07608_251113105809_1080x1349.webp.webp\" alt=\"Interior del estadio de San Mam\u00e9s.\" class=\"lazyload\" width=\"1080\" height=\"1349\" data-aspectratio=\"1080\/1349\"\/> <\/p>\n<p>Para evitar que <strong>el Athletic Club<\/strong> dejara de competir en casa, la obra se realiz\u00f3 en dos fases. Primero se levantaron tres grader\u00edos, lo que permiti\u00f3 el traslado del equipo en 2013; despu\u00e9s <strong>se demoli\u00f3 el estadio antiguo para completar el nuevo fondo Este<\/strong>. Un reto log\u00edstico y sentimental que marc\u00f3 la filosof\u00eda del proyecto.<\/p>\n<p>La ubicaci\u00f3n, junto a la r\u00eda del Nervi\u00f3n y al final del ensanche bilba\u00edno, convierte al estadio en un hito reconocible desde m\u00faltiples puntos. Pero m\u00e1s all\u00e1 del impacto visual, el prop\u00f3sito fue crear un edificio que activara el entorno. Por eso, bajo uno de los grader\u00edos se <strong>integra un polideportivo p\u00fablico<\/strong>, y los amplios espacios de circulaci\u00f3n que rodean el estadio se conciben como lugares de tr\u00e1nsito amable, casi plazas elevadas donde la ciudad respira.<\/p>\n<p><a href=\"https:\/\/www.arquitecturaydiseno.es\/arquitectura\/arquitecto-analiza-nuevo-camp-nou-es-estadio-que-se-quedara-obsoleto-pocos-anos_12624\" data-ga4_event=\"custom_event\" data-ga4_event_name=\"click_intext\" data-ga4_link_url=\"https:\/\/www.arquitecturaydiseno.es\/arquitectura\/arquitecto-analiza-nuevo-camp-nou-es-estadio-que-se-quedara-obsoleto-pocos-anos_12624\" data-ga4_link_text=\"ignacio_morente_arquitecto_el_nuevo_camp_nou_quedara_obsoleto_en_pocos_anos\" data-ga4_content_type=\"photo\" data-ga4_element=\"related\" rel=\"nofollow noopener\" target=\"_blank\">&#13;&#13;<img loading=\"lazy\" decoding=\"async\" src=\"https:\/\/www.europesays.com\/es\/wp-content\/uploads\/2025\/11\/1762532532_60_nueva-propuesta-del-camp-nou_8b20d49a_251105120039_600x600.webp.webp\" alt=\"Nueva propuesta del Camp Nou\" class=\"lazyload\" width=\"600\" height=\"600\" data-aspectratio=\"600\/600\"\/>&#13;&#13;<\/p>\n<p class=\"epigraph\">&#13;Noticia relacionada<\/p>\n<p class=\"title\">Ignacio Morente, arquitecto: \u00abEl nuevo Camp Nou quedar\u00e1 obsoleto en pocos a\u00f1os\u00bb<\/p>\n<p><\/a><\/p>\n<p><strong>La fachada <\/strong>\u2014permeable, semitransparente y compuesta por paneles torsionados de ETFE\u2014 es la <strong>gran se\u00f1a de identidad.<\/strong> Durante el d\u00eda tamiza la luz y multiplica los reflejos; de noche, gracias a un sistema LED din\u00e1mico, convierte al estadio en un faro urbano que puede te\u00f1irse de blanco, rojo o cualquier combinaci\u00f3n luminosa. Un ritual que cada noche, entre las 20:00 y las 20:30 en invierno (22:00 a 22:30 en verano),<strong> ilumina Bilbao.<\/strong><\/p>\n<p>Un estadio que conserva el alma del antiguo campo de f\u00fatbol<\/p>\n<p data-end=\"3857\" data-start=\"3411\">Uno de los grandes objetivos fue conservar la atm\u00f3sfera del San Mam\u00e9s original. Por ello, el <strong>nuevo estadio mantiene las mismas dimensiones del c\u00e9sped (105 x 68 m) <\/strong>y la distancia m\u00ednima entre la grada y el campo, decisiva para conservar el famoso \u201cefecto presi\u00f3n\u201d. Adem\u00e1s, el terreno de juego <strong>se hunde 7,8 metros respecto a la calle, <\/strong>reduciendo la altura exterior del edificio y permitiendo un acceso fluido y sin barreras a las gradas inferiores.<\/p>\n<p data-end=\"3857\" data-start=\"3411\">&#13;<img loading=\"lazy\" decoding=\"async\"   src=\"https:\/\/www.europesays.com\/es\/wp-content\/uploads\/2025\/11\/exterior-del-estadio-de-san-mames_17f77466_251113105508_900x589.webp.webp\" alt=\"Exterior del estadio de San Mam\u00e9s.\" class=\"lazyload\" width=\"900\" height=\"589\" data-aspectratio=\"900\/589\"\/> <\/p>\n<p data-end=\"4197\" data-start=\"3859\">Los grader\u00edos se han construido con la m\u00e1xima pendiente permitida, acercando visual y emocionalmente a los aficionados al partido. La cubierta, formada por cojines de ETFE blanco sostenidos por potentes cerchas met\u00e1licas radiales, garantiza u<strong>na experiencia confortable en cualquier condici\u00f3n clim\u00e1tica<\/strong> y amplifica la ac\u00fastica del estadio. <strong>\u201cSan Mam\u00e9s deb\u00eda seguir latiendo como siempre,<\/strong> pero con una arquitectura que mirara al futuro\u201d, se\u00f1ala Azc\u00e1rate.\u00a0<\/p>\n<p>&#13;<img loading=\"lazy\" decoding=\"async\"   src=\"https:\/\/www.europesays.com\/es\/wp-content\/uploads\/2025\/11\/zona-vip-del-estadio-del-athletic-club_9e01e672_251113105356_2000x1125.webp.webp\" alt=\"Zona VIP del estadio del Athletic Club.\" class=\"lazyload\" width=\"2000\" height=\"1125\" data-aspectratio=\"2000\/1125\"\/> <a href=\"https:\/\/www.arquitecturaydiseno.es\/arquitectura\/cuando-acaban-obras-del-bernabeu-claves-mejor-estadio-mundo_8844\" data-ga4_event=\"custom_event\" data-ga4_event_name=\"click_intext\" data-ga4_link_url=\"https:\/\/www.arquitecturaydiseno.es\/arquitectura\/cuando-acaban-obras-del-bernabeu-claves-mejor-estadio-mundo_8844\" data-ga4_link_text=\"cuando_acaban_las_obras_del_bernabeu_y_las_claves_arquitectonicas_del_que_sera_el_mejor_estadio_del_mundo\" data-ga4_content_type=\"photo\" data-ga4_element=\"related\" rel=\"nofollow noopener\" target=\"_blank\">&#13;&#13;<img loading=\"lazy\" decoding=\"async\" src=\"https:\/\/www.europesays.com\/es\/wp-content\/uploads\/2025\/11\/nuevo-estadio_59d7eb59_230521194700_600x600.jpg\" alt=\"nuevo estadio\" class=\"lazyload\" width=\"600\" height=\"600\" data-aspectratio=\"600\/600\"\/>&#13;&#13;<\/p>\n<p class=\"epigraph\">&#13;Noticia relacionada<\/p>\n<p class=\"title\">Cu\u00e1ndo acaban las obras del Bernab\u00e9u y las claves arquitect\u00f3nicas del que ser\u00e1 \u00abel mejor estadio del mundo\u00bb<\/p>\n<p><\/a><\/p>\n<p data-end=\"4197\" data-start=\"3859\">El interior del estadio incluye <strong>amplias zonas de restauraci\u00f3n<\/strong>, palcos VIP, \u00e1reas premium, espacios de ocio, museo, tienda oficial y salas de reuniones. Esto permite que San Mam\u00e9s sea <strong>un edificio activo los siete d\u00edas de la semana,<\/strong> no un recinto que despierta solo en los partidos. Su dise\u00f1o, adem\u00e1s, ha sido ampliamente publicado y fotografiado \u2014especialmente por Aitor Ortiz\u2014, situ\u00e1ndolo en <strong>el panorama internacional de la arquitectura contempor\u00e1nea.<\/strong><\/p>\n","protected":false},"excerpt":{"rendered":"En la \u00faltima d\u00e9cada,\u00a0los estadios de f\u00fatbol han dejado de ser simples recintos deportivos para convertirse en aut\u00e9nticos&hellip;\n","protected":false},"author":2,"featured_media":233927,"comment_status":"","ping_status":"","sticky":false,"template":"","format":"standard","meta":{"footnotes":""},"categories":[173],"tags":[229,233,231,230,232,234,146,147,25,24,23],"class_list":{"0":"post-233926","1":"post","2":"type-post","3":"status-publish","4":"format-standard","5":"has-post-thumbnail","7":"category-arte-y-diseno","8":"tag-arte","9":"tag-arte-y-diseno","10":"tag-arts","11":"tag-arts-and-design","12":"tag-design","13":"tag-diseno","14":"tag-entertainment","15":"tag-entretenimiento","16":"tag-es","17":"tag-espana","18":"tag-spain"},"share_on_mastodon":{"url":"https:\/\/pubeurope.com\/@es\/115543081696540920","error":""},"_links":{"self":[{"href":"https:\/\/www.europesays.com\/es\/wp-json\/wp\/v2\/posts\/233926","targetHints":{"allow":["GET"]}}],"collection":[{"href":"https:\/\/www.europesays.com\/es\/wp-json\/wp\/v2\/posts"}],"about":[{"href":"https:\/\/www.europesays.com\/es\/wp-json\/wp\/v2\/types\/post"}],"author":[{"embeddable":true,"href":"https:\/\/www.europesays.com\/es\/wp-json\/wp\/v2\/users\/2"}],"replies":[{"embeddable":true,"href":"https:\/\/www.europesays.com\/es\/wp-json\/wp\/v2\/comments?post=233926"}],"version-history":[{"count":0,"href":"https:\/\/www.europesays.com\/es\/wp-json\/wp\/v2\/posts\/233926\/revisions"}],"wp:featuredmedia":[{"embeddable":true,"href":"https:\/\/www.europesays.com\/es\/wp-json\/wp\/v2\/media\/233927"}],"wp:attachment":[{"href":"https:\/\/www.europesays.com\/es\/wp-json\/wp\/v2\/media?parent=233926"}],"wp:term":[{"taxonomy":"category","embeddable":true,"href":"https:\/\/www.europesays.com\/es\/wp-json\/wp\/v2\/categories?post=233926"},{"taxonomy":"post_tag","embeddable":true,"href":"https:\/\/www.europesays.com\/es\/wp-json\/wp\/v2\/tags?post=233926"}],"curies":[{"name":"wp","href":"https:\/\/api.w.org\/{rel}","templated":true}]}}