{"id":233930,"date":"2025-11-13T15:26:10","date_gmt":"2025-11-13T15:26:10","guid":{"rendered":"https:\/\/www.europesays.com\/es\/233930\/"},"modified":"2025-11-13T15:26:10","modified_gmt":"2025-11-13T15:26:10","slug":"raphael-recibe-el-premio-a-la-persona-del-ano-2025-por-la-academia-que-otorga-los-latin-grammy","status":"publish","type":"post","link":"https:\/\/www.europesays.com\/es\/233930\/","title":{"rendered":"Raphael recibe el premio a la \u00abPersona del a\u00f1o 2025\u00bb por la Academia que otorga los Latin Grammy"},"content":{"rendered":"<p>      CNN Espa\u00f1ol<br \/>\n        \u00a0\u2014\u00a0<\/p>\n<p class=\"paragraph inline-placeholder vossi-paragraph\" data-uri=\"es.cms.cnn.com\/_components\/paragraph\/instances\/cmhxdnzp6000r27qa94k65bwi@published\" data-editable=\"text\" data-component-name=\"paragraph\" data-article-gutter=\"true\">\n            El cantante espa\u00f1ol Raphael, de 82 a\u00f1os, recibi\u00f3 el mi\u00e9rcoles el premio de \u201cPersona del a\u00f1o 2025\u201d en Las Vegas, Nevada, de parte de la Academia Latina de Grabaci\u00f3n que entrega los Latin Grammy, en reconocimiento a sus m\u00e1s de seis d\u00e9cadas de carrera.\n    <\/p>\n<p class=\"paragraph inline-placeholder vossi-paragraph\" data-uri=\"es.cms.cnn.com\/_components\/paragraph\/instances\/cmhxdo5710000356nkpkvl12x@published\" data-editable=\"text\" data-component-name=\"paragraph\" data-article-gutter=\"true\">\n            El evento se realiz\u00f3 en el Centro de Convenciones del Mandala Bay en Las Vegas y forma parte de las celebraciones de entrega de los premios Latin Grammy que se estregan este jueves en el Gran Garden Arena de Las Vegas a las 8:00 p.m., hora de Miami.\n    <\/p>\n<p class=\"paragraph inline-placeholder vossi-paragraph\" data-uri=\"es.cms.cnn.com\/_components\/paragraph\/instances\/cmhxe7amc000g356nemlydida@published\" data-editable=\"text\" data-component-name=\"paragraph\" data-article-gutter=\"true\">\n            Estrellas de la m\u00fasica como Enrique Bunbury, Marco Antonio Sol\u00eds, Fito P\u00e1ez, Susana Baca y Willy Chirino, entre muchos otros, estuvieron presentes en la gala que homenaje\u00f3 al legendario cantante espa\u00f1ol.\n    <\/p>\n<p>       <img decoding=\"async\" src=\"https:\/\/www.europesays.com\/es\/wp-content\/uploads\/2025\/11\/gettyimages-2246468060-594x594.jpg\" alt=\"Eddy Herrera, N\u00e9stor Torres, V\u00edctor Manuelle, el homenajeado Raphael y Willy Chirino se presentan durante la ceremonia \" persona=\"\" del=\"\" a=\"\" de=\"\" la=\"\" academia=\"\" latina=\"\" grabaci=\"\" en=\"\" honor=\"\" raphael=\"\" el=\"\" noviembre=\"\" las=\"\" vegas=\"\" nevada.=\"\" class=\"image__dam-img image__dam-img--loading\" onload=\"this.classList.remove('image__dam-img--loading')\" onerror=\"imageLoadError(this)\" height=\"396\" width=\"594\" loading=\"lazy\"\/><\/p>\n<p class=\"paragraph inline-placeholder vossi-paragraph\" data-uri=\"es.cms.cnn.com\/_components\/paragraph\/instances\/cmhxe3l6h000c356nm6nw5ybc@published\" data-editable=\"text\" data-component-name=\"paragraph\" data-article-gutter=\"true\">\n            \u201cNos sentimos tremendamente orgullosos de rendir este merecido homenaje a Raphael por una carrera art\u00edstica ejemplar que ha trascendido fronteras e idiomas\u201d, dijo Manuel Abud, CEO de la Academia Latina de la Grabaci\u00f3n, en un <a href=\"https:\/\/www.latingrammy.com\/en\/NEWS\/artists-perform-at-the-2025-latin-recording-academy-person-of-the-year-gala-honoring-raphael\" target=\"_blank\" rel=\"nofollow noopener\">comunicado<\/a>. \u201cSu estilo inconfundible, resiliencia y constante reinvenci\u00f3n lo han mantenido vigente a lo largo de las d\u00e9cadas, convirti\u00e9ndolo en una fuente de inspiraci\u00f3n para las nuevas generaciones de creadores de m\u00fasica latina\u201d.\n    <\/p>\n<p class=\"paragraph inline-placeholder vossi-paragraph\" data-uri=\"es.cms.cnn.com\/_components\/paragraph\/instances\/cmhxefifq0017356n3zu5ag8m@published\" data-editable=\"text\" data-component-name=\"paragraph\" data-article-gutter=\"true\">\n            \u201cMe siento profundamente agradecido con la Academia Latina de la Grabaci\u00f3n por este reconocimiento con el que he so\u00f1ado durante muchos a\u00f1os. Ser nombrado \u2018Persona del a\u00f1o\u2019 me emociona enormemente; es la mejor manera de celebrar tantos a\u00f1os de dedicaci\u00f3n y amor por la m\u00fasica\u201d, dijo Raphael antes de la gala en una <a href=\"https:\/\/www.latingrammy.com\/en\/NEWS\/artists-perform-at-the-2025-latin-recording-academy-person-of-the-year-gala-honoring-raphael\" target=\"_blank\" rel=\"nofollow noopener\">declaraci\u00f3n de prensa<\/a>. \u201cGracias al p\u00fablico que siempre ha estado a mi lado, a mis queridos colegas y a toda la industria musical. Es un honor que siempre llevar\u00e9 en mi coraz\u00f3n. Espero reencontrarme con todos en noviembre para celebrar juntos y devolver todo ese cari\u00f1o a trav\u00e9s de las canciones. Un gran abrazo y mi m\u00e1s sincero agradecimiento\u201d.\n    <\/p>\n<p class=\"paragraph inline-placeholder vossi-paragraph\" data-uri=\"es.cms.cnn.com\/_components\/paragraph\/instances\/cmhxexwju0002356nys8laszu@published\" data-editable=\"text\" data-component-name=\"paragraph\" data-article-gutter=\"true\">\n             Rafael Martos, conocido art\u00edsticamente como Raphael, naci\u00f3 en Linares, Espa\u00f1a, en 1943. Criado en Madrid, descubri\u00f3 su pasi\u00f3n a los cuatro a\u00f1os y, a los nueve, gan\u00f3 el premio a la Mejor Voz Infantil de Europa en el prestigioso Festival de Salzburgo. Alcanz\u00f3 el reconocimiento internacional tras representar a Espa\u00f1a en el Festival de Eurovisi\u00f3n con \u201cYo soy aqu\u00e9l\u201d (1966) y \u201cHablemos del amor\u201d (1967), y actuar en el legendario \u201cThe Ed Sullivan Show\u201d en 1970, entre otros programas de gran prestigio.\n    <\/p>\n<p class=\"paragraph inline-placeholder vossi-paragraph\" data-uri=\"es.cms.cnn.com\/_components\/paragraph\/instances\/cmhxeeh260015356nzd3xqgwp@published\" data-editable=\"text\" data-component-name=\"paragraph\" data-article-gutter=\"true\">\n            El reconocimiento \u201cPersona del a\u00f1o\u201d de la Academia Latina de la Grabaci\u00f3n honra a m\u00fasicos y sus logros art\u00edsticos en la industria de la m\u00fasica latina, as\u00ed como sus labores humanitarias.\n    <\/p>\n<p class=\"paragraph inline-placeholder vossi-paragraph\" data-uri=\"es.cms.cnn.com\/_components\/paragraph\/instances\/cmhxeyfef0004356npp6pkbwz@published\" data-editable=\"text\" data-component-name=\"paragraph\" data-article-gutter=\"true\">\n            Los homenajeados anteriores son Carlos Vives (2024), Laura Pausini (2023), Marco Antonio Sol\u00eds (2022), Rub\u00e9n Blades (2021), Juanes (2019), Man\u00e1 (2018), Alejandro Sanz (2017), Marc Anthony (2016), Roberto Carlos (2015), Joan Manuel Serrat (2014), Miguel Bos\u00e9 (2013), Caetano Veloso (2012), Shakira (2011), Pl\u00e1cido Domingo (2010), Juan Gabriel (2009), Gloria Estefan (2008), Juan Luis Guerra (2007), Ricky Martin (2006), Jos\u00e9 Jos\u00e9 (2005), Carlos Santana (2004), Gilberto Gil (2003), Vicente Fern\u00e1ndez (2002), Julio Iglesias (2001) y Emilio Estefan (2000).\n    <\/p>\n","protected":false},"excerpt":{"rendered":"CNN Espa\u00f1ol \u00a0\u2014\u00a0 El cantante espa\u00f1ol Raphael, de 82 a\u00f1os, recibi\u00f3 el mi\u00e9rcoles el premio de \u201cPersona del&hellip;\n","protected":false},"author":2,"featured_media":233931,"comment_status":"","ping_status":"","sticky":false,"template":"","format":"standard","meta":{"footnotes":""},"categories":[170],"tags":[146,147,25,24,150,17870,184,185,24243,23],"class_list":{"0":"post-233930","1":"post","2":"type-post","3":"status-publish","4":"format-standard","5":"has-post-thumbnail","7":"category-musica","8":"tag-entertainment","9":"tag-entretenimiento","10":"tag-es","11":"tag-espana","12":"tag-instanoticias","13":"tag-latin-grammy","14":"tag-music","15":"tag-musica","16":"tag-raphael","17":"tag-spain"},"share_on_mastodon":{"url":"https:\/\/pubeurope.com\/@es\/115543093106668257","error":""},"_links":{"self":[{"href":"https:\/\/www.europesays.com\/es\/wp-json\/wp\/v2\/posts\/233930","targetHints":{"allow":["GET"]}}],"collection":[{"href":"https:\/\/www.europesays.com\/es\/wp-json\/wp\/v2\/posts"}],"about":[{"href":"https:\/\/www.europesays.com\/es\/wp-json\/wp\/v2\/types\/post"}],"author":[{"embeddable":true,"href":"https:\/\/www.europesays.com\/es\/wp-json\/wp\/v2\/users\/2"}],"replies":[{"embeddable":true,"href":"https:\/\/www.europesays.com\/es\/wp-json\/wp\/v2\/comments?post=233930"}],"version-history":[{"count":0,"href":"https:\/\/www.europesays.com\/es\/wp-json\/wp\/v2\/posts\/233930\/revisions"}],"wp:featuredmedia":[{"embeddable":true,"href":"https:\/\/www.europesays.com\/es\/wp-json\/wp\/v2\/media\/233931"}],"wp:attachment":[{"href":"https:\/\/www.europesays.com\/es\/wp-json\/wp\/v2\/media?parent=233930"}],"wp:term":[{"taxonomy":"category","embeddable":true,"href":"https:\/\/www.europesays.com\/es\/wp-json\/wp\/v2\/categories?post=233930"},{"taxonomy":"post_tag","embeddable":true,"href":"https:\/\/www.europesays.com\/es\/wp-json\/wp\/v2\/tags?post=233930"}],"curies":[{"name":"wp","href":"https:\/\/api.w.org\/{rel}","templated":true}]}}