{"id":23395,"date":"2025-08-03T18:57:09","date_gmt":"2025-08-03T18:57:09","guid":{"rendered":"https:\/\/www.europesays.com\/es\/23395\/"},"modified":"2025-08-03T18:57:09","modified_gmt":"2025-08-03T18:57:09","slug":"urko-musica-metal-urko-grupo-compostelano-referente-del-metal-en-galicia-anuncia-nuevo-disco","status":"publish","type":"post","link":"https:\/\/www.europesays.com\/es\/23395\/","title":{"rendered":"URKO M\u00daSICA METAL | Urko, grupo compostelano referente del metal en Galicia, anuncia nuevo disco"},"content":{"rendered":"<p class=\"ft-text\"><strong>Urko, grupo compostelano que est\u00e1 entre los referentes del rock rudo y el sonido metal en Galicia,<\/strong> ultiman la grabaci\u00f3n de un nuevo disco que prev\u00e9n lanzar durante el pr\u00f3ximo oto\u00f1o en fecha por concretar. El \u00e1lbum de este tr\u00edo de <a class=\"ft-link ft-link--decoration\" href=\"https:\/\/www.elcorreogallego.es\/santiago\/\" rel=\"nofollow noopener\" target=\"_blank\">Santiago<\/a> ya est\u00e1 en el horno.<\/p>\n<p>Pistas del disco<\/p>\n<p class=\"ft-text\"><strong> \u00abQuedan por gravar voces e imos aos poucos\u00bb, se\u00f1ala a <\/strong><a class=\"ft-link ft-link--decoration\" href=\"https:\/\/www.elcorreogallego.es\/\" rel=\"nofollow noopener\" target=\"_blank\"><strong>EL CORREO GALLEGO<\/strong><\/a><strong>, su vocalista y l\u00edder Mario C\u00e9sar Vila, que asume la guitarra y las voces. Completan la banda: Pat (bajo y voces) y Rafa Varela Fulas (bater\u00eda y coros)<\/strong>. \u00abO disco constar\u00e1 de 8 temas, todos propios. Son temas que levamos tocando en concertos en salas ultimamente e precisaban de ser materializados en audio como non poder\u00eda ser doutro xeito\u00bb, a\u00f1ade Vila, un m\u00fasico que pas\u00f3 por bandas como T\u00fazaros, Invivo o Desequilibrio Mental, igual que su compa\u00f1ero bajista estuvo en Medomed\u00e1, Biribirlocke y Fl\u00fae, y el bater\u00eda en Tungsteno y Fl\u00fae.<\/p>\n<p class=\"ft-text\"><strong>Urko son uno de los actuales referentes del metal en Galicia,<\/strong> g\u00e9nero musical reivindicado este mismo a\u00f1o de forma profunda y retrospectiva, por el libro titulado <a class=\"ft-link ft-link--decoration\" href=\"https:\/\/www.elcorreogallego.es\/santiago\/2025\/02\/17\/historia-musica-metal-santiago-resto-114371735.html\" rel=\"nofollow noopener\" target=\"_blank\"><strong> Una historia del metal extremo en Galicia<\/strong><\/a><strong> (Los or\u00edgenes, 1990-1998)<\/strong><strong>, un volumen publicado hace unos meses, escrito por Jorge Fern\u00e1ndez <\/strong>y basado en su tesis doctoral Cum Laude por la Universidad de Vigo.<\/p>\n<p>A\u00f1o con un bolo sonado <\/p>\n<p class=\"ft-text\"><strong>Ese pr\u00f3ximo trabajo de la banda santiaguesa saldr\u00e1 tras uno previo lanzado en 2024, el EP llamado<\/strong><strong> Cap\u00edtulo I: Retorno do Abisal<\/strong><strong>,<\/strong> que fue grabado y producido por ellos mismos con Diego L\u00f3pez, masterizado por Iago Pico en los Estudos Pouland (Ames), con dise\u00f1o de Nando V\u00e1zquez.<\/p>\n<p class=\"ft-text\"><strong>Riffs poderosos y voces desgarradas son el DNI de Urko, un tr\u00edo picheleiro<\/strong> que, a primeros del presente a\u00f1o 2025, actu\u00f3 en la sala Capitol dentro del festival por el noveno aniversario del Inferno Rock Bar, local compostelano situado cerca de la Plaza de San Roque. En esa sonada cita, inicialmente prevista en la Malatesta (sigue cerrada), tocaron junto a <strong>Aphonnic y Su Ta Gar. <\/strong><\/p>\n","protected":false},"excerpt":{"rendered":"Urko, grupo compostelano que est\u00e1 entre los referentes del rock rudo y el sonido metal en Galicia, ultiman&hellip;\n","protected":false},"author":2,"featured_media":23396,"comment_status":"","ping_status":"","sticky":false,"template":"","format":"standard","meta":{"footnotes":""},"categories":[170],"tags":[13526,208,209,146,147,25,24,100,3963,184,185,13527,2450,23,12937],"class_list":{"0":"post-23395","1":"post","2":"type-post","3":"status-publish","4":"format-standard","5":"has-post-thumbnail","7":"category-musica","8":"tag-compostelano","9":"tag-conciertos","10":"tag-cultura","11":"tag-entertainment","12":"tag-entretenimiento","13":"tag-es","14":"tag-espana","15":"tag-grupo","16":"tag-metal","17":"tag-music","18":"tag-musica","19":"tag-referente","20":"tag-santiago","21":"tag-spain","22":"tag-urko"},"share_on_mastodon":{"url":"","error":""},"_links":{"self":[{"href":"https:\/\/www.europesays.com\/es\/wp-json\/wp\/v2\/posts\/23395","targetHints":{"allow":["GET"]}}],"collection":[{"href":"https:\/\/www.europesays.com\/es\/wp-json\/wp\/v2\/posts"}],"about":[{"href":"https:\/\/www.europesays.com\/es\/wp-json\/wp\/v2\/types\/post"}],"author":[{"embeddable":true,"href":"https:\/\/www.europesays.com\/es\/wp-json\/wp\/v2\/users\/2"}],"replies":[{"embeddable":true,"href":"https:\/\/www.europesays.com\/es\/wp-json\/wp\/v2\/comments?post=23395"}],"version-history":[{"count":0,"href":"https:\/\/www.europesays.com\/es\/wp-json\/wp\/v2\/posts\/23395\/revisions"}],"wp:featuredmedia":[{"embeddable":true,"href":"https:\/\/www.europesays.com\/es\/wp-json\/wp\/v2\/media\/23396"}],"wp:attachment":[{"href":"https:\/\/www.europesays.com\/es\/wp-json\/wp\/v2\/media?parent=23395"}],"wp:term":[{"taxonomy":"category","embeddable":true,"href":"https:\/\/www.europesays.com\/es\/wp-json\/wp\/v2\/categories?post=23395"},{"taxonomy":"post_tag","embeddable":true,"href":"https:\/\/www.europesays.com\/es\/wp-json\/wp\/v2\/tags?post=23395"}],"curies":[{"name":"wp","href":"https:\/\/api.w.org\/{rel}","templated":true}]}}