{"id":233957,"date":"2025-11-13T15:45:20","date_gmt":"2025-11-13T15:45:20","guid":{"rendered":"https:\/\/www.europesays.com\/es\/233957\/"},"modified":"2025-11-13T15:45:20","modified_gmt":"2025-11-13T15:45:20","slug":"carme-chaparro-se-somete-a-dos-operaciones-en-15-dias-dos-estancias-largas-y-complicadas-gente","status":"publish","type":"post","link":"https:\/\/www.europesays.com\/es\/233957\/","title":{"rendered":"Carme Chaparro se somete a dos operaciones en 15 d\u00edas: \u201cDos estancias largas y complicadas\u201d | Gente"},"content":{"rendered":"<p class=\"\">La presentadora y periodista <a href=\"https:\/\/elpais.com\/cultura\/2024-07-27\/carme-chaparro-me-daba-pavor-volver-a-la-television-y-que-me-viesen-como-una-senora.html\" target=\"_blank\" rel=\"nofollow noopener\" title=\"https:\/\/elpais.com\/cultura\/2024-07-27\/carme-chaparro-me-daba-pavor-volver-a-la-television-y-que-me-viesen-como-una-senora.html\">Carme Chaparro<\/a> (Salamanca, 52 a\u00f1os) sigue lidiando con una enfermedad que, aunque no ha especificado cu\u00e1l es, los m\u00e9dicos le advirtieron de que hab\u00eda un peligro importante de que ocurriera algo muy grave. Una enfermedad que la ha alejado de la televisi\u00f3n desde hace meses y que la llev\u00f3 a caer en un sitio muy oscuro, <a href=\"https:\/\/elpais.com\/gente\/2025-11-02\/carme-chaparro-he-visto-a-muchas-companeras-llorar-en-los-banos-de-la-tele.html\" target=\"_blank\" rel=\"noreferrer nofollow noopener\" title=\"https:\/\/elpais.com\/gente\/2025-11-02\/carme-chaparro-he-visto-a-muchas-companeras-llorar-en-los-banos-de-la-tele.html\">seg\u00fan cont\u00f3 recientemente a EL PA\u00cdS,<\/a> en lo que ha trabajado mucho con la ayuda de un psiquiatra y un psic\u00f3logo. Lo que s\u00ed ha compartido es que se ha sometido a dos operaciones en un transcurso de menos de 15 d\u00edas. <\/p>\n<p class=\"\">En su perfil de <a href=\"https:\/\/www.instagram.com\/carmechaparro\/?hl=es\" target=\"_blank\" rel=\"nofollow noopener\" title=\"https:\/\/www.instagram.com\/carmechaparro\/?hl=es\">Instagram<\/a>, donde acumula m\u00e1s de 175.000 seguidores, publicaba este mi\u00e9rcoles un v\u00eddeo de su brazo con la v\u00eda intravenosa en una cama del hospital. \u201cDos pasos duros por quir\u00f3fano en pocos d\u00edas. Dos estancias largas y complicadas en la rea [la unidad de reanimaci\u00f3n]\u2026 pero siempre la sonrisa, las caricias, los desvelos y los cuidados de los sanitarios que se dejan el alma, la piel y su bienestar para conseguir que sanemos incluso cuando se nos quiere ir el alma\u00bb, comparte en su mensaje. <\/p>\n<p>M\u00e1s informaci\u00f3n<\/p>\n<p class=\"\">Tambi\u00e9n aprovecha su post para hacer un alegato en favor de la sanidad p\u00fablica, y por qu\u00e9 llevaba casi dos semanas sin publicar en redes sociales: \u201cYa en planta. Abro el m\u00f3vil desde hace muuuucho y tengo muuuuchos mensajes de cari\u00f1o. Pero estoy sin pantallas por consejo m\u00e9dico y unos dolores que me atraviesan. Ya os lo contar\u00e9. Un d\u00eda m\u00e1s. Un d\u00eda menos. Volver\u00e9. Sanidad P\u00fablica!!!!! Y perd\u00f3n por no contestar. Ni a los WhatsApp\u201d. <\/p>\n<p class=\"\">La \u00faltima publicaci\u00f3n antes de este v\u00eddeo en su Instagram es precisamente una foto de su brazo con una v\u00eda publicada el pasado 30 de octubre, d\u00eda de su primera intervenci\u00f3n. \u201cUn d\u00eda m\u00e1s. Un d\u00eda menos\u201d, escr\u00edbia entonces.<\/p>\n<p class=\"\">El pasado 14 de octubre Chaparro present\u00f3 Venganza (Espasa), una novela de thriller que aborda el lado oscuro de los medios de comunicaci\u00f3n. Hace dos semanas, <a href=\"https:\/\/elpais.com\/gente\/2025-11-02\/carme-chaparro-he-visto-a-muchas-companeras-llorar-en-los-banos-de-la-tele.html\" target=\"_blank\" rel=\"nofollow noopener\" title=\"https:\/\/elpais.com\/gente\/2025-11-02\/carme-chaparro-he-visto-a-muchas-companeras-llorar-en-los-banos-de-la-tele.html\">en conversaci\u00f3n con EL PA\u00cdS<\/a> con motivo de la publicaci\u00f3n, se sincer\u00f3 sobre su enfermedad. \u201cVerme en casa, enferma, muy medicada, sin hacer el trabajo que me gusta, me hizo caer en un pozo muy oscuro, un lugar en el que yo no recordaba haber estado nunca y del que gracias a Dios he salido. Bueno, no a Dios, porque yo no creo. M\u00e1s bien gracias a una amiga que llam\u00f3 a un psiquiatra. Y gracias a un marido que me ha sostenido y que se ha ocupado de todo. Mientras yo estaba fuera de juego, \u00e9l se ocup\u00f3 de las ni\u00f1as [tiene dos hijas], pon\u00eda la lavadora, sacaba al perro&#8230; Ahora entiendo cuando <a href=\"https:\/\/elpais.com\/ciencia\/2025-10-15\/salvador-guinjoan-psiquiatra-un-tercio-de-los-pacientes-con-depresion-no-mejora-con-las-medidas-habituales-ahi-aparece-el-ultrasonido.html\" rel=\"nofollow noopener\" title=\"https:\/\/elpais.com\/ciencia\/2025-10-15\/salvador-guinjoan-psiquiatra-un-tercio-de-los-pacientes-con-depresion-no-mejora-con-las-medidas-habituales-ahi-aparece-el-ultrasonido.html\" target=\"_blank\">los pacientes con depresi\u00f3n<\/a> dicen que ven la vida en blanco y negro y que no son capaces ni de ir al ba\u00f1o cuando tienen pis. Yo vengo de ah\u00ed\u201d, explicaba. <\/p>\n<p class=\"\">La enfermedad no le ha permitido hacer una de las cosas que m\u00e1s le gusta: escribir. Pero Chaparro ha dejado claro que su cese es solo temporal y que despu\u00e9s de la rehabilitaci\u00f3n se pondr\u00e1 a trabajar. \u201cMe da rabia porque para m\u00ed escribir es una terapia. Me da rabia haber estado tan medicada y tan triste y no haber podido utilizar la escritura como un bal\u00f3n de ox\u00edgeno\u201d, contaba en la entrevista. \u201cLa tele es fascinante y me encanta. Sue\u00f1o con volver\u201d, a\u00f1ad\u00eda.<\/p>\n<p><script async src=\"\/\/www.instagram.com\/embed.js\"><\/script><\/p>\n","protected":false},"excerpt":{"rendered":"La presentadora y periodista Carme Chaparro (Salamanca, 52 a\u00f1os) sigue lidiando con una enfermedad que, aunque no ha&hellip;\n","protected":false},"author":2,"featured_media":233958,"comment_status":"","ping_status":"","sticky":false,"template":"","format":"standard","meta":{"footnotes":""},"categories":[174],"tags":[255,146,147,25,24,256,260,955,4041,10758,17109,23,807],"class_list":{"0":"post-233957","1":"post","2":"type-post","3":"status-publish","4":"format-standard","5":"has-post-thumbnail","7":"category-famosos","8":"tag-celebrities","9":"tag-entertainment","10":"tag-entretenimiento","11":"tag-es","12":"tag-espana","13":"tag-famosos","14":"tag-gente","15":"tag-mediaset","16":"tag-periodistas","17":"tag-presentadores-television","18":"tag-sanidad-publica","19":"tag-spain","20":"tag-television"},"share_on_mastodon":{"url":"https:\/\/pubeurope.com\/@es\/115543168042048023","error":""},"_links":{"self":[{"href":"https:\/\/www.europesays.com\/es\/wp-json\/wp\/v2\/posts\/233957","targetHints":{"allow":["GET"]}}],"collection":[{"href":"https:\/\/www.europesays.com\/es\/wp-json\/wp\/v2\/posts"}],"about":[{"href":"https:\/\/www.europesays.com\/es\/wp-json\/wp\/v2\/types\/post"}],"author":[{"embeddable":true,"href":"https:\/\/www.europesays.com\/es\/wp-json\/wp\/v2\/users\/2"}],"replies":[{"embeddable":true,"href":"https:\/\/www.europesays.com\/es\/wp-json\/wp\/v2\/comments?post=233957"}],"version-history":[{"count":0,"href":"https:\/\/www.europesays.com\/es\/wp-json\/wp\/v2\/posts\/233957\/revisions"}],"wp:featuredmedia":[{"embeddable":true,"href":"https:\/\/www.europesays.com\/es\/wp-json\/wp\/v2\/media\/233958"}],"wp:attachment":[{"href":"https:\/\/www.europesays.com\/es\/wp-json\/wp\/v2\/media?parent=233957"}],"wp:term":[{"taxonomy":"category","embeddable":true,"href":"https:\/\/www.europesays.com\/es\/wp-json\/wp\/v2\/categories?post=233957"},{"taxonomy":"post_tag","embeddable":true,"href":"https:\/\/www.europesays.com\/es\/wp-json\/wp\/v2\/tags?post=233957"}],"curies":[{"name":"wp","href":"https:\/\/api.w.org\/{rel}","templated":true}]}}