{"id":233959,"date":"2025-11-13T15:46:25","date_gmt":"2025-11-13T15:46:25","guid":{"rendered":"https:\/\/www.europesays.com\/es\/233959\/"},"modified":"2025-11-13T15:46:25","modified_gmt":"2025-11-13T15:46:25","slug":"asi-es-esta-vivienda-brutalista-en-javea-de-hormigon-visto-y-piedra-caliza","status":"publish","type":"post","link":"https:\/\/www.europesays.com\/es\/233959\/","title":{"rendered":"as\u00ed es esta vivienda brutalista en J\u00e1vea de hormig\u00f3n visto y piedra caliza"},"content":{"rendered":"<p dir=\"ltr\">Rodeada de olivos, pinos, palmeras o lentiscos, <strong>Casa Helena <\/strong>es un proyecto singular que dialoga con el entorno: enraizada en medio de la vegetaci\u00f3n aut\u00f3ctona, se mimetiza con los colores del lugar que habita. Porque construir una casa desde cero quiz\u00e1 no sea m\u00e1s que una conversaci\u00f3n entre quienes la habitar\u00e1n y el espacio, donde<strong> el arquitecto ejerce como traductor.<\/strong><\/p>\n<p>De geometr\u00eda aparentemente sencilla, Casa Helena es un volumen muy horizontal que emana del suelo con una fuerza casi tel\u00farica. Su basamento de piedra natural caliza, extra\u00edda de la propia excavaci\u00f3n del terreno, sostiene dos bandejas de hormig\u00f3n visto texturizado que flotan entre los grandes pa\u00f1os acristalados de est\u00e9tica minimalista. La carpinter\u00eda parece no existir, queda totalmente oculta.\u00a0<\/p>\n<p>&#13;<img loading=\"lazy\" decoding=\"async\"   src=\"https:\/\/www.europesays.com\/es\/wp-content\/uploads\/2025\/11\/casa-brutalista_dd708cf5_251029124320_1280x727.webp.webp\" alt=\"Casa brutalista\" class=\"lazyload\" width=\"1280\" height=\"727\" data-aspectratio=\"1280\/727\"\/> <\/p>\n<p>\u201cNo nos buscaron ni les buscamos, fue una coincidencia de la vida: nos encontramos\u201d, explica Jos\u00e9 Moragues, fundador de <a href=\"https:\/\/www.singularstudio.es\/\" rel=\"nofollow noopener\" target=\"_blank\">Singular Studio<\/a>. Habla de Jean-Claude y de Helena, el matrimonio franc\u00e9s propietario de esta vivienda que habitan desde 2023. Moragues insiste en su enfoque: <strong>situar al cliente en el centro de todo<\/strong>. Es un acto de humildad y un ejercicio de escucha. En el proceso, el arquitecto javiense se dio cuenta de que en este proyecto, como en todos los que realizan, era necesario contar emociones y sentimientos. \u201cTen\u00edamos que conseguir que tanto ellos como la gente que viniera a esta casa se sintieran bien\u201d. Y lo han logrado: les brillan los ojos,<strong> se emocionan cuando hablan de esa casa que un d\u00eda fue un sue\u00f1o y que ahora es su hogar<\/strong>.<\/p>\n<p>&#13;<img loading=\"lazy\" decoding=\"async\"   src=\"https:\/\/www.europesays.com\/es\/wp-content\/uploads\/2025\/11\/casa-brutalista_34a65045_251029124811_1692x1096.webp.webp\" alt=\"Casa brutalista\" class=\"lazyload\" width=\"1692\" height=\"1096\" data-aspectratio=\"1692\/1096\"\/> <\/p>\n<p>De costumbres muy mediterr\u00e1neas, Jean Claude y Helena quer\u00edan una casa con <strong>espacios di\u00e1fanos y abiertos al exterior<\/strong>, para disfrutar siempre de las visitas\u2026 y de las vistas al mar. La planta principal es una panor\u00e1mica epatante con vistas al Mediterr\u00e1neo, donde la luz entra a raudales a trav\u00e9s de los ventanales. La planta baja, destinada a los invitados, representa una verdadera oda a la vida al aire libre donde todo gira alrededor de la piscina.<\/p>\n<p>&#13;<img loading=\"lazy\" decoding=\"async\"   src=\"https:\/\/www.europesays.com\/es\/wp-content\/uploads\/2025\/11\/casa-brutalista_d6ab0183_251029124350_1280x835.webp.webp\" alt=\"Casa brutalista\" class=\"lazyload\" width=\"1280\" height=\"835\" data-aspectratio=\"1280\/835\"\/> <a href=\"https:\/\/www.arquitecturaydiseno.es\/arquitectura\/estadio-san-mames-cesar-azcarete-arquitectura_12667\" data-ga4_event=\"custom_event\" data-ga4_event_name=\"click_intext\" data-ga4_link_url=\"https:\/\/www.arquitecturaydiseno.es\/arquitectura\/estadio-san-mames-cesar-azcarete-arquitectura_12667\" data-ga4_link_text=\"ni_camp_nou_ni_bernabeu_la_la_catedral_del_futbol_es_del_athletic_club\" data-ga4_content_type=\"photo\" data-ga4_element=\"related\" rel=\"nofollow noopener\" target=\"_blank\">&#13;&#13;<img loading=\"lazy\" decoding=\"async\" src=\"https:\/\/www.europesays.com\/es\/wp-content\/uploads\/2025\/11\/exterior-estadio-san-mames_17f77466_251113131635_600x600.webp.webp\" alt=\"exterior estadio San Mam\u00e9s\" class=\"lazyload\" width=\"600\" height=\"600\" data-aspectratio=\"600\/600\"\/>&#13;&#13;<\/p>\n<p class=\"epigraph\">&#13;Noticia relacionada<\/p>\n<p class=\"title\">Ni Camp Nou, ni Bernab\u00e9u: la &#8216;La Catedral del f\u00fatbol&#8217; es del Athletic Club<\/p>\n<p><\/a><\/p>\n<p><strong>El <a href=\"https:\/\/www.arquitecturaydiseno.es\/casas\/moderna-casa-hormigon-visto-para-vivir-a-todo-lujo-mallorca_7819\" rel=\"nofollow noopener\" target=\"_blank\">hormig\u00f3n visto<\/a> es el gran protagonista de la edificaci\u00f3n<\/strong>: se quer\u00eda conseguir un acabado naturalizado en color gris, pero con tonos c\u00e1lidos y acogedores en sinton\u00eda con la tonalidad de la piedra natural de la zona. Singular Studio trabaj\u00f3 con una dosificaci\u00f3n concreta de \u00e1ridos finos en forma de pigmentos procedentes de la propia excavaci\u00f3n para obtener un hormig\u00f3n que se aleja de los grises fr\u00edos propios de este material. Pruebas, muestras, texturas, colores, ensayo, error. Hasta que poco a poco se fueron acercando a esa textura que les gustaba cada vez m\u00e1s, conseguida a trav\u00e9s de un encofrado a base de tablillas de madera americana de alta densidad y a una ejecuci\u00f3n exquisita y minuciosa para trasladar los detalles de cada veta de la madera al hormig\u00f3n, quedando estampada en \u00e9l para siempre.<\/p>\n<p>&#13;<img loading=\"lazy\" decoding=\"async\"   src=\"https:\/\/www.europesays.com\/es\/wp-content\/uploads\/2025\/11\/casa-brutalista_1ebbfe5a_251029125026_1280x790.webp.webp\" alt=\"Casa brutalista\" class=\"lazyload\" width=\"1280\" height=\"790\" data-aspectratio=\"1280\/790\"\/> <\/p>\n<p>El voladizo genera un punto de fuga y, al fondo, admiramos un lentisco que han respetado porque siempre estuvo ah\u00ed. \u201cLo mantuvimos porque para nosotros era muy importante lo preexistente. Incluso el manto de tierra lo apartamos y lo guardamos para utilizar luego en el paisajismo como tierra de plantado, para honrar el lugar\u201d, justifica Moragues.<\/p>\n<p>Una vez dentro, llama la atenci\u00f3n el mural del sal\u00f3n: es de m\u00e1rmol Kenia, como <strong>gui\u00f1o a <a href=\"https:\/\/www.arquitecturaydiseno.es\/arquitectura\/obras-mies-van-der-rohe_10071\" rel=\"nofollow noopener\" target=\"_blank\">Mies van der Rohe<\/a><\/strong>, de quien Moragues es fan declarado. \u201cM\u00e1s que de Corbusier\u201d, confiesa. \u201cDios est\u00e1 en los detalles\u201d, dec\u00eda Mies. Y esta frase del arquitecto alem\u00e1n le sirve a Moragues para explicar la importancia de los detalles durante la obra. Algunos no se ven, como la cubierta: \u201cEso lo ve Dios desde el cielo\u201d.\u00a0<\/p>\n<p>&#13;<img loading=\"lazy\" decoding=\"async\"   src=\"https:\/\/www.europesays.com\/es\/wp-content\/uploads\/2025\/11\/casa-brutalista_365ef01a_251029124455_1934x1268.webp.webp\" alt=\"Casa Brutalista\" class=\"lazyload\" width=\"1934\" height=\"1268\" data-aspectratio=\"1934\/1268\"\/> <\/p>\n<p>En Casa Helena han tenido en cuenta criterios como la <a href=\"https:\/\/www.arquitecturaydiseno.es\/pasion-eco\/por-que-ventilacion-cruzada-es-claves-sostenibles_10958\" rel=\"nofollow noopener\" target=\"_blank\">ventilaci\u00f3n cruzada<\/a>, la inercia t\u00e9rmica y han realizado un estudio de m\u00e1scaras de sombra. El despacho tiene vistas al jard\u00edn, donde Jean-Claude quer\u00eda recrear la superficie del antiguo r\u00edo que llega a la Granadella. Esta casa tiene muchas particularidades. Otra de ellas es que los muros y el forjado se hormigonaron todos a la vez para evitar la junta de hormigonado. \u201cFue un poco locura pero lo conseguimos\u201d. A \u00faltima hora Jean Claude les desafi\u00f3 y les pidi\u00f3 subir a la cubierta, as\u00ed que tuvieron que aligerarla.\u00a0<\/p>\n<p><a href=\"https:\/\/www.arquitecturaydiseno.es\/arquitectura\/poesia-brutal-casa-disenada-por-ooda-portugal_12189\" data-ga4_event=\"custom_event\" data-ga4_event_name=\"click_intext\" data-ga4_link_url=\"https:\/\/www.arquitecturaydiseno.es\/arquitectura\/poesia-brutal-casa-disenada-por-ooda-portugal_12189\" data-ga4_link_text=\"esta_casa_de_ooda_en_portugal_es_pura_poesia_brutalista_de_hormigon\" data-ga4_content_type=\"photo\" data-ga4_element=\"related\" rel=\"nofollow noopener\" target=\"_blank\">&#13;&#13;<img loading=\"lazy\" decoding=\"async\" src=\"https:\/\/www.europesays.com\/es\/wp-content\/uploads\/2025\/08\/ooda-oeiras-house-photo-by-fernando-guerra-0250_44f87dd3_250728113533_600x600.webp.webp\" alt=\"OODA Oeiras House Photo by Fernando Guerra 0250\" class=\"lazyload\" width=\"600\" height=\"600\" data-aspectratio=\"600\/600\"\/>&#13;&#13;<\/p>\n<p class=\"epigraph\">&#13;Noticia relacionada<\/p>\n<p class=\"title\">Esta casa de OODA en Portugal es pura poes\u00eda brutalista de hormig\u00f3n<\/p>\n<p><\/a>&#13;<img loading=\"lazy\" decoding=\"async\"   src=\"https:\/\/www.europesays.com\/es\/wp-content\/uploads\/2025\/11\/casa-brutalista_32d09763_251029124916_1280x701.webp.webp\" alt=\"Casa brutalista\" class=\"lazyload\" width=\"1280\" height=\"701\" data-aspectratio=\"1280\/701\"\/> <\/p>\n<p>En Casa Helena hay zona de d\u00eda y zona de noche. S\u00e9 c\u00f3mo cambia una casa a lo largo del d\u00eda, sobre todo por la luz que entra por las ventanas, pero me pregunto c\u00f3mo cambia una casa seg\u00fan las estaciones, porque nuestra relaci\u00f3n con ella tambi\u00e9n muta. Sobre todo en este rinc\u00f3n del Mediterr\u00e1neo alicantino, donde gran parte del a\u00f1o la vida se paladea a la fresca.<\/p>\n","protected":false},"excerpt":{"rendered":"Rodeada de olivos, pinos, palmeras o lentiscos, Casa Helena es un proyecto singular que dialoga con el entorno:&hellip;\n","protected":false},"author":2,"featured_media":233960,"comment_status":"","ping_status":"","sticky":false,"template":"","format":"standard","meta":{"footnotes":""},"categories":[173],"tags":[229,233,231,230,232,234,146,147,25,24,23],"class_list":{"0":"post-233959","1":"post","2":"type-post","3":"status-publish","4":"format-standard","5":"has-post-thumbnail","7":"category-arte-y-diseno","8":"tag-arte","9":"tag-arte-y-diseno","10":"tag-arts","11":"tag-arts-and-design","12":"tag-design","13":"tag-diseno","14":"tag-entertainment","15":"tag-entretenimiento","16":"tag-es","17":"tag-espana","18":"tag-spain"},"share_on_mastodon":{"url":"https:\/\/pubeurope.com\/@es\/115543173057213634","error":""},"_links":{"self":[{"href":"https:\/\/www.europesays.com\/es\/wp-json\/wp\/v2\/posts\/233959","targetHints":{"allow":["GET"]}}],"collection":[{"href":"https:\/\/www.europesays.com\/es\/wp-json\/wp\/v2\/posts"}],"about":[{"href":"https:\/\/www.europesays.com\/es\/wp-json\/wp\/v2\/types\/post"}],"author":[{"embeddable":true,"href":"https:\/\/www.europesays.com\/es\/wp-json\/wp\/v2\/users\/2"}],"replies":[{"embeddable":true,"href":"https:\/\/www.europesays.com\/es\/wp-json\/wp\/v2\/comments?post=233959"}],"version-history":[{"count":0,"href":"https:\/\/www.europesays.com\/es\/wp-json\/wp\/v2\/posts\/233959\/revisions"}],"wp:featuredmedia":[{"embeddable":true,"href":"https:\/\/www.europesays.com\/es\/wp-json\/wp\/v2\/media\/233960"}],"wp:attachment":[{"href":"https:\/\/www.europesays.com\/es\/wp-json\/wp\/v2\/media?parent=233959"}],"wp:term":[{"taxonomy":"category","embeddable":true,"href":"https:\/\/www.europesays.com\/es\/wp-json\/wp\/v2\/categories?post=233959"},{"taxonomy":"post_tag","embeddable":true,"href":"https:\/\/www.europesays.com\/es\/wp-json\/wp\/v2\/tags?post=233959"}],"curies":[{"name":"wp","href":"https:\/\/api.w.org\/{rel}","templated":true}]}}