{"id":233981,"date":"2025-11-13T15:58:20","date_gmt":"2025-11-13T15:58:20","guid":{"rendered":"https:\/\/www.europesays.com\/es\/233981\/"},"modified":"2025-11-13T15:58:20","modified_gmt":"2025-11-13T15:58:20","slug":"el-gobierno-inicia-el-despliegue-de-223-millones-de-euros-extra-para-incorporar-la-ia-a-la-sanidad-en-las-comunidades-autonomas","status":"publish","type":"post","link":"https:\/\/www.europesays.com\/es\/233981\/","title":{"rendered":"El Gobierno inicia el despliegue de 223 millones de euros extra para incorporar la IA a la Sanidad en las comunidades aut\u00f3nomas"},"content":{"rendered":"<p class=\"main-image\">&#13; <img decoding=\"async\" alt=\"El president de la Generalitat de Catalunya, Salvador Illa, y el ministro para la Transformaci\u00f3n Digital y de la Funci\u00f3n P\u00fablica\" title=\"El president de la Generalitat de Catalunya, Salvador Illa, y el ministro para la Transformaci\u00f3n Digital y de la Funci\u00f3n P\u00fablica\" src=\"https:\/\/www.europesays.com\/es\/wp-content\/uploads\/2025\/11\/131125-illa-lopez.jpg\"\/>&#13;El president de la Generalitat de Catalunya, Salvador Illa, y el ministro para la Transformaci\u00f3n Digital y de la Funci\u00f3n P\u00fablica, \u00d3scar L\u00f3pez, durante la firma del convenio.&#13;&#13;<\/p>\n<p>El Gobierno de Espa\u00f1a ha comenzado a activar los 223 millones de euros extra para el Sistema Nacional de Salud comprometidos por el presidente del Gobierno, Pedro S\u00e1nchez, con las Comunidades Aut\u00f3nomas en la Conferencia de Presidentes. El ministro para la Transformaci\u00f3n Digital y de la Funci\u00f3n P\u00fablica ha firmado con el president de la Generalitat de Catalunya el primero de los convenios para el programa de Servicios Digitales Inteligentes en el Sistema Nacional de Salud.<\/p>\n<p>\u00abCon este convenio decimos s\u00ed a reforzar la sanidad p\u00fablica aprovechando la revoluci\u00f3n digital para mejorar la asistencia a los pacientes y el diagn\u00f3stico y tratamiento de enfermedades. El President Illa defiende a menudo la idea de la prosperidad compartida. Hoy tambi\u00e9n podemos sacar pecho de la innovaci\u00f3n compartida. Y no se me ocurre mejor \u00e1mbito para innovar que aquel que protege la propia vida. Porque invertir en sanidad p\u00fablica es sacar brillo a la joya de la corona del bienestar catal\u00e1n, espa\u00f1ol y europeo\u00bb, ha valorado el ministro \u00d3scar L\u00f3pez durante la firma del convenio en el hospital de Arnau i Vilanova, en Lleida.<\/p>\n<p>El programa de Servicios Digitales Inteligentes en el Sistema Nacional de Salud se financia por Red.es (entidad adscrita al Ministerio para la Transformaci\u00f3n Digital y de la Funci\u00f3n P\u00fablica) con fondos Feder y por el Ministerio de Sanidad. Las comunidades aut\u00f3nomas pueden acceder a esta financiaci\u00f3n a trav\u00e9s de un convenio de colaboraci\u00f3n con el Gobierno de Espa\u00f1a. En el caso de Catalu\u00f1a, la firma del convenio le permitir\u00e1 disponer de 27 millones de euros extra para la modernizaci\u00f3n de la sanidad.<\/p>\n<p>El ministro L\u00f3pez ha animado a los gobiernos auton\u00f3micos que menos avanzados tienen los tr\u00e1mites para suscribir estos convenios que agilicen sus trabajos internos para que el programa pueda llegar a todo el territorio. \u00abPorque mejorar servicios los p\u00fablicos que salvan vidas es una responsabilidad compartida entre todas las partes\u00bb, ha a\u00f1adido.<\/p>\n<p>L\u00edneas estrat\u00e9gicas para el impulso digital del Sistema Nacional de Salud<\/p>\n<p>El programa tendr\u00e1 una duraci\u00f3n de cuatro a\u00f1os. Entre las principales l\u00edneas de actuaci\u00f3n, se contempla la implantaci\u00f3n de programas de monitorizaci\u00f3n remota de patolog\u00edas cr\u00f3nicas, el uso de anal\u00edtica avanzada en salud, y el desarrollo de casos de uso basados en neurotecnolog\u00eda e Inteligencia Artificial, enfocados en trastornos neurol\u00f3gicos y psiqui\u00e1tricos, entre otras aplicaciones.<\/p>\n<p>Entre los casos de uso se incluir\u00e1n los destinados al diagn\u00f3stico y seguimiento de enfermedades raras. Y una vez desarrollados, se pondr\u00e1n a disposici\u00f3n de todas las administraciones sanitarias.<\/p>\n<p>Se busca adem\u00e1s facilitar la implantaci\u00f3n de programas de telecuidados, promoviendo un modelo de atenci\u00f3n m\u00e1s personalizado, accesible y sostenible.<\/p>\n<p>Estos esfuerzos tienen como finalidad desburocratizar la atenci\u00f3n sanitaria, liberar tiempo de los profesionales y garantizar la equidad en la prestaci\u00f3n de servicios m\u00e9dicos en todas las Comunidades Aut\u00f3nomas. En definitiva, se pretende mejorar la calidad asistencial optimizando los recursos del Sistema Nacional de Salud (SNS).<\/p>\n","protected":false},"excerpt":{"rendered":"&#13; &#13;El president de la Generalitat de Catalunya, Salvador Illa, y el ministro para la Transformaci\u00f3n Digital y&hellip;\n","protected":false},"author":2,"featured_media":233982,"comment_status":"","ping_status":"","sticky":false,"template":"","format":"standard","meta":{"footnotes":""},"categories":[5],"tags":[517,17,18,25,24,13,14,11,19,20,9,10,15,16,2330,23,12,60929,21,22],"class_list":{"0":"post-233981","1":"post","2":"type-post","3":"status-publish","4":"format-standard","5":"has-post-thumbnail","7":"category-titulares","8":"tag-actualidad","9":"tag-breaking-news","10":"tag-breakingnews","11":"tag-es","12":"tag-espana","13":"tag-featured-news","14":"tag-featurednews","15":"tag-headlines","16":"tag-latest-news","17":"tag-latestnews","18":"tag-news","19":"tag-noticias","20":"tag-noticias-destacadas","21":"tag-noticiasdestacadas","22":"tag-prensa","23":"tag-spain","24":"tag-titulares","25":"tag-transformacion-digital-y-funcion-publica","26":"tag-ultimas-noticias","27":"tag-ultimasnoticias"},"share_on_mastodon":{"url":"https:\/\/pubeurope.com\/@es\/115543218854309382","error":""},"_links":{"self":[{"href":"https:\/\/www.europesays.com\/es\/wp-json\/wp\/v2\/posts\/233981","targetHints":{"allow":["GET"]}}],"collection":[{"href":"https:\/\/www.europesays.com\/es\/wp-json\/wp\/v2\/posts"}],"about":[{"href":"https:\/\/www.europesays.com\/es\/wp-json\/wp\/v2\/types\/post"}],"author":[{"embeddable":true,"href":"https:\/\/www.europesays.com\/es\/wp-json\/wp\/v2\/users\/2"}],"replies":[{"embeddable":true,"href":"https:\/\/www.europesays.com\/es\/wp-json\/wp\/v2\/comments?post=233981"}],"version-history":[{"count":0,"href":"https:\/\/www.europesays.com\/es\/wp-json\/wp\/v2\/posts\/233981\/revisions"}],"wp:featuredmedia":[{"embeddable":true,"href":"https:\/\/www.europesays.com\/es\/wp-json\/wp\/v2\/media\/233982"}],"wp:attachment":[{"href":"https:\/\/www.europesays.com\/es\/wp-json\/wp\/v2\/media?parent=233981"}],"wp:term":[{"taxonomy":"category","embeddable":true,"href":"https:\/\/www.europesays.com\/es\/wp-json\/wp\/v2\/categories?post=233981"},{"taxonomy":"post_tag","embeddable":true,"href":"https:\/\/www.europesays.com\/es\/wp-json\/wp\/v2\/tags?post=233981"}],"curies":[{"name":"wp","href":"https:\/\/api.w.org\/{rel}","templated":true}]}}