{"id":233989,"date":"2025-11-13T16:07:18","date_gmt":"2025-11-13T16:07:18","guid":{"rendered":"https:\/\/www.europesays.com\/es\/233989\/"},"modified":"2025-11-13T16:07:18","modified_gmt":"2025-11-13T16:07:18","slug":"a-quien-no-le-haria-ilusion-ser-presidente-de-su-club","status":"publish","type":"post","link":"https:\/\/www.europesays.com\/es\/233989\/","title":{"rendered":"\u201c\u00bfA qui\u00e9n no le har\u00eda ilusi\u00f3n ser presidente de su club?\u201d"},"content":{"rendered":"<p class=\"paragraph-atom &#10;        A-500-300-700-N A-550-300-700-N--md  \">Luis Delgado fue el directivo elegido para desarrollar la campa\u00f1a de abonados de Unionistas. \u2018Irreductibles\u2019 ha alcanzado los cinco mil socios blanquinegros. Adem\u00e1s, el propio Luis Delgado respondi\u00f3 de forma muy sincera a la pregunta sobre si le gustar\u00eda ser presidente de Unionistas.<\/p>\n<p class=\"paragraph-atom &#10;        A-500-300-700-N A-550-300-700-N--md  \"><strong>\u00bfC\u00f3mo valoran la campa\u00f1a de socios?<\/strong> \u201cHa sido un \u00e9xito. Ven\u00edamos del a\u00f1o pasado, con una campa\u00f1a que fue muy potente y conseguimos un n\u00famero de socios muy alto. Quer\u00edamos superarnos, pero era una meta dif\u00edcil. Hemos llegado a los cinco mil socios y uno de cada tres es colaborador o PRO. Seguimos poniendo pelda\u00f1os y cada a\u00f1o ser\u00e1 m\u00e1s dif\u00edcil\u201d.<\/p>\n<p class=\"paragraph-atom &#10;        A-500-300-700-N A-550-300-700-N--md  \"><strong>\u00bfC\u00f3mo se explica que haya casi mil personas menos de media en los partidos del Reina Sof\u00eda?<\/strong> \u201cBueno\u2026 supongo que explicaci\u00f3n no ser\u00e1 por una \u00fanica causa. En Unionistas, una parte importante desde su nacimiento es la implicaci\u00f3n de la gente. Hay personas que no pueden tener una presencia diaria, aportan con su carn\u00e9, aunque no puedan estar all\u00ed. Tambi\u00e9n creo que cuando el equipo va mejor, a la gente le motiva m\u00e1s ir. Aun as\u00ed, creo que la afluencia est\u00e1 siendo muy buena y la afici\u00f3n siempre est\u00e1 con el equipo. Tambi\u00e9n est\u00e1n los horarios\u201d.<\/p>\n<p class=\"paragraph-atom &#10;        A-500-300-700-N A-550-300-700-N--md  \"><strong>\u00bfCreen en la directiva que Unionistas ha tenido malos horarios hasta ahora?<\/strong> \u201cNo, bueno, a ver\u2026 cuando me refiero de los horarios, nunca le van bien a todos los socios a la vez. Han sido los que han sido. Igual yo personalmente, me gustan mucho los domingos por la ma\u00f1ana. Y otros dicen que no les gusta. Mi opini\u00f3n personal, es que el partido ante el Castilla el viernes nos perjudica. El d\u00eda del Celta Fortuna, la televisi\u00f3n estaba de acuerdo para cambiarla. La televisi\u00f3n te ofrece cosas buenas, que te aumenta la repercusi\u00f3n y se puede ver desde m\u00e1s sitios, y tambi\u00e9n tienen estos compromisos que te condicionan. Y el dinero, claro. Es lo interesante. Ellos se llevan una parte y la contrapartida es as\u00ed. Aun as\u00ed, tendr\u00edan que dar m\u00e1s\u201d.<\/p>\n<p class=\"paragraph-atom &#10;        A-500-300-700-N A-550-300-700-N--md  \"><strong>\u00bfD\u00f3nde est\u00e1 el target para el crecimiento social?<\/strong> \u201cUn poco en todas las capas. Tenemos un n\u00famero s\u00faper grande de j\u00f3venes y que se extienda la voz. Los j\u00f3venes son el futuro. A m\u00ed, si pudiese elegir donde crecer, ir\u00eda por ah\u00ed. Al final, Salamanca es una ciudad relativamente peque\u00f1a y en el ocio no le gusta a todos lo mismo. Tambi\u00e9n me gustar\u00eda, y el club est\u00e1 intentando, ser todav\u00eda m\u00e1s representados por los pueblos de la provincia\u201d.<\/p>\n<p class=\"paragraph-atom &#10;        A-500-300-700-N A-550-300-700-N--md  \"><strong>\u00bfQu\u00e9 le hizo incorporarse a la directiva de Unionistas?<\/strong> \u201cEl socio de Unionistas, y yo lo soy desde hace mucho, tiene la opci\u00f3n de poder ayudar. Estuve en el Grupo de Trabajo. En un momento dado me dieron la oportunidad de incorporarme a la directiva para ayudar en la parte tecnol\u00f3gica. El primer impulso fue decir \u201cs\u00ed, siempre\u201d. Y no tard\u00e9 mucho en decidirme\u201d.<\/p>\n<p class=\"paragraph-atom &#10;        A-500-300-700-N A-550-300-700-N--md  \"><strong>\u00bfCu\u00e1les son sus funciones dentro de la Junta Directiva?<\/strong> \u201cSobre todo, estoy en la parte de la gesti\u00f3n IT con plataformas, tema de comprar entradas, liberaciones, reporte de asistencia. Y luego, donde hace falta, ah\u00ed estamos. Con la campa\u00f1a de socios tuve la suerte de poder dise\u00f1ar. Es algo bastante coral, fue tormenta de ideas, y vas hablando la idiosincrasia de Unionistas. Cada vez hay m\u00e1s inversores, m\u00e1s filiales con dinero\u2026 y somos los \u00fanicos que nos mantenemos contra viento y marea\u201d.<\/p>\n<p class=\"paragraph-atom &#10;        A-500-300-700-N A-550-300-700-N--md  \"><strong>\u00bfLe har\u00eda ilusi\u00f3n ser presidente?<\/strong> \u201cBueno, a ver\u2026 como ilusi\u00f3n, \u00bfa qui\u00e9n no le har\u00eda ilusi\u00f3n ser presidente de su club? Creo que cualquier socio de Unionistas dir\u00eda que s\u00ed. Que lo vea algo realizable. Creo que, hablando un poco m\u00e1s en serio, es un puesto de mucha responsabilidad. Yo no me veo como candidato, pero si saliese una candidatura continuista\u2026 Cuando me has preguntado es la primera vez que lo he pensado\u201d.<\/p>\n","protected":false},"excerpt":{"rendered":"Luis Delgado fue el directivo elegido para desarrollar la campa\u00f1a de abonados de Unionistas. \u2018Irreductibles\u2019 ha alcanzado los&hellip;\n","protected":false},"author":2,"featured_media":233990,"comment_status":"","ping_status":"","sticky":false,"template":"","format":"standard","meta":{"footnotes":""},"categories":[268],"tags":[12919,168,25,24,280,282,17464,3294,7820,689,281,23,167],"class_list":{"0":"post-233989","1":"post","2":"type-post","3":"status-publish","4":"format-standard","5":"has-post-thumbnail","7":"category-futbol","8":"tag-delgado","9":"tag-deportes","10":"tag-es","11":"tag-espana","12":"tag-football","13":"tag-futbol","14":"tag-haria","15":"tag-le","16":"tag-luis","17":"tag-no","18":"tag-soccer","19":"tag-spain","20":"tag-sports"},"share_on_mastodon":{"url":"https:\/\/pubeurope.com\/@es\/115543254366744914","error":""},"_links":{"self":[{"href":"https:\/\/www.europesays.com\/es\/wp-json\/wp\/v2\/posts\/233989","targetHints":{"allow":["GET"]}}],"collection":[{"href":"https:\/\/www.europesays.com\/es\/wp-json\/wp\/v2\/posts"}],"about":[{"href":"https:\/\/www.europesays.com\/es\/wp-json\/wp\/v2\/types\/post"}],"author":[{"embeddable":true,"href":"https:\/\/www.europesays.com\/es\/wp-json\/wp\/v2\/users\/2"}],"replies":[{"embeddable":true,"href":"https:\/\/www.europesays.com\/es\/wp-json\/wp\/v2\/comments?post=233989"}],"version-history":[{"count":0,"href":"https:\/\/www.europesays.com\/es\/wp-json\/wp\/v2\/posts\/233989\/revisions"}],"wp:featuredmedia":[{"embeddable":true,"href":"https:\/\/www.europesays.com\/es\/wp-json\/wp\/v2\/media\/233990"}],"wp:attachment":[{"href":"https:\/\/www.europesays.com\/es\/wp-json\/wp\/v2\/media?parent=233989"}],"wp:term":[{"taxonomy":"category","embeddable":true,"href":"https:\/\/www.europesays.com\/es\/wp-json\/wp\/v2\/categories?post=233989"},{"taxonomy":"post_tag","embeddable":true,"href":"https:\/\/www.europesays.com\/es\/wp-json\/wp\/v2\/tags?post=233989"}],"curies":[{"name":"wp","href":"https:\/\/api.w.org\/{rel}","templated":true}]}}