{"id":234001,"date":"2025-11-13T16:14:12","date_gmt":"2025-11-13T16:14:12","guid":{"rendered":"https:\/\/www.europesays.com\/es\/234001\/"},"modified":"2025-11-13T16:14:12","modified_gmt":"2025-11-13T16:14:12","slug":"mimos-a-marcao-con-una-contusion-osea-en-el-tobillo-izquierdo","status":"publish","type":"post","link":"https:\/\/www.europesays.com\/es\/234001\/","title":{"rendered":"Mimos a Marcao, con una contusi\u00f3n \u00f3sea en el tobillo izquierdo"},"content":{"rendered":"<p style=\"\">El central brasile\u00f1o <strong>Marcao<\/strong> se ha unido de nuevo a la enfermer\u00eda del Sevilla FC. Despu\u00e9s de ausentarse del entrenamiento del mi\u00e9rcoles y tampoco poder participar en la sesi\u00f3n de este jueves, el conjunto de Nervi\u00f3n ha hecho p\u00fablico un parte m\u00e9dico en el  &#8230; que se informa que el zaguero sufre una <strong>contusi\u00f3n \u00f3sea en su tobillo izquierdo.<\/strong> No se especifica un tiempo concreto de baja, sino que queda pendiente de evoluci\u00f3n seg\u00fan informan los servicios m\u00e9dicos del club.<\/p>\n<p class=\"voc-p\" style=\"\">En cualquier caso, seg\u00fan ha podido conocer Orgullo de Nervi\u00f3n, <strong>no se trata de una dolencia importante<\/strong>, con lo que el brasile\u00f1o aprovechar\u00e1 el par\u00f3n para recuperarse e intentar llegar al pr\u00f3ximo partido en el campo del <strong>Espanyol<\/strong>, fijado para el lunes 24. Si no estuviera a tiempo, Almeyda tendr\u00eda que darle una vuelta de tuerca a su defensa, donde es baja segura <strong>Carmona<\/strong> por sanci\u00f3n, al que el entrenador utiliz\u00f3 como central en una l\u00ednea de tres ante el Osasuna ante la ausencia de <strong>Azpilicueta<\/strong>. Hombres como Kike Salas o Cardoso aguardan su chance. Sea como fuere, la idea es que Marco est\u00e9 en el RCDE Stadium.<\/p>\n<p class=\"voc-p\" style=\"\"><strong>Marcao<\/strong> ha encontrado una regularidad con Mat\u00edas Almeyda, jugando en 10 de las 12 jornadas de liga disputadas. Alg\u00fan error aislado como en el penalti que dio lugar al gol del Alav\u00e9s o su fallo en la salida del bal\u00f3n el d\u00eda del Atl\u00e9tico no le han impedido rendir a un buen nivel en t\u00e9rminos generales y convertirse en fijo para el entrenador argentino. Almeyda lo ha utilizado tanto en defensa de tres como con dos centrales, con una notable actuaci\u00f3n  del brasile\u00f1o contra el Barcelona antes del anterior par\u00f3n.<\/p>\n<p class=\"voc-p\" style=\"\">Marcao <strong>ha sido titular en los \u00faltimos 6 partidos de liga del Sevilla FC<\/strong>, adue\u00f1\u00e1ndose del puesto y del brazalete de <strong>capit\u00e1n<\/strong>. De la implicaci\u00f3n del futbolista habla tambi\u00e9n el hecho de que se prestara a diferir con un a\u00f1o m\u00e1s de contrato, hasta 2028, el sueldo que le queda por cobrar en el Ram\u00f3n S\u00e1nchez-Pizju\u00e1n, decisi\u00f3n que fue fundamental para ayudar con el ajustado l\u00edmite salarial, algo que el propio club agradeci\u00f3 p\u00fablicamente.<\/p>\n","protected":false},"excerpt":{"rendered":"El central brasile\u00f1o Marcao se ha unido de nuevo a la enfermer\u00eda del Sevilla FC. Despu\u00e9s de ausentarse&hellip;\n","protected":false},"author":2,"featured_media":234002,"comment_status":"","ping_status":"","sticky":false,"template":"","format":"standard","meta":{"footnotes":""},"categories":[93],"tags":[60933,168,25,24,6057,14924,1172,60934,18234,23,167,25610],"class_list":{"0":"post-234001","1":"post","2":"type-post","3":"status-publish","4":"format-standard","5":"has-post-thumbnail","7":"category-deportes","8":"tag-contusion","9":"tag-deportes","10":"tag-es","11":"tag-espana","12":"tag-evolucion","13":"tag-izquierdo","14":"tag-marcao","15":"tag-osea","16":"tag-pendiente","17":"tag-spain","18":"tag-sports","19":"tag-tobillo"},"share_on_mastodon":{"url":"https:\/\/pubeurope.com\/@es\/115543281889078832","error":""},"_links":{"self":[{"href":"https:\/\/www.europesays.com\/es\/wp-json\/wp\/v2\/posts\/234001","targetHints":{"allow":["GET"]}}],"collection":[{"href":"https:\/\/www.europesays.com\/es\/wp-json\/wp\/v2\/posts"}],"about":[{"href":"https:\/\/www.europesays.com\/es\/wp-json\/wp\/v2\/types\/post"}],"author":[{"embeddable":true,"href":"https:\/\/www.europesays.com\/es\/wp-json\/wp\/v2\/users\/2"}],"replies":[{"embeddable":true,"href":"https:\/\/www.europesays.com\/es\/wp-json\/wp\/v2\/comments?post=234001"}],"version-history":[{"count":0,"href":"https:\/\/www.europesays.com\/es\/wp-json\/wp\/v2\/posts\/234001\/revisions"}],"wp:featuredmedia":[{"embeddable":true,"href":"https:\/\/www.europesays.com\/es\/wp-json\/wp\/v2\/media\/234002"}],"wp:attachment":[{"href":"https:\/\/www.europesays.com\/es\/wp-json\/wp\/v2\/media?parent=234001"}],"wp:term":[{"taxonomy":"category","embeddable":true,"href":"https:\/\/www.europesays.com\/es\/wp-json\/wp\/v2\/categories?post=234001"},{"taxonomy":"post_tag","embeddable":true,"href":"https:\/\/www.europesays.com\/es\/wp-json\/wp\/v2\/tags?post=234001"}],"curies":[{"name":"wp","href":"https:\/\/api.w.org\/{rel}","templated":true}]}}