{"id":234005,"date":"2025-11-13T16:16:30","date_gmt":"2025-11-13T16:16:30","guid":{"rendered":"https:\/\/www.europesays.com\/es\/234005\/"},"modified":"2025-11-13T16:16:30","modified_gmt":"2025-11-13T16:16:30","slug":"la-gran-noche-de-raphael-junto-a-natalia-figueroa-sus-hijos-y-nietos-como-persona-del-ano-en-los-latin-grammy-2025","status":"publish","type":"post","link":"https:\/\/www.europesays.com\/es\/234005\/","title":{"rendered":"La gran noche de Raphael junto a Natalia Figueroa, sus hijos y nietos como Persona del A\u00f1o en los Latin Grammy 2025"},"content":{"rendered":"<p id=\"e3SgBAMlwJ\" data-wc=\"103\">\u00abLo he esperado durante mucho tiempo\u2026 As\u00ed que&#8230; estoy feliz de haberlo conseguido\u00bb nos dec\u00eda hace unos d\u00edas Raphael en las p\u00e1ginas de \u00a1HOLA!, tras haber sido elegido Persona del A\u00f1o en los Latin Grammy 2025, por ser \u201cuna gran leyenda de la m\u00fasica latina\u00bb. Un reconocimiento a sus m\u00e1s de 60 a\u00f1os de carrera, que reconoce el talento inmensurable de la estrella nacida en Linares. Si un homenaje es directamente proporcional a la grandeza de un artista, <strong>la gala previa a la 26\u00aa edici\u00f3n de los Latin Grammy, que acaba de celebrarse en Las Vegas<\/strong>, ha sido exactamente igual que \u00e9l, \u00e9pica.\u00a0<\/p>\n<p> <img src=\"https:\/\/www.europesays.com\/es\/wp-content\/uploads\/2025\/11\/3f3daa963385-gettyimages-2246468060.jpg\"   width=\"1024\" height=\"682\" loading=\"lazy\" decoding=\"async\" alt=\"Raphael en su &quot;gran noche&quot; en Las Vegas&#10;\" fetchpriority=\"auto\" class=\"image ho-image\"\/>\u00a9 Getty Images for The Latin RecorRaphael en su \u00abgran noche\u00bb en Las Vegas<\/p>\n<p> <img src=\"https:\/\/www.europesays.com\/es\/wp-content\/uploads\/2025\/11\/cfea28b403f4-gettyimages-2246465691.jpg\"   width=\"1024\" height=\"712\" loading=\"lazy\" decoding=\"async\" alt=\"El cantante recibe el reconocimiento de manos de Manuel Abud y Enrique Bunbury \" fetchpriority=\"auto\" class=\"image ho-image\"\/>\u00a9 Getty Images for The Latin RecorEl cantante recibe el reconocimiento de manos de Manuel Abud y Enrique Bunbury <\/p>\n<p id=\"e4cF-P-Enlf\" data-wc=\"72\">Raphael acaba de vivir su \u00abgran noche\u00bb con todos los ingredientes para que fuera una gala a su altura: <strong>arropado por el mayor de sus \u00e9xitos, su familia<\/strong>, y con algunos de los artistas m\u00e1s importantes de la industria musical latina. <strong>Aitana, David Bisbal, Rozal\u00e9n, Pablo L\u00f3pez, Enrique Bunbury, Silvia P\u00e9rez Cruz o Car\u00edn Le\u00f3n<\/strong>, \u00a0entre otros muchos m\u00fasicos, que no han dudado en asistir a esta cita inolvidable con la m\u00fasica.<\/p>\n<p> <img src=\"https:\/\/www.europesays.com\/es\/wp-content\/uploads\/2025\/11\/4b6cf87aeb84-gettyimages-2246467362.jpg\"   width=\"1024\" height=\"682\" loading=\"lazy\" decoding=\"async\" alt=\"Raphael con su mujer e hija durante la gala\" fetchpriority=\"auto\" class=\"image ho-image\"\/>\u00a9 Getty Images for The Latin RecorRaphael con su mujer e hija durante la gala<\/p>\n<p> <img src=\"https:\/\/www.europesays.com\/es\/wp-content\/uploads\/2025\/11\/92954c4d04d2-gettyimages-2246468388.jpg\"   width=\"1024\" height=\"682\" loading=\"lazy\" decoding=\"async\" alt=\"Enrique Bunbury, vestido con un traje verde, cant\u00f3 'Yo Soy Aquel'\" fetchpriority=\"auto\" class=\"image ho-image\"\/>\u00a9 Getty Images for The Latin RecorEnrique Bunbury, vestido con un traje verde, cant\u00f3 &#8216;Yo Soy Aquel&#8217;<\/p>\n<p> <img src=\"https:\/\/www.europesays.com\/es\/wp-content\/uploads\/2025\/11\/28848c9173e4-gettyimages-2246462135.jpg\"   width=\"794\" height=\"1024\" loading=\"lazy\" decoding=\"async\" alt=\"Kany Garc\u00eda y Vanesa Mart\u00edn  \" fetchpriority=\"auto\" class=\"image ho-image\"\/>\u00a9 Getty Images for The Latin RecorKany Garc\u00eda y Vanesa Mart\u00edn  <\/p>\n<p> <img src=\"https:\/\/www.europesays.com\/es\/wp-content\/uploads\/2025\/11\/6e76babe6166-gettyimages-2246460150.jpg\"   width=\"1024\" height=\"682\" loading=\"lazy\" decoding=\"async\" alt=\"Raphael, en su gran noche\" fetchpriority=\"auto\" class=\"image ho-image\"\/>\u00a9 Getty Images for The Latin RecorRaphael, en su gran noche<\/p>\n<p id=\"ezyUa994LA\" data-wc=\"88\">El protagonista de la noche ha posado orgulloso con su eterna compa\u00f1era de vida, <strong>Natalia Figuerosa<\/strong>, que ha lucido un elegante vestido negro. Junto al matrimonio, sus tres hijos, que han asistido con emoci\u00f3n al gran homenaje del cantante, <strong>Jacobo, Alejandra, y Manuel,\u00a0<\/strong>y dos nietos, los m\u00e1s mayores de los ocho que tiene el artista andaluz: <strong>Manuela, de 22 a\u00f1os, y Carlos, de 20, hijos de Alejandra Martos<\/strong>. Los dos hermanos, elegantemente vestidos, visiblemente felices y orgullosos de asistir a una noche muy importante para su abuelo.<\/p>\n<p> <img src=\"https:\/\/www.europesays.com\/es\/wp-content\/uploads\/2025\/11\/543f18412f69-gettyimages-2246467350.jpg\"   width=\"1024\" height=\"682\" loading=\"lazy\" decoding=\"async\" alt=\"Natalia Figueroa y su hija Alejandra Martos, felices en la gran noche del artista\" fetchpriority=\"auto\" class=\"image ho-image\"\/>\u00a9 Getty Images for The Latin RecorNatalia Figueroa y su hija Alejandra Martos, felices en la gran noche del artista<\/p>\n<p id=\"e4GDfoltXr\" data-wc=\"143\">Manuela, la mayor de los dos nietos, que han disfrutado de esta divertida velada en Las Vegas, ha lucido un incre\u00edble vestido en color chocolate y el pelo recogido. Se reconoce fan absoluta de su abuelo (quien no deja que le llamen as\u00ed, \u00ababuelo) y no es la primera vez que posa con \u00e9l, ya lo hizo en el pasado para apoyar al artista en otros momentos importantes de su carrera. Nacida en 2003, ha estudiado Psicolog\u00eda y se siente muy unida a su madre, quien <a class=\"hm-link ho-link\" href=\"https:\/\/www.hola.com\/actualidad\/20220428331778\/alejandra-martos-hija-raphael-presenta-manuela-dieciocho-anyos\/\" data-mrf-recirculation=\"article-body-link\" rel=\"nofollow noopener\" target=\"_blank\">nos contaba de ella en las p\u00e1ginas de \u00a1HOLA!<\/a> que: \u201cEs una chica disciplinada en la universidad. Es muy ordenada en algunas cosas y m\u00e1s ca\u00f3tica en otras\u201d. El peque\u00f1o de los dos, Carlos, es un apasionado de la m\u00fasica, que ha escuchado en casa desde que era un beb\u00e9, y del deporte, que practica con frecuencia.<\/p>\n<p> <img src=\"https:\/\/www.europesays.com\/es\/wp-content\/uploads\/2025\/11\/5f4561cf0db7-gettyimages-2246447047.jpg\"   width=\"1024\" height=\"682\" loading=\"lazy\" decoding=\"async\" alt=\"Raphael, acompa\u00f1ado por Natalia Figueroa, sus hijos, y dos nietos en la gala 'Persona del A\u00f1o' de los Latin Grammy 2025\" fetchpriority=\"auto\" class=\"image ho-image\"\/>\u00a9 WireImageRaphael, acompa\u00f1ado por Natalia Figueroa, sus hijos, y dos nietos en la gala &#8216;Persona del A\u00f1o&#8217; de los Latin Grammy 2025<\/p>\n<p id=\"eVh0Tm75Wdv\" data-wc=\"135\">Alrededor de las ocho de la tarde (hora de Las Vegas, Nevada; las cinco de la ma\u00f1ana, en la pen\u00ednsula espa\u00f1ola), Raphael ha hecho su entrada en el Teatro del Hotel Mandalay, recibido entre aplausos y el calor de los asistentes. Junto a su familia, se ha sentado en su mesa y a partir de ese momento ha vivido una de las galas m\u00e1s inolvidables de toda su vida, al estar detr\u00e1s de ella sus propios compa\u00f1eros (y amigos) de la profesi\u00f3n. Risas, l\u00e1grimas y la emoci\u00f3n a flor de piel durante el recital, donde se han interpretado sus ic\u00f3nicos temas &#8216;Qu\u00e9 sabe nadie&#8217;,\u00a0&#8216;Mi gran noche&#8217;, o &#8216;Como yo te amo&#8217;. \u00a0A sus 82 a\u00f1os y tras retirarse temporalmente por un tumor cerebral, <strong>el artista ha cantado en Las Vegas para todos los presentes<\/strong>.<\/p>\n<p> <img src=\"https:\/\/www.europesays.com\/es\/wp-content\/uploads\/2025\/11\/5660103e8862-gettyimages-2246466972.jpg\"   width=\"1024\" height=\"703\" loading=\"lazy\" decoding=\"async\" alt=\"El homenajeado en un momento de su actuaci\u00f3n en Las Vegas&#10;\" fetchpriority=\"auto\" class=\"image ho-image\"\/>\u00a9 Getty Images for The Latin RecorEl homenajeado en un momento de su actuaci\u00f3n en Las Vegas<\/p>\n<p id=\"ejS_HHyc-Tq2\" data-wc=\"43\">Este reconocimiento \u00abse lo dedico al p\u00fablico\u00bb, ha expresado el int\u00e9rprete emocionado durante su paso por la alfombra roja. Adem\u00e1s de confesar qu\u00e9 es lo que m\u00e1s le ilusionaba de vivir una noche como esta: \u00ab<strong>Pasarlo bien con la familia<\/strong>\u00ab, ha explicado sincero.\u00a0<\/p>\n<p> <img src=\"https:\/\/www.europesays.com\/es\/wp-content\/uploads\/2025\/11\/2ba01091689c-gettyimages-2246451190.jpg\"   width=\"1024\" height=\"682\" loading=\"lazy\" decoding=\"async\" alt=\"El homenajeado con su mujer e hija durante la cena\" fetchpriority=\"auto\" class=\"image ho-image\"\/>\u00a9 Getty Images for The Latin RecorEl homenajeado con su mujer e hija durante la cena<\/p>\n<p> <img src=\"https:\/\/www.europesays.com\/es\/wp-content\/uploads\/2025\/11\/1281b5e9edbf-gettyimages-2246462022.jpg\"   width=\"1024\" height=\"682\" loading=\"lazy\" decoding=\"async\" alt=\"Raphael y Natalia Figueroa\" fetchpriority=\"auto\" class=\"image ho-image\"\/>\u00a9 Getty Images for The Latin RecorRaphael y Natalia Figueroa<\/p>\n<p id=\"eR5HYhaMW3\" data-wc=\"127\">David Bisbal ha protagonizado uno de los momentos m\u00e1s emotivos de la gala al pronunciar unas cari\u00f1osas palabras dirigidas a Raphael: \u201cLa verdad, Raphaelico, Roc\u00edo Jurado te llama Rapi, y yo, Raphaelico, no s\u00e9 qu\u00e9 decirte porque te lo he dicho todo. Hace ya m\u00e1s de 25 a\u00f1os que somos amigos. Much\u00edsimas gracias por haber dejado un legado de disciplina, de esfuerzo, de sacrificio, de ausencia. Porque muchas veces est\u00e1 detr\u00e1s la ausencia de tu familia, de Natalia\u201c, han sido las palabras de Bisbal que recoge El Pa\u00eds. \u201cSi ese es el legado que has dejado a los artistas, puedes contar conmigo porque voy a seguir llevando tu palabra siempre\u201d, ha dicho visiblemente emocionado. \u201cJam\u00e1s habr\u00e1 algo parecido. <strong>Te quiero mucho, desde el fondo de mi coraz\u00f3n<\/strong>\u201d.<\/p>\n<p> <img src=\"https:\/\/www.europesays.com\/es\/wp-content\/uploads\/2025\/11\/ac54373a68e2-gettyimages-2246461279.jpg\"   width=\"1024\" height=\"682\" loading=\"lazy\" decoding=\"async\" alt=\"David Bisbal se abraza emocionado a Raphael y a Natalia Figueroa\" fetchpriority=\"auto\" class=\"image ho-image\"\/>\u00a9 Getty Images for The Latin RecorDavid Bisbal se abraza emocionado a Raphael y a Natalia Figueroa<\/p>\n<p> <img src=\"https:\/\/www.europesays.com\/es\/wp-content\/uploads\/2025\/11\/cf2af486cfdc-gettyimages-2246459898.jpg\"   width=\"1024\" height=\"682\" loading=\"lazy\" decoding=\"async\" alt=\"David Bisbal y Raphael \" fetchpriority=\"auto\" class=\"image ho-image\"\/>\u00a9 Getty Images for The Latin RecorDavid Bisbal y Raphael <\/p>\n<p> <img src=\"https:\/\/www.europesays.com\/es\/wp-content\/uploads\/2025\/11\/0259f9629b7d-gettyimages-2246462073.jpg\"   width=\"1024\" height=\"682\" loading=\"lazy\" decoding=\"async\" alt=\"David Bisbal cantando a Raphael y Natalia Figueroa\" fetchpriority=\"auto\" class=\"image ho-image\"\/>\u00a9 Getty Images for The Latin RecorDavid Bisbal cantando a Raphael y Natalia Figueroa<\/p>\n<p id=\"ey808J1gVU\" data-wc=\"81\">Rozal\u00e9n ha contado que en su casa Raphael siempre estuvo presente. Su madre ten\u00eda un p\u00f3ster suyo y su padre, Crist\u00f3bal, quien fue sacerdote, cantaba una de sus canciones: \u00abEn misa cant\u00f3 &#8216;La canci\u00f3n del tamborilero&#8217; porque se lo hab\u00eda escuchado a un chaval que estaba empezando, que era Rafael\u00bb. Tiempo despu\u00e9s, \u00a0cuando el cantante se convirti\u00f3 en un artista consagrado, \u00abla gente en el pueblo le dec\u00eda que Raphael estaba cantando la canci\u00f3n de Crist\u00f3bal\u00bb, ha contado la int\u00e9rprete divertida.<\/p>\n<p> <img src=\"https:\/\/www.europesays.com\/es\/wp-content\/uploads\/2025\/11\/4b88c898533c-gettyimages-2246463680.jpg\"   width=\"1024\" height=\"682\" loading=\"lazy\" decoding=\"async\" alt=\"Rozal\u00e9n y Susana Baca \" fetchpriority=\"auto\" class=\"image ho-image\"\/>\u00a9 Getty Images for The Latin RecorRozal\u00e9n y Susana Baca <\/p>\n<p id=\"ekTIIxvnstH\" data-wc=\"85\">\u00abRaphael es historia de Espa\u00f1a. Es una leyenda de Espa\u00f1a y del mundo por la forma en la que ten\u00eda y tiene de ponerle alma a todo lo que hace, no solamente con su voz, que es super\u00fanica, suya e incre\u00edble, sino con sus gestos\u00bb ha dicho Aitana del protagonista de la noche, sum\u00e1ndose a otro de los much\u00edsimos halagos que la estrella de Linares ha recibido en Las Vegas. \u00ab\u00bfQu\u00e9 pasar\u00e1? \u00bfQu\u00e9 misterio habr\u00e1? Puede ser mi gran noche\u00bb, y sin duda, lo fue.<\/p>\n<p> <img src=\"https:\/\/www.europesays.com\/es\/wp-content\/uploads\/2025\/11\/27c539f13b1a-gettyimages-2246466323.jpg\"   width=\"1024\" height=\"682\" loading=\"lazy\" decoding=\"async\" alt=\"Aitana, sobre Raphael: &quot;Es leyenda de Espa\u00f1a&quot;\" fetchpriority=\"auto\" class=\"image ho-image\"\/>\u00a9 WireImageAitana, sobre Raphael: \u00abEs historia de Espa\u00f1a\u00bb<\/p>\n<p> <img src=\"https:\/\/www.europesays.com\/es\/wp-content\/uploads\/2025\/11\/a01e6b9a47af-gettyimages-2246460130.jpg\"   width=\"1024\" height=\"660\" loading=\"lazy\" decoding=\"async\" alt=\"Aitana y Pablo L\u00f3pez\" fetchpriority=\"auto\" class=\"image ho-image\"\/>\u00a9 Getty Images for The Latin RecorAitana y Pablo L\u00f3pez<\/p>\n<p> <img src=\"https:\/\/www.europesays.com\/es\/wp-content\/uploads\/2025\/11\/d83354ca114f-gettyimages-2246465786.jpg\"   width=\"1024\" height=\"728\" loading=\"lazy\" decoding=\"async\" alt=\"Raphael accepts y  Enrique Bunbury sobre el escenario\" fetchpriority=\"auto\" class=\"image ho-image\"\/>\u00a9 Getty Images for The Latin RecorRaphael accepts y  Enrique Bunbury sobre el escenario<\/p>\n<p> <img src=\"https:\/\/www.europesays.com\/es\/wp-content\/uploads\/2025\/11\/42fea8f7a29c-gettyimages-2246461635.jpg\"   width=\"1024\" height=\"626\" loading=\"lazy\" decoding=\"async\" alt=\"Kiki Morente y \u00c1ngeles Toledano \" fetchpriority=\"auto\" class=\"image ho-image\"\/>\u00a9 Getty Images for The Latin RecorKiki Morente y \u00c1ngeles Toledano <\/p>\n<p> <img src=\"https:\/\/www.europesays.com\/es\/wp-content\/uploads\/2025\/11\/f0db9215a863-gettyimages-2246457086.jpg\"   width=\"1024\" height=\"682\" loading=\"lazy\" decoding=\"async\" alt=\"Raphael, Persona del A\u00f1o en los Latin Grammy 2025\" fetchpriority=\"auto\" class=\"image ho-image\"\/>\u00a9 Getty Images for The Latin RecorRaphael, Persona del A\u00f1o en los Latin Grammy 2025<\/p>\n","protected":false},"excerpt":{"rendered":"\u00abLo he esperado durante mucho tiempo\u2026 As\u00ed que&#8230; estoy feliz de haberlo conseguido\u00bb nos dec\u00eda hace unos d\u00edas&hellip;\n","protected":false},"author":2,"featured_media":234006,"comment_status":"","ping_status":"","sticky":false,"template":"","format":"standard","meta":{"footnotes":""},"categories":[91],"tags":[517,60937,146,147,25,24,60936,60939,60938,24243,23],"class_list":{"0":"post-234005","1":"post","2":"type-post","3":"status-publish","4":"format-standard","5":"has-post-thumbnail","7":"category-entretenimiento","8":"tag-actualidad","9":"tag-alejandra-martos","10":"tag-entertainment","11":"tag-entretenimiento","12":"tag-es","13":"tag-espana","14":"tag-jacobo-martos","15":"tag-manuel-martos","16":"tag-natalia-figueroa","17":"tag-raphael","18":"tag-spain"},"share_on_mastodon":{"url":"https:\/\/pubeurope.com\/@es\/115543290642187232","error":""},"_links":{"self":[{"href":"https:\/\/www.europesays.com\/es\/wp-json\/wp\/v2\/posts\/234005","targetHints":{"allow":["GET"]}}],"collection":[{"href":"https:\/\/www.europesays.com\/es\/wp-json\/wp\/v2\/posts"}],"about":[{"href":"https:\/\/www.europesays.com\/es\/wp-json\/wp\/v2\/types\/post"}],"author":[{"embeddable":true,"href":"https:\/\/www.europesays.com\/es\/wp-json\/wp\/v2\/users\/2"}],"replies":[{"embeddable":true,"href":"https:\/\/www.europesays.com\/es\/wp-json\/wp\/v2\/comments?post=234005"}],"version-history":[{"count":0,"href":"https:\/\/www.europesays.com\/es\/wp-json\/wp\/v2\/posts\/234005\/revisions"}],"wp:featuredmedia":[{"embeddable":true,"href":"https:\/\/www.europesays.com\/es\/wp-json\/wp\/v2\/media\/234006"}],"wp:attachment":[{"href":"https:\/\/www.europesays.com\/es\/wp-json\/wp\/v2\/media?parent=234005"}],"wp:term":[{"taxonomy":"category","embeddable":true,"href":"https:\/\/www.europesays.com\/es\/wp-json\/wp\/v2\/categories?post=234005"},{"taxonomy":"post_tag","embeddable":true,"href":"https:\/\/www.europesays.com\/es\/wp-json\/wp\/v2\/tags?post=234005"}],"curies":[{"name":"wp","href":"https:\/\/api.w.org\/{rel}","templated":true}]}}