{"id":234009,"date":"2025-11-13T16:18:27","date_gmt":"2025-11-13T16:18:27","guid":{"rendered":"https:\/\/www.europesays.com\/es\/234009\/"},"modified":"2025-11-13T16:18:27","modified_gmt":"2025-11-13T16:18:27","slug":"mercadona-revela-el-origen-de-las-naranjas-que-vendera-este-ano-en-sus-supermercados","status":"publish","type":"post","link":"https:\/\/www.europesays.com\/es\/234009\/","title":{"rendered":"Mercadona revela el origen de las naranjas que vender\u00e1 este a\u00f1o en sus supermercados"},"content":{"rendered":"<p style=\"\"><strong>Mercadona<\/strong> ha comenzado este mes de noviembre con la campana nacional de la naranja, en la que prev\u00e9 comercializar hasta 131.000 toneladas de este popular c\u00edtrico en sus m\u00e1s de <a href=\"https:\/\/www.abc.es\/espana\/comunidad-valenciana\/mercadona-aclara-huevos-vende-gallinas-criadas-jaula-20251112093509-nt.html\" target=\"_blank\" data-voc-vtm-id=\"in-text-traffic\" title=\"1.600 supermercados\" data-mrf-link=\"www.abc.es\" rel=\"nofollow noopener\">1.600 supermercados<\/a> ubicados por toda Espa\u00f1a, as\u00ed como a trav\u00e9s de la  &#8230; tienda online.<\/p>\n<p class=\"voc-p\" style=\"\">Para la presente campa\u00f1a, que acaba de comenzar y se alargar\u00e1 aproximadamente hasta el pr\u00f3ximo mes de agosto, la compa\u00f1\u00eda comercializar\u00e1 naranjas procedentes de campos de <strong>Comunidad Valenciana, Andaluc\u00eda, Regi\u00f3n de Murcia y Catalu\u00f1a<\/strong>, gracias a la colaboraci\u00f3n con los proveedores Martinavarro, Bollo, Fontestad, Frutas Tono, Frutinter, Anecoop, Alcafruit, Lasarte, Agronostrum, AM Fresh Spain Citrus, Grupo Llusar Torres, Vicente Giner y Nufresco. <\/p>\n<p class=\"voc-p\" style=\"\">En el caso concreto de la Comunidad Valenciana, Mercadona colabora con los proveedores Martinavarro, Bollo, Fontestad, Frutas Tono, Frutinter, Anecoop, Agronostrum, AM Fresh Spain Citrus, Grupo Llusar Torres y Vicente Giner. La compa\u00f1\u00eda prev\u00e9 comprar 59.000 toneladas de naranjas de campos de la regi\u00f3n.<\/p>\n<p class=\"voc-p\" style=\"\">Mercadona ofrece en todas sus tiendas naranja nacional en sus tres principales formatos: <strong>a granel y malla de 3 y 5 kilos<\/strong>. La entrada de la naranja da as\u00ed continuidad a la campa\u00f1a 2025\/26 de c\u00edtricos de origen nacional, que comenz\u00f3 el pasado mes de octubre con la llegada de la mandarina y el lim\u00f3n de proveedores espa\u00f1oles. <\/p>\n<p class=\"voc-p\" style=\"\">Mercadona por su firme compromiso con el sector primario espa\u00f1ol, prioriza garantizar relaciones estables y transparentes con sus 13 proveedores nacionales de naranja, quienes a su vez trabajan con m\u00e1s de 2.000 agricultores de toda Espa\u00f1a.<\/p>\n<p>\nAlargar la disponibilidad hasta final de verano\n<\/p>\n<p class=\"voc-p\" style=\"\">Gracias al trabajo realizado junto a sus proveedores, la compa\u00f1\u00eda presidida por Juan Roig logra alargar la disponibilidad de la naranja nacional hasta finales de verano, fomentando as\u00ed el consumo de frutas de temporada y de proximidad.<\/p>\n<p class=\"voc-p\" style=\"\">\u00abEste compromiso forma parte de la estrategia de calidad y origen de Mercadona, que impulsa el consumo de productos de origen nacional siempre que cumplan con los est\u00e1ndares de calidad exigidos y existe disponibilidad suficiente para abastecer a las tiendas\u00bb, se\u00f1alan fuentes de la firma valenciana. En la actualidad, <strong>el 85% del surtido total de la compa\u00f1\u00eda es de origen nacional<\/strong>.<\/p>\n<p>\nCesta equilibrada\n<\/p>\n<p class=\"voc-p\" style=\"\">Asimismo, <a href=\"https:\/\/www.abc.es\/espana\/comunidad-valenciana\/mercadona-busca-personal-trabajar-almacen-tres-dias-20251108104855-nt.html\" target=\"_blank\" data-voc-vtm-id=\"in-text-traffic\" title=\"Mercadona\" rel=\"nofollow noopener\">Mercadona<\/a> fomenta el consumo de c\u00edtricos y del <strong>zumo de naranja reci\u00e9n exprimido<\/strong> disponible en la secci\u00f3n de Fruta y Verdura en los tres formatos de envase habituales (250 mililitros, 500 mililitros y 1 litro). Este servicio, que comenz\u00f3 a implantarse en 2016 en todas las tiendas de la compa\u00f1\u00eda, se trata de un proyecto que se desarroll\u00f3 a trav\u00e9s de la innovaci\u00f3n conjunta entre Mercadona, el proveedor especialista Zumex y los propios clientes.<\/p>\n<p class=\"voc-p\" style=\"\">Los c\u00edtricos son ricos en vitaminas, minerales y antioxidantes y su consumo contribuye a mantener una dieta equilibrada. Las naranjas, mandarinas y limones, entre otros c\u00edtricos, son grandes aliados para completar una cesta de la compra equilibrada.<\/p>\n<p class=\"voc-p\" style=\"\"><strong>Mercadona<\/strong> apoya las campa\u00f1as del Ministerio de Agricultura, Pesca y Alimentaci\u00f3n en el marco de la estrategia #alimentosdespa\u00f1a y su campa\u00f1a de \u00abEl pa\u00eds m\u00e1s rico del mundo\u00bb. Asimismo, defiende las pr\u00e1cticas comerciales justas y desde hace a\u00f1os est\u00e1 adherida al C\u00f3digo de Buenas Pr\u00e1cticas Mercantiles en la Contrataci\u00f3n Alimentaria. <\/p>\n<p class=\"voc-p\" style=\"\">Este acuerdo voluntario, que supuso un paso m\u00e1s en la promoci\u00f3n de pr\u00e1cticas comerciales justas, se enmarca en la Ley de Medidas para Mejorar el Funcionamiento de la Cadena Alimentaria y est\u00e1 impulsado por el Ministerio de Agricultura, Pesca y Alimentaci\u00f3n (MAPA) en colaboraci\u00f3n con distintas asociaciones de toda la cadena agroalimentaria en Espa\u00f1a.<\/p>\n","protected":false},"excerpt":{"rendered":"Mercadona ha comenzado este mes de noviembre con la campana nacional de la naranja, en la que prev\u00e9&hellip;\n","protected":false},"author":2,"featured_media":234010,"comment_status":"","ping_status":"","sticky":false,"template":"","format":"standard","meta":{"footnotes":""},"categories":[80],"tags":[1611,82,95,94,25,24,4973,23009,3338,1789,23,3212,60940],"class_list":{"0":"post-234009","1":"post","2":"type-post","3":"status-publish","4":"format-standard","5":"has-post-thumbnail","7":"category-economia","8":"tag-ano","9":"tag-business","10":"tag-economia","11":"tag-economy","12":"tag-es","13":"tag-espana","14":"tag-mercadona","15":"tag-naranjas","16":"tag-origen","17":"tag-revela","18":"tag-spain","19":"tag-supermercados","20":"tag-vendera"},"share_on_mastodon":{"url":"https:\/\/pubeurope.com\/@es\/115543297598362148","error":""},"_links":{"self":[{"href":"https:\/\/www.europesays.com\/es\/wp-json\/wp\/v2\/posts\/234009","targetHints":{"allow":["GET"]}}],"collection":[{"href":"https:\/\/www.europesays.com\/es\/wp-json\/wp\/v2\/posts"}],"about":[{"href":"https:\/\/www.europesays.com\/es\/wp-json\/wp\/v2\/types\/post"}],"author":[{"embeddable":true,"href":"https:\/\/www.europesays.com\/es\/wp-json\/wp\/v2\/users\/2"}],"replies":[{"embeddable":true,"href":"https:\/\/www.europesays.com\/es\/wp-json\/wp\/v2\/comments?post=234009"}],"version-history":[{"count":0,"href":"https:\/\/www.europesays.com\/es\/wp-json\/wp\/v2\/posts\/234009\/revisions"}],"wp:featuredmedia":[{"embeddable":true,"href":"https:\/\/www.europesays.com\/es\/wp-json\/wp\/v2\/media\/234010"}],"wp:attachment":[{"href":"https:\/\/www.europesays.com\/es\/wp-json\/wp\/v2\/media?parent=234009"}],"wp:term":[{"taxonomy":"category","embeddable":true,"href":"https:\/\/www.europesays.com\/es\/wp-json\/wp\/v2\/categories?post=234009"},{"taxonomy":"post_tag","embeddable":true,"href":"https:\/\/www.europesays.com\/es\/wp-json\/wp\/v2\/tags?post=234009"}],"curies":[{"name":"wp","href":"https:\/\/api.w.org\/{rel}","templated":true}]}}