{"id":234030,"date":"2025-11-13T16:35:20","date_gmt":"2025-11-13T16:35:20","guid":{"rendered":"https:\/\/www.europesays.com\/es\/234030\/"},"modified":"2025-11-13T16:35:20","modified_gmt":"2025-11-13T16:35:20","slug":"crim-futur-medieval-rockzone","status":"publish","type":"post","link":"https:\/\/www.europesays.com\/es\/234030\/","title":{"rendered":"CRIM &#8211; &#8216;Futur Medieval&#8217; &#8211; RockZone"},"content":{"rendered":"<p>        <a href=\"https:\/\/www.rockzonemag.com\/wp-content\/uploads\/2025\/11\/Crim-foto-critica-2025.jpeg\" data-caption=\"Foto: Alberto Cano\" rel=\"nofollow noopener\" target=\"_blank\"><img loading=\"lazy\" decoding=\"async\" width=\"640\" height=\"360\" class=\"entry-thumb td-modal-image\" src=\"https:\/\/www.europesays.com\/es\/wp-content\/uploads\/2025\/11\/Crim-foto-critica-2025-640x360.jpeg\"   alt=\"\" title=\"Crim-foto-critica-2025\"\/><\/a>Foto: Alberto Cano<\/p>\n<p><strong>Futuro medieval. <a href=\"https:\/\/www.rockzonemag.com\/tag\/crim\/\" rel=\"nofollow noopener\" target=\"_blank\">Crim<\/a> hacen uso de un ox\u00edmoron en el t\u00edtulo de su nuevo disco para lanzar una advertencia tan clara como contundente: si seguimos as\u00ed, el porvenir de la especie humana ser\u00e1 oscuro, brutal y retr\u00f3grado.<\/strong><\/p>\n<p><a href=\"https:\/\/www.primaverasound.com\/es\/tours\/turnstile-barcelona-sant-jordi-club-madrid-palacio-vistalegre-noviembre-2025?utm_source=rockzone&amp;utm_medium=banner&amp;utm_campaign=turnstile_nov25K\" target=\"_blank\" rel=\"nofollow noopener\"><img decoding=\"async\" src=\"https:\/\/www.europesays.com\/es\/wp-content\/uploads\/2025\/11\/TURNSTILE_Banner_1.gif\"\/><\/a><\/p>\n<p><img fetchpriority=\"high\" decoding=\"async\" class=\" wp-image-47631 alignleft\" src=\"https:\/\/www.rockzonemag.com\/wp-content\/uploads\/2025\/11\/Crim-portada-2025-Futur-1024x1024.webp\" alt=\"\" width=\"226\" height=\"226\"  \/>El quinto LP de los tarraconenses es un pu\u00f1etazo en la mesa, repleto de letras inteligentes e ir\u00f3nicas contra el ego\u00edsmo, el capitalismo que todo lo devora, la tecnolog\u00eda acaparadora, la especulaci\u00f3n inmobiliaria y la hipocres\u00eda generalizada. A nivel musical, la mejor noticia es que no hay sobresaltos: Crim siguen sonando a Crim. La voz de Adri contin\u00faa omnipresente, incluso a\u00fan m\u00e1s desgarrada, los punteos de guitarra mantienen su punter\u00eda milim\u00e9trica y la base r\u00edtmica no concede ni un respiro.<\/p>\n<p>Confieso que sent\u00eda cierto v\u00e9rtigo antes de ponerme Futur Medieval por primera vez. Can\u00e7ons De Mort, su anterior disco de 2023, me sigue pareciendo un disco redondo, casi perfecto, y tem\u00eda que las nuevas canciones no pudieran estar a la misma altura. Pero, sorpresa: puede que no lo supere, pero lo iguala. Y con el tiempo, estoy convencido de que Futur Medieval acabar\u00e1 ocupando el mismo pedestal que los mejores trabajos del grupo.<\/p>\n<p>El disco arranca con dos truenos: \u2018\u00c9sser de Llum\u2019 y \u2018L\u2019Aula dels Dofins\u2019, tralla en vena. Luego llegan los dos adelantos: la canci\u00f3n titular y \u2018Combats d\u2019autoesgrima\u2019, dos aut\u00e9nticos temazos que condensan todo lo que hace grande a Crim. \u2018Res de Nou\u2019 y \u2018Festa d\u2019una Persona\u2019 pueden parecer menores en una primera escucha, pero crecen con el tiempo hasta instalarse en la cabeza. Despu\u00e9s, llega el turno de \u2018Carnets de Punk\u2019, EL SINGLE (s\u00ed, con may\u00fasculas), que entra con unas brutales l\u00edneas de bajo y deja claro qui\u00e9n manda aqu\u00ed.<\/p>\n<p>Superado el ecuador, \u2018Depressi\u00f3 Sota El Cap\u00f3\u2019 se impone como candidata a favorita del disco. Dif\u00edcil escoger entre tanta inspiraci\u00f3n, pero esta brilla con luz propia: tiene solos de guitarra, una estructura impecable y, con menos de dos minutos y veinte segundos, demuestra que no hace falta extenderse para dejar huella. Y cuando parece que el nivel no puede mantenerse, Crim responden con una r\u00e1faga de temazos: \u2018Nihilisme Pop\u2019, \u2018Si Jo No Fos Tan Idiota\u2019, \u2018Sota de Tot\u2019 y \u2018De Guix i de Ciment\u2019. Sin palabras. Sin piedad.<\/p>\n<p>El \u00faltimo golpe medieval llega con \u2018Pres\u00f3 Mental\u2019, versi\u00f3n de Kitsch, banda catalana de post punk surgida en Banyoles a finales de los 80 totalmente de culto. Al dejarla para el final, lo \u00faltimo que escuchamos de Adri es ese grito de resistencia: \u00abNo hi ha pitjor tortura que pensar!\u00bb.\u00a0En la Edad Media, pensar era motivo de tortura; hoy, parece que volvemos a lo mismo, con quienes imponen su criterio a golpe de fuerza bruta. Mierda de futuro medieval. Pero qu\u00e9 gran disco.<\/p>\n<p style=\"font-weight: 400;\"><strong>JORDIAN FO<\/strong><\/p>\n<p><a href=\"https:\/\/www.ticketmaster.es\/artist\/linkin-park-entradas\/10021?int_cmp_name=LINKIN-PARK&amp;int_cmp_id=ES-Home-501&amp;int_cmp_creative=Home-main-4.0&amp;tm_link=tm_ccp_Home_main_LINKIN-PARK\" target=\"_blank\" rel=\"nofollow noopener\"><img decoding=\"async\" src=\"https:\/\/www.europesays.com\/es\/wp-content\/uploads\/2025\/07\/Banner-Linkin-Park-2-Rock-Zone-1060x200-1.png\"\/><\/a>        <\/p>\n","protected":false},"excerpt":{"rendered":"Foto: Alberto Cano Futuro medieval. Crim hacen uso de un ox\u00edmoron en el t\u00edtulo de su nuevo disco&hellip;\n","protected":false},"author":2,"featured_media":234031,"comment_status":"","ping_status":"","sticky":false,"template":"","format":"standard","meta":{"footnotes":""},"categories":[170],"tags":[146,147,25,24,184,185,23],"class_list":{"0":"post-234030","1":"post","2":"type-post","3":"status-publish","4":"format-standard","5":"has-post-thumbnail","7":"category-musica","8":"tag-entertainment","9":"tag-entretenimiento","10":"tag-es","11":"tag-espana","12":"tag-music","13":"tag-musica","14":"tag-spain"},"share_on_mastodon":{"url":"https:\/\/pubeurope.com\/@es\/115543365605757815","error":""},"_links":{"self":[{"href":"https:\/\/www.europesays.com\/es\/wp-json\/wp\/v2\/posts\/234030","targetHints":{"allow":["GET"]}}],"collection":[{"href":"https:\/\/www.europesays.com\/es\/wp-json\/wp\/v2\/posts"}],"about":[{"href":"https:\/\/www.europesays.com\/es\/wp-json\/wp\/v2\/types\/post"}],"author":[{"embeddable":true,"href":"https:\/\/www.europesays.com\/es\/wp-json\/wp\/v2\/users\/2"}],"replies":[{"embeddable":true,"href":"https:\/\/www.europesays.com\/es\/wp-json\/wp\/v2\/comments?post=234030"}],"version-history":[{"count":0,"href":"https:\/\/www.europesays.com\/es\/wp-json\/wp\/v2\/posts\/234030\/revisions"}],"wp:featuredmedia":[{"embeddable":true,"href":"https:\/\/www.europesays.com\/es\/wp-json\/wp\/v2\/media\/234031"}],"wp:attachment":[{"href":"https:\/\/www.europesays.com\/es\/wp-json\/wp\/v2\/media?parent=234030"}],"wp:term":[{"taxonomy":"category","embeddable":true,"href":"https:\/\/www.europesays.com\/es\/wp-json\/wp\/v2\/categories?post=234030"},{"taxonomy":"post_tag","embeddable":true,"href":"https:\/\/www.europesays.com\/es\/wp-json\/wp\/v2\/tags?post=234030"}],"curies":[{"name":"wp","href":"https:\/\/api.w.org\/{rel}","templated":true}]}}