{"id":234042,"date":"2025-11-13T16:41:15","date_gmt":"2025-11-13T16:41:15","guid":{"rendered":"https:\/\/www.europesays.com\/es\/234042\/"},"modified":"2025-11-13T16:41:15","modified_gmt":"2025-11-13T16:41:15","slug":"moeve-gana-246-millones-hasta-septiembre-un-126-mas-gracias-al-buen-desempeno-de-los-margenes-de-refino","status":"publish","type":"post","link":"https:\/\/www.europesays.com\/es\/234042\/","title":{"rendered":"Moeve gana 246 millones hasta septiembre, un 126% m\u00e1s, gracias al buen desempe\u00f1o de los m\u00e1rgenes de refino"},"content":{"rendered":"<p class=\"paragraph-atom&#10;        &#10;        B-510-400-550-N B-525-400-700-N--md&#10;        &#10;        \">\n    <a href=\"https:\/\/www.elconciso.es\/energia\/moeve-60-anos-andalucia-empleos_0_2004970999.html\" rel=\"nofollow noopener\" target=\"_blank\">Moeve<\/a> ha cerrado el tercer trimestre con un <strong>beneficio acumulado de 246 millones de euros<\/strong> en lo que va de a\u00f1o, lo que supone un notable <strong>incremento del 126%<\/strong> respecto al mismo per\u00edodo de 2024. La <strong>mejora de los m\u00e1rgenes de refino<\/strong> y la desaparici\u00f3n del impuesto extraordinario a las energ\u00e9ticas han impulsado este resultado.\n    <\/p>\n<p class=\"paragraph-atom&#10;        &#10;        B-510-400-550-N B-525-400-700-N--md&#10;        &#10;        \">\n    Pese al mejor resultado general, el <strong>resultado bruto de explotaci\u00f3n<\/strong> (ebitda) ajustado de la empresa <strong>se redujo un 19% hasta septiembre, con 1.192 millones de euros<\/strong>, marcado por el <strong>apag\u00f3n del pasado abril<\/strong>, entre otros factores. En cuanto al <strong>beneficio neto ajustado<\/strong>, que mide \u00fanicamente el desempe\u00f1o de los negocios, se mantiene en niveles de 2024, con <strong>472 millones<\/strong>.\n    <\/p>\n<p class=\"paragraph-atom&#10;        &#10;        B-510-400-550-N B-525-400-700-N--md&#10;        &#10;        \">\n    Moeve acumula una <a href=\"https:\/\/www.elconciso.es\/energia\/moeve-liderar-transicion-energetica-andalucia-inversion_0_2004382559.html\" rel=\"nofollow noopener\" target=\"_blank\">inversi\u00f3n<\/a> de <strong>757 millones de euros<\/strong> en lo que va de a\u00f1o, de los cuales <strong>52%<\/strong> fueron dedicados a <a href=\"https:\/\/www.elconciso.es\/energia\/moeve-alianza-global-energias-renovables_0_2004867675.html\" rel=\"nofollow noopener\" target=\"_blank\">proyectos relacionados con la transici\u00f3n energ\u00e9tica<\/a>, como es el caso de la planta de <a href=\"https:\/\/www.elconciso.es\/energia\/moeve-suministro-diesel-renovable-vehiculos-aeropuerto-barcelona_0_2004976146.html\" rel=\"nofollow noopener\" target=\"_blank\">biocombustibles de segunda generaci\u00f3n<\/a> (HVO) y la de alcohol isoprop\u00edlico (IPA) que la compa\u00f1\u00eda ha comenzado a construir en Huelva.\n    <\/p>\n<p class=\"paragraph-atom&#10;        &#10;        B-510-400-550-N B-525-400-700-N--md&#10;        &#10;        \">\n    Los resultados espec\u00edficos del <strong>tercer trimestre<\/strong> arrojan un <strong>resultado bruto de 459 millones<\/strong>, con un <strong>incremento del 20%<\/strong> respecto al mismo per\u00edodo de 2024. Moeve, entre junio y septiembre, <strong>gan\u00f3 64 millones<\/strong>, dejando atr\u00e1s el resultado negativo de 59 millones del mismo trimestre el pasado a\u00f1o. El buen rendimiento de los <strong>m\u00e1rgenes de refino<\/strong>, la menor dependencia de las <strong>variaciones del barril de brent<\/strong> y la alta tasa de utilizaci\u00f3n en el refino han impulsado este resultado. El flujo de caja aument\u00f3 un 52% hasta 479 millones y las inversiones ascendieron a 255 millones.\n    <\/p>\n<p class=\"paragraph-atom&#10;        &#10;        B-510-400-550-N B-525-400-700-N--md&#10;        &#10;        \">\n    La <strong>deuda neta de la energ\u00e9tica<\/strong> se situ\u00f3 a septiembre en <strong>2.328 millones<\/strong>, menor que la alcanzada al cierre del primer semestre. El <strong>flujo de caja de operaciones<\/strong> del grupo se situ\u00f3 en <strong>1.131 millones<\/strong> hasta septiembre, lo que, seg\u00fan Moeve, le ha permitido seguir financiando su estrategia Positive Motion mientras mantiene un <strong>balance s\u00f3lido<\/strong>. <strong>Carmen de Pablo,<\/strong> responsable financiera de la empresa, destac\u00f3 en la presentaci\u00f3n de resultados la apuesta por una posici\u00f3n s\u00f3lida de <strong>liquidez<\/strong>, que se sit\u00faa en <strong>5.519 millones<\/strong>, un 12% menos que el pasado a\u00f1o pero mejor que al cierre del primer semestre.\n    <\/p>\n<p class=\"paragraph-atom&#10;        &#10;        B-510-400-550-N B-525-400-700-N--md&#10;        &#10;        \">\n    El consejero delegado de Moeve, <strong>Maarten Wetselaar<\/strong>, destac\u00f3 en una nota de prensa que, en el tercer trimestre,<strong> la cartera diversificada y unos firmes resultados operativos<\/strong> han permitido al grupo mantener un flujo de caja resiliente.\n    <\/p>\n<p class=\"paragraph-atom&#10;        &#10;        B-510-400-550-N B-525-400-700-N--md&#10;        &#10;        \">\n    \u00abSeguimos comprometidos con nuestra estrategia Positive Motion, con especial hincapi\u00e9 en el crecimiento sostenible. Nuestra decisi\u00f3n de asignar m\u00e1s del 50% de las inversiones a la transici\u00f3n energ\u00e9tica refleja nuestro <strong>enfoque en la asignaci\u00f3n de capital<\/strong> y nuestra firme determinaci\u00f3n de dar <strong>prioridad a iniciativas que impulsen nuestro liderazgo en la transici\u00f3n energ\u00e9tica europea<\/strong>. De cara al futuro, seguimos confiando en nuestra capacidad de adaptaci\u00f3n, ejecuci\u00f3n y creaci\u00f3n de valor compartido a largo plazo\u00bb, a\u00f1adi\u00f3.\n    <\/p>\n<p>        Negocios<\/p>\n<p class=\"paragraph-atom&#10;        &#10;        B-510-400-550-N B-525-400-700-N--md&#10;        &#10;        \">\n    Por negocios, el <strong>\u00e1rea de energ\u00eda<\/strong> (Energy Parks, Commercial &amp; Clean Energies, Mobility y Trading) obtuvo un <strong>ebitda ajustado de 411 millones<\/strong> en el tercer trimestre. Esto supone un <strong>aumento del 49%<\/strong> respecto al mismo periodo del a\u00f1o anterior, marcado principalmente por el citado aumento de los m\u00e1rgenes de refino y a una tasa de utilizaci\u00f3n del 94%. La <strong>producci\u00f3n de los parques energ\u00e9ticos<\/strong> hasta septiembre baj\u00f3 un 7% hasta <strong>14,9 millones de toneladas<\/strong> mientras que las ventas crecieron un 6% a 13,4 millones de toneladas\n    <\/p>\n<p class=\"paragraph-atom&#10;        &#10;        B-510-400-550-N B-525-400-700-N--md&#10;        &#10;        \">\n    En cuanto a la <a href=\"https:\/\/www.elconciso.es\/energia\/moeve-chemicals-shanghai-fenol-sostenible-china_0_2005137322.html\" rel=\"nofollow noopener\" target=\"_blank\">rama qu\u00edmica<\/a>, <strong>redujo su ebitda a 31 millones<\/strong> de euros en el tercer trimestre, frente a los 68 millones del mismo periodo de hace un a\u00f1o. Los <strong>bajos m\u00e1rgenes del segmento del fenol<\/strong> son los principales responsables de este resultado, pese a que los <a href=\"https:\/\/www.diariodesevilla.es\/economia\/lab-moeve-san-roque-lavadoras_0_2003387519.html\" rel=\"nofollow noopener\" target=\"_blank\">mercados de alquibenceno lineal (LAB)<\/a> se mantuvieron relativamente estables. Las ventas de este \u00e1rea se han situado en <strong>1,6 millones de toneladas, <\/strong>un 9% menos que el pasado a\u00f1o.\n    <\/p>\n<p class=\"paragraph-atom&#10;        &#10;        B-510-400-550-N B-525-400-700-N--md&#10;        &#10;        \">\n    El <strong>negocio de exploraci\u00f3n y producci\u00f3n<\/strong> registr\u00f3 un ebitda ajustado de<strong> 61 millones en el tercer trimestre<\/strong>, frente a los 85 millones del mismo periodo de 2024, lastrado por el descenso de los precios del barril de brent. Pese al resultado, <strong>Carmen de Pablo <\/strong>destac\u00f3 que la venta en el \u00faltimo a\u00f1o de varios de sus activos de extracci\u00f3n ha permitido <strong>reducir la dependencia<\/strong> de la empresa de las variaciones en el precio del barril.\n    <\/p>\n","protected":false},"excerpt":{"rendered":"Moeve ha cerrado el tercer trimestre con un beneficio acumulado de 246 millones de euros en lo que&hellip;\n","protected":false},"author":2,"featured_media":234043,"comment_status":"","ping_status":"","sticky":false,"template":"","format":"standard","meta":{"footnotes":""},"categories":[80],"tags":[82,95,94,25,24,4355,4724,54186,60952,1971,23],"class_list":{"0":"post-234042","1":"post","2":"type-post","3":"status-publish","4":"format-standard","5":"has-post-thumbnail","7":"category-economia","8":"tag-business","9":"tag-economia","10":"tag-economy","11":"tag-es","12":"tag-espana","13":"tag-gana","14":"tag-millones","15":"tag-moeve","16":"tag-refino","17":"tag-septiembre","18":"tag-spain"},"share_on_mastodon":{"url":"https:\/\/pubeurope.com\/@es\/115543388242646953","error":""},"_links":{"self":[{"href":"https:\/\/www.europesays.com\/es\/wp-json\/wp\/v2\/posts\/234042","targetHints":{"allow":["GET"]}}],"collection":[{"href":"https:\/\/www.europesays.com\/es\/wp-json\/wp\/v2\/posts"}],"about":[{"href":"https:\/\/www.europesays.com\/es\/wp-json\/wp\/v2\/types\/post"}],"author":[{"embeddable":true,"href":"https:\/\/www.europesays.com\/es\/wp-json\/wp\/v2\/users\/2"}],"replies":[{"embeddable":true,"href":"https:\/\/www.europesays.com\/es\/wp-json\/wp\/v2\/comments?post=234042"}],"version-history":[{"count":0,"href":"https:\/\/www.europesays.com\/es\/wp-json\/wp\/v2\/posts\/234042\/revisions"}],"wp:featuredmedia":[{"embeddable":true,"href":"https:\/\/www.europesays.com\/es\/wp-json\/wp\/v2\/media\/234043"}],"wp:attachment":[{"href":"https:\/\/www.europesays.com\/es\/wp-json\/wp\/v2\/media?parent=234042"}],"wp:term":[{"taxonomy":"category","embeddable":true,"href":"https:\/\/www.europesays.com\/es\/wp-json\/wp\/v2\/categories?post=234042"},{"taxonomy":"post_tag","embeddable":true,"href":"https:\/\/www.europesays.com\/es\/wp-json\/wp\/v2\/tags?post=234042"}],"curies":[{"name":"wp","href":"https:\/\/api.w.org\/{rel}","templated":true}]}}