{"id":234054,"date":"2025-11-13T16:50:14","date_gmt":"2025-11-13T16:50:14","guid":{"rendered":"https:\/\/www.europesays.com\/es\/234054\/"},"modified":"2025-11-13T16:50:14","modified_gmt":"2025-11-13T16:50:14","slug":"las-federaciones-de-invierno-no-quieren-que-el-ciclocross-sea-prueba-olimpica","status":"publish","type":"post","link":"https:\/\/www.europesays.com\/es\/234054\/","title":{"rendered":"Las federaciones de invierno no quieren que el ciclocross sea prueba ol\u00edmpica"},"content":{"rendered":"<p>La decisi\u00f3n no es definitiva, pero sin duda alguna hablamos de un golpe duro. El ciclocross y el cross (atletismo en campo abierto o campo a trav\u00e9s) quieren ser pruebas ol\u00edmpicas en los Juegos de 203o y cuentan con el fuerte respaldo de las federaciones internacionales de ciclismo (UCI) y de atletismo, pero en el camino han aparecido enemigos bien fuertes.<\/p>\n<p>La decisi\u00f3n final ser\u00e1 tomada en el mes de febrero de 2026. En esa fecha, el <strong>Comit\u00e9 Ol\u00edmpico Internacional<\/strong> tiene que reflexionar sobre la viabilidad de los <strong>Juegos Ol\u00edmpicos de Invierno<\/strong>, un evento totalmente eclipsado por los Juegos Ol\u00edmpicos de Verano. Algunas federaciones son partidarias de incluir nuevas competiciones con tradici\u00f3n global en pa\u00edses que hasta ahora no son fans de los Juegos de Invierno. El ciclocross y el cross, por ejemplo, har\u00edan mucho por extender la atenci\u00f3n a mercados como B\u00e9lgica o Espa\u00f1a (ciclocross) o al continente africano (cross). Pero no todos est\u00e1n de acuerdo con esta innovadora propuesta.<\/p>\n<p>Las <strong>federaciones ol\u00edmpicas de invierno<\/strong> han afirmado que no quieren en el programa oficial ni al ciclocross ni al cross para los Juegos de 2030 y argumentan que la esencia de los juegos invernales es <strong>la nieve o el hielo<\/strong> y que ninguna de esas dos especialidades cumple con esos valores de pureza. Lo cierto es que el ciclocross s\u00ed que se ha competido en m\u00e1s de una ocasi\u00f3n y de dos sobre nieve y\/o hielo y si en la actualidad no hay m\u00e1s pruebas con esas circunstancias es sencillamente por el calentamiento global de los \u00faltimos a\u00f1os, circunstancia que ha hecho que en pa\u00edses como Rep\u00fablica Checa o B\u00e9lgica sea mucho menos frecuente la presencia de nieve.<\/p>\n<p>De todos modos, la clave va en otra direcci\u00f3n: esas mismas federaciones ol\u00edmpicas de invierno han solicitado al Comit\u00e9 Ol\u00edmpico Internacional que incluya nuevas pruebas de los deportes de invierno actuales para ser m\u00e1s atractivo y conseguir mejores audiencias. O dicho de otro modo: l<strong>as federaciones de invierno quieren incluir a m\u00e1s deportistas de sus deportes para que haya m\u00e1s medallas, m\u00e1s becas, m\u00e1s t\u00e9cnicos contratados, m\u00e1s deportistas implicados<\/strong>\u2026 y para eso necesitan que otros deportes no sean aceptados.<\/p>\n<p>La carta viene firmada por las federaciones de <strong>esqu\u00ed alpino, snowboard, biatl\u00f3n, curling, luge, bobsleigh y skeleton<\/strong>. Y puede ser que acaben ganando en su petici\u00f3n dentro de un debate que debe ser resuelto por el Comit\u00e9 Ol\u00edmpico Internacional, pero lo cierto es que en su propia carta reconocen un problema muy grave sobre la viabilidad y solvencia de los Juegos de Invierno: no consiguen la audiencia suficiente. Por eso es por lo que ciclismo y atletismo han propuesto el aterrizaje de dos competiciones globales y con una incuestionable tradici\u00f3n de deporte invernal.<\/p>\n","protected":false},"excerpt":{"rendered":"La decisi\u00f3n no es definitiva, pero sin duda alguna hablamos de un golpe duro. El ciclocross y el&hellip;\n","protected":false},"author":2,"featured_media":234055,"comment_status":"","ping_status":"","sticky":false,"template":"","format":"standard","meta":{"footnotes":""},"categories":[273],"tags":[313,312,168,25,24,23,167],"class_list":{"0":"post-234054","1":"post","2":"type-post","3":"status-publish","4":"format-standard","5":"has-post-thumbnail","7":"category-ciclismo","8":"tag-ciclismo","9":"tag-cycling","10":"tag-deportes","11":"tag-es","12":"tag-espana","13":"tag-spain","14":"tag-sports"},"share_on_mastodon":{"url":"https:\/\/pubeurope.com\/@es\/115543423279676923","error":""},"_links":{"self":[{"href":"https:\/\/www.europesays.com\/es\/wp-json\/wp\/v2\/posts\/234054","targetHints":{"allow":["GET"]}}],"collection":[{"href":"https:\/\/www.europesays.com\/es\/wp-json\/wp\/v2\/posts"}],"about":[{"href":"https:\/\/www.europesays.com\/es\/wp-json\/wp\/v2\/types\/post"}],"author":[{"embeddable":true,"href":"https:\/\/www.europesays.com\/es\/wp-json\/wp\/v2\/users\/2"}],"replies":[{"embeddable":true,"href":"https:\/\/www.europesays.com\/es\/wp-json\/wp\/v2\/comments?post=234054"}],"version-history":[{"count":0,"href":"https:\/\/www.europesays.com\/es\/wp-json\/wp\/v2\/posts\/234054\/revisions"}],"wp:featuredmedia":[{"embeddable":true,"href":"https:\/\/www.europesays.com\/es\/wp-json\/wp\/v2\/media\/234055"}],"wp:attachment":[{"href":"https:\/\/www.europesays.com\/es\/wp-json\/wp\/v2\/media?parent=234054"}],"wp:term":[{"taxonomy":"category","embeddable":true,"href":"https:\/\/www.europesays.com\/es\/wp-json\/wp\/v2\/categories?post=234054"},{"taxonomy":"post_tag","embeddable":true,"href":"https:\/\/www.europesays.com\/es\/wp-json\/wp\/v2\/tags?post=234054"}],"curies":[{"name":"wp","href":"https:\/\/api.w.org\/{rel}","templated":true}]}}