{"id":234103,"date":"2025-11-13T17:24:15","date_gmt":"2025-11-13T17:24:15","guid":{"rendered":"https:\/\/www.europesays.com\/es\/234103\/"},"modified":"2025-11-13T17:24:15","modified_gmt":"2025-11-13T17:24:15","slug":"rebaten-los-estudios-que-vinculan-microbiota-intestinal-y-autismo","status":"publish","type":"post","link":"https:\/\/www.europesays.com\/es\/234103\/","title":{"rendered":"Rebaten los estudios que vinculan microbiota intestinal y autismo"},"content":{"rendered":"<p>Este art\u00edculo de opini\u00f3n analiza cr\u00edticamente la evidencia que sugiere una relaci\u00f3n causal entre el microbioma intestinal y el autismo. Los autores argumentan que esta hip\u00f3tesis carece de fundamentos s\u00f3lidos, ya que los estudios existentes tienen limitaciones conceptuales, metodol\u00f3gicas y\/o estad\u00edsticas. En particular, muestran que las diferencias espec\u00edficas en el microbioma de personas autistas son inconsistentes, de escasa magnitud y que pueden reflejar consecuencias del trastorno (por ejemplo, diferencias en dieta o comorbilidades gastrointestinales) m\u00e1s que causas. Muchos de los problemas que se reflejan en este campo son comunes a los estudios de microbioma: bajo n\u00famero en estudios observacionales, falta de modelos animales apropiados, establecimiento de correlaciones no implica causa-efecto, etc.\u00a0\u00a0<\/p>\n<p>Comparto, en parte, la visi\u00f3n de los autores en las dificultades de que estudios en microbioma puedan establecer relaciones causales y no simplemente correlaciones, y que en que este campo la prensa y la industria a menudo tratan estos resultados de manera exagerada, presentando err\u00f3neamente correlaciones probadas como evidencia de causalidad. Este tipo de interpretaciones apresuradas pueden ser explotadas por la industria nutrac\u00e9utica o de probi\u00f3ticos para vender productos con eficacia no comprobada, lo cual puede generar falsas esperanzas. Hoy en d\u00eda existe evidencia s\u00f3lida de correlaciones entre alteraciones intestinales y autismo, pero las pruebas de causalidad siguen siendo hipot\u00e9ticas y dif\u00edciles de demostrar debido al tama\u00f1o limitado de los estudios, la gran cantidad de factores no controlados y la falta de modelos animales adecuados. Dado que el autismo tiene una alta heredabilidad y una base gen\u00e9tica compleja, los cambios en el microbioma podr\u00edan ser m\u00e1s una consecuencia que una causa, o ser un factor que promueva el desarrollo siempre que exista una predisposici\u00f3n gen\u00e9tica. Aun as\u00ed, es fundamental seguir investigando posibles v\u00ednculos causales de manera rigurosa, siempre siendo prudentes en la comunicaci\u00f3n de los resultados para no generar falsas esperanzas.<\/p>\n","protected":false},"excerpt":{"rendered":"Este art\u00edculo de opini\u00f3n analiza cr\u00edticamente la evidencia que sugiere una relaci\u00f3n causal entre el microbioma intestinal y&hellip;\n","protected":false},"author":2,"featured_media":234104,"comment_status":"","ping_status":"","sticky":false,"template":"","format":"standard","meta":{"footnotes":""},"categories":[92],"tags":[3349,25,24,165,38403,166,23],"class_list":{"0":"post-234103","1":"post","2":"type-post","3":"status-publish","4":"format-standard","5":"has-post-thumbnail","7":"category-salud","8":"tag-autismo","9":"tag-es","10":"tag-espana","11":"tag-health","12":"tag-microbioma","13":"tag-salud","14":"tag-spain"},"share_on_mastodon":{"url":"https:\/\/pubeurope.com\/@es\/115543556918204777","error":""},"_links":{"self":[{"href":"https:\/\/www.europesays.com\/es\/wp-json\/wp\/v2\/posts\/234103","targetHints":{"allow":["GET"]}}],"collection":[{"href":"https:\/\/www.europesays.com\/es\/wp-json\/wp\/v2\/posts"}],"about":[{"href":"https:\/\/www.europesays.com\/es\/wp-json\/wp\/v2\/types\/post"}],"author":[{"embeddable":true,"href":"https:\/\/www.europesays.com\/es\/wp-json\/wp\/v2\/users\/2"}],"replies":[{"embeddable":true,"href":"https:\/\/www.europesays.com\/es\/wp-json\/wp\/v2\/comments?post=234103"}],"version-history":[{"count":0,"href":"https:\/\/www.europesays.com\/es\/wp-json\/wp\/v2\/posts\/234103\/revisions"}],"wp:featuredmedia":[{"embeddable":true,"href":"https:\/\/www.europesays.com\/es\/wp-json\/wp\/v2\/media\/234104"}],"wp:attachment":[{"href":"https:\/\/www.europesays.com\/es\/wp-json\/wp\/v2\/media?parent=234103"}],"wp:term":[{"taxonomy":"category","embeddable":true,"href":"https:\/\/www.europesays.com\/es\/wp-json\/wp\/v2\/categories?post=234103"},{"taxonomy":"post_tag","embeddable":true,"href":"https:\/\/www.europesays.com\/es\/wp-json\/wp\/v2\/tags?post=234103"}],"curies":[{"name":"wp","href":"https:\/\/api.w.org\/{rel}","templated":true}]}}