{"id":234109,"date":"2025-11-13T17:30:14","date_gmt":"2025-11-13T17:30:14","guid":{"rendered":"https:\/\/www.europesays.com\/es\/234109\/"},"modified":"2025-11-13T17:30:14","modified_gmt":"2025-11-13T17:30:14","slug":"cop30-llamamiento-a-la-accion-ante-la-crisis-climatica-y-humanitaria","status":"publish","type":"post","link":"https:\/\/www.europesays.com\/es\/234109\/","title":{"rendered":"COP30: llamamiento a la acci\u00f3n ante la crisis clim\u00e1tica y humanitaria"},"content":{"rendered":"<p>En paralelo al inicio de la cumbre, ACNUR present\u00f3 un nuevo informe que describe una realidad alarmante: <strong>los desastres relacionados con el clima <\/strong>(sequ\u00edas, inundaciones, olas de calor\u2026)<strong> han causado unos 250 millones de desplazamientos internos en los \u00faltimos diez a\u00f1os<\/strong>, una media de 70.000 personas al d\u00eda (2 desplazamientos cada 3 segundos).<\/p>\n<p>A mediados de 2025, <strong>117 millones de personas en todo el mundo<\/strong> estaban desplazadas por la guerra, la violencia o la persecuci\u00f3n, y <strong>de ellas, tres de cada cuatro viven en pa\u00edses con alta o extrema exposici\u00f3n a riesgos clim\u00e1ticos<\/strong>.<\/p>\n<p>\u201cLas condiciones meteorol\u00f3gicas extremas est\u00e1n interrumpiendo el acceso a los servicios esenciales, destruyendo hogares y obligando a las familias \u2014muchas de las cuales ya han huido de la violencia\u2014 a huir una vez m\u00e1s\u201d, advirti\u00f3 el Alto Comisionado de la ONU para los Refugiados, <strong>Filippo Grandi<\/strong>, desde Bel\u00e9m. \u201cSe trata de personas que ya han sufrido p\u00e9rdidas inmensas y que ahora se enfrentan a la devastaci\u00f3n. Se encuentran entre los m\u00e1s afectados por las graves sequ\u00edas, las inundaciones mortales y las olas de calor sin precedentes, pero son los que menos recursos tienen para recuperarse\u201d.<\/p>\n<p>En zonas como <a href=\"https:\/\/eacnur.org\/node\/7264\/\" rel=\"nofollow noopener\" target=\"_blank\"><strong>Chad<\/strong><\/a>, la poblaci\u00f3n refugiada que llega huyendo de la guerra en Sud\u00e1n reciben <strong>menos de 10 litros de agua al d\u00eda<\/strong>, por debajo de los est\u00e1ndares de emergencia. Seg\u00fan ACNUR, los campos de refugiados m\u00e1s calurosos del mundo (situados en Gambia, Eritrea, Etiop\u00eda, Senegal y Mal\u00ed) podr\u00edan enfrentar <strong>hasta 200 d\u00edas de estr\u00e9s t\u00e9rmico peligroso al a\u00f1o para 2050<\/strong>, lo que amenaza con volverlos inhabitables por la combinaci\u00f3n letal de calor extremo y alta humedad.<\/p>\n<p>El informe tambi\u00e9n advierte que <strong>el 75% del suelo africano est\u00e1 degradado<\/strong>, y que <strong>m\u00e1s de la mitad de los campos de refugiados<\/strong> del continente se encuentran en <strong>\u00e1reas de alto estr\u00e9s ecol\u00f3gico<\/strong>. La falta de agua, alimentos e ingresos impulsa en algunos lugares el reclutamiento por parte de grupos armados, reforzando un ciclo de violencia y desplazamiento.<\/p>\n<p>A pesar de las crecientes necesidades, los pa\u00edses que acogen a personas refugiadas solo reciben <strong>una cuarta parte de la financiaci\u00f3n clim\u00e1tica que necesitan<\/strong>, denuncia la ACNUR. Grandi fue tajante: \u201cLos recortes de financiaci\u00f3n est\u00e1n limitando gravemente nuestra capacidad para proteger a las personas desplazadas de los efectos del clima extremo\u201d.<\/p>\n<p><img loading=\"lazy\" decoding=\"async\" src=\"https:\/\/www.europesays.com\/es\/wp-content\/uploads\/2025\/11\/inundaciones_honduras.jpg\" width=\"2200\" height=\"1466\"\/>Foto: \u00a9 ACNUR\/Santi Palacios.<\/p>\n","protected":false},"excerpt":{"rendered":"En paralelo al inicio de la cumbre, ACNUR present\u00f3 un nuevo informe que describe una realidad alarmante: los&hellip;\n","protected":false},"author":2,"featured_media":234110,"comment_status":"","ping_status":"","sticky":false,"template":"","format":"standard","meta":{"footnotes":""},"categories":[42],"tags":[17,18,1295,40605,60957,13,14,11,61,62,63,64,19,20,9,10,15,16,12,21,22,65,66,67],"class_list":{"0":"post-234109","1":"post","2":"type-post","3":"status-publish","4":"format-standard","5":"has-post-thumbnail","7":"category-internacional","8":"tag-breaking-news","9":"tag-breakingnews","10":"tag-cambio-climatico","11":"tag-cop30","12":"tag-desplazados-climaticos","13":"tag-featured-news","14":"tag-featurednews","15":"tag-headlines","16":"tag-internacional","17":"tag-international","18":"tag-international-news","19":"tag-internationalnews","20":"tag-latest-news","21":"tag-latestnews","22":"tag-news","23":"tag-noticias","24":"tag-noticias-destacadas","25":"tag-noticiasdestacadas","26":"tag-titulares","27":"tag-ultimas-noticias","28":"tag-ultimasnoticias","29":"tag-world","30":"tag-world-news","31":"tag-worldnews"},"share_on_mastodon":{"url":"https:\/\/pubeurope.com\/@es\/115543581047953092","error":""},"_links":{"self":[{"href":"https:\/\/www.europesays.com\/es\/wp-json\/wp\/v2\/posts\/234109","targetHints":{"allow":["GET"]}}],"collection":[{"href":"https:\/\/www.europesays.com\/es\/wp-json\/wp\/v2\/posts"}],"about":[{"href":"https:\/\/www.europesays.com\/es\/wp-json\/wp\/v2\/types\/post"}],"author":[{"embeddable":true,"href":"https:\/\/www.europesays.com\/es\/wp-json\/wp\/v2\/users\/2"}],"replies":[{"embeddable":true,"href":"https:\/\/www.europesays.com\/es\/wp-json\/wp\/v2\/comments?post=234109"}],"version-history":[{"count":0,"href":"https:\/\/www.europesays.com\/es\/wp-json\/wp\/v2\/posts\/234109\/revisions"}],"wp:featuredmedia":[{"embeddable":true,"href":"https:\/\/www.europesays.com\/es\/wp-json\/wp\/v2\/media\/234110"}],"wp:attachment":[{"href":"https:\/\/www.europesays.com\/es\/wp-json\/wp\/v2\/media?parent=234109"}],"wp:term":[{"taxonomy":"category","embeddable":true,"href":"https:\/\/www.europesays.com\/es\/wp-json\/wp\/v2\/categories?post=234109"},{"taxonomy":"post_tag","embeddable":true,"href":"https:\/\/www.europesays.com\/es\/wp-json\/wp\/v2\/tags?post=234109"}],"curies":[{"name":"wp","href":"https:\/\/api.w.org\/{rel}","templated":true}]}}