{"id":234111,"date":"2025-11-13T17:31:38","date_gmt":"2025-11-13T17:31:38","guid":{"rendered":"https:\/\/www.europesays.com\/es\/234111\/"},"modified":"2025-11-13T17:31:38","modified_gmt":"2025-11-13T17:31:38","slug":"el-gobierno-ordena-confinar-las-explotaciones-de-aves-de-corral-al-aire-libre-por-la-gripe-aviar-el-salto","status":"publish","type":"post","link":"https:\/\/www.europesays.com\/es\/234111\/","title":{"rendered":"El Gobierno ordena confinar las explotaciones de aves de corral al aire libre por la gripe aviar &#8211; El Salto"},"content":{"rendered":"<p>El Gobierno <a href=\"https:\/\/www.lamoncloa.gob.es\/serviciosdeprensa\/notasprensa\/agricultura\/Paginas\/2025\/131125-ampliacion-confinamiento-aves.aspx\" target=\"_blank\" rel=\"nofollow noopener\">ha ordenado el confinamiento<\/a> de todas las explotaciones de aves de corral al aire libre como medida preventiva ante la expansi\u00f3n de la gripe aviar (virus H5N1) en Espa\u00f1a y otros pa\u00edses europeos.<\/p>\n<p>La decisi\u00f3n afecta a granjas comerciales, explotaciones ecol\u00f3gicas y aves dom\u00e9sticas de autoconsumo, con el objetivo de evitar el contacto entre aves de corral y aves silvestres migratorias, principales transmisoras del virus.<\/p>\n<p>Desde el mes de julio se han notificado 139 brotes de influenza aviar en granjas av\u00edcolas de Europa. En Espa\u00f1a se han producido 14 focos en explotaciones, la mitad de ellos en Castilla y Le\u00f3n, adem\u00e1s de 53 en aves silvestres y 5 en cautivas.<\/p>\n<p>El Ministerio de Agricultura, Pesca y Alimentaci\u00f3n ha establecido esta medida tras detectar un aumento del riesgo de introducci\u00f3n del virus en el territorio estatal. Tambi\u00e9n alertan de que se han reforzado los controles veterinarios y la vigilancia en humedales y zonas de paso de aves migratorias.<\/p>\n<p>El ministerio del ramo recuerda que la gripe aviar no supone un riesgo para la salud humana ni para el consumo de carne o huevos, siempre que los productos se cocinen adecuadamente. Aun as\u00ed, pide extremar la precauci\u00f3n y notificar de inmediato cualquier caso sospechoso o mortalidad anormal de aves.\u00a0El confinamiento es temporal y preventivo, y se mantendr\u00e1 hasta que las condiciones epidemiol\u00f3gicas permitan volver a la normalidad.\u00a0<\/p>\n<p>La orden incluye adem\u00e1s las siguientes medidas. La prohibici\u00f3n\u00a0de la cr\u00eda de patos y gansos con otras especies de aves de corral; dar\u00a0agua a las aves de corral procedente de dep\u00f3sitos de a los que puedan acceder aves silvestres, salvo en caso de que sea tratada a fin de garantizar la inactivaci\u00f3n de posibles virus de influenza aviar; proteger suficientemente contra las aves acu\u00e1ticas silvestres\u00a0los dep\u00f3sitos de agua situados en el exterior requeridos por motivos de bienestar animal para determinadas aves de corral;\u00a0la prohibici\u00f3n de la presencia de aves de corral u otro tipo de aves cautivas en los centros de concentraci\u00f3n de animales, incluidos los cert\u00e1menes los cert\u00e1menes ganaderos, muestras, exhibiciones y celebraciones culturales, as\u00ed como cualquier concentraci\u00f3n de aves de corral u otro tipo de aves cautivas.<\/p>\n<p>En los casos en los que no fuera posible el confinamiento de las aves de corral, la autoridad competente de las comunidades aut\u00f3nomas queda facultada para autorizar el mantenimiento de la mismas al aire libre mediante la colocaci\u00f3n de telas pajareras o cualquier otro dispositivo que impida la entrada de aves silvestres. En este caso, las aves tendr\u00e1n que alimentarse y abrevarse en el interior de las instalaciones o en un refugio que impida la llegada de aves silvestres y evite el contacto de \u00e9stas con los alimentos y el agua destinados a las de corral.<\/p>\n","protected":false},"excerpt":{"rendered":"El Gobierno ha ordenado el confinamiento de todas las explotaciones de aves de corral al aire libre como&hellip;\n","protected":false},"author":2,"featured_media":234112,"comment_status":"","ping_status":"","sticky":false,"template":"","format":"standard","meta":{"footnotes":""},"categories":[8],"tags":[517,2077,17,18,25,24,13,14,1949,11,19,20,9,10,15,16,952,23,12,21,22],"class_list":{"0":"post-234111","1":"post","2":"type-post","3":"status-publish","4":"format-standard","5":"has-post-thumbnail","7":"category-espana","8":"tag-actualidad","9":"tag-agricultura","10":"tag-breaking-news","11":"tag-breakingnews","12":"tag-es","13":"tag-espana","14":"tag-featured-news","15":"tag-featurednews","16":"tag-ganaderia","17":"tag-headlines","18":"tag-latest-news","19":"tag-latestnews","20":"tag-news","21":"tag-noticias","22":"tag-noticias-destacadas","23":"tag-noticiasdestacadas","24":"tag-politica","25":"tag-spain","26":"tag-titulares","27":"tag-ultimas-noticias","28":"tag-ultimasnoticias"},"share_on_mastodon":{"url":"https:\/\/pubeurope.com\/@es\/115543584577210640","error":""},"_links":{"self":[{"href":"https:\/\/www.europesays.com\/es\/wp-json\/wp\/v2\/posts\/234111","targetHints":{"allow":["GET"]}}],"collection":[{"href":"https:\/\/www.europesays.com\/es\/wp-json\/wp\/v2\/posts"}],"about":[{"href":"https:\/\/www.europesays.com\/es\/wp-json\/wp\/v2\/types\/post"}],"author":[{"embeddable":true,"href":"https:\/\/www.europesays.com\/es\/wp-json\/wp\/v2\/users\/2"}],"replies":[{"embeddable":true,"href":"https:\/\/www.europesays.com\/es\/wp-json\/wp\/v2\/comments?post=234111"}],"version-history":[{"count":0,"href":"https:\/\/www.europesays.com\/es\/wp-json\/wp\/v2\/posts\/234111\/revisions"}],"wp:featuredmedia":[{"embeddable":true,"href":"https:\/\/www.europesays.com\/es\/wp-json\/wp\/v2\/media\/234112"}],"wp:attachment":[{"href":"https:\/\/www.europesays.com\/es\/wp-json\/wp\/v2\/media?parent=234111"}],"wp:term":[{"taxonomy":"category","embeddable":true,"href":"https:\/\/www.europesays.com\/es\/wp-json\/wp\/v2\/categories?post=234111"},{"taxonomy":"post_tag","embeddable":true,"href":"https:\/\/www.europesays.com\/es\/wp-json\/wp\/v2\/tags?post=234111"}],"curies":[{"name":"wp","href":"https:\/\/api.w.org\/{rel}","templated":true}]}}