{"id":234114,"date":"2025-11-13T17:38:58","date_gmt":"2025-11-13T17:38:58","guid":{"rendered":"https:\/\/www.europesays.com\/es\/234114\/"},"modified":"2025-11-13T17:38:58","modified_gmt":"2025-11-13T17:38:58","slug":"abiertas-las-inscripciones-para-el-desafio-lagos-de-covad","status":"publish","type":"post","link":"https:\/\/www.europesays.com\/es\/234114\/","title":{"rendered":"Abiertas las inscripciones para el Desaf\u00edo Lagos de Covad&#8230;"},"content":{"rendered":"<p>                    La prueba -que celebrar\u00e1 su 34\u00aa edici\u00f3n el pr\u00f3ximo 6 de junio-, volver\u00e1 a ofrecer sus dos recorridos cl\u00e1sicos, Medio Fondo (99 km) y Gran Fondo (111 km), en este caso culminando con la m\u00edtica ascensi\u00f3n a los Lagos de Covadonga.<\/p>\n<p class=\"c-news-list__author\">Ciclismoafondo.es. Foto: Carlos Carre\u00f1o<\/p>\n<p class=\"c-mainarticle__date\">\n<p>                    12 de noviembre de 2025 (10:25 CET)<\/p>\n<p>                                                                                                                                        <img fetchpriority=\"high\" decoding=\"async\" src=\"https:\/\/www.europesays.com\/es\/wp-content\/uploads\/2025\/11\/abiertas-las-inscripciones-para-el-desafio-lagos-de-covadonga-2026.jpeg\" alt=\"Abiertas las inscripciones para el Desaf\u00edo Lagos de Covadonga 2026\" title=\"Abiertas las inscripciones para el Desaf\u00edo Lagos de Covadonga 2026\" class=\"c-mainarticle__img\" loading=\"eager\" width=\"790\" height=\"454\"\/><\/p>\n<p>                    Abiertas las inscripciones para el Desaf\u00edo Lagos de Covadonga 2026<\/p>\n<p>Este mi\u00e9rcoles 12 de noviembre <strong>se ha abierto el periodo de inscripciones para la 34\u00aa edici\u00f3n del <a data-external=\"1\" href=\"https:\/\/www.desafiolagosdecovadonga.com\/es\" rel=\"nofollow noopener\" target=\"_blank\" title=\"Desaf\u00edo Lagos de Covadonga\">Desaf\u00edo Lagos de Covadonga<\/a><\/strong>, que se celebrar\u00e1 el s\u00e1bado <strong>6 de junio de 2026<\/strong>. Como es habitual, los participantes podr\u00e1n elegir entre dos modalidades de inscripci\u00f3n.<\/p>\n<p>Las inscripciones ya est\u00e1n disponibles con <strong>dos modalidades a elegir: con maillot conmemorativo o sin maillot<\/strong>. Las tarifas para ciclistas federados ser\u00e1n de <strong>79 euros con maillot y 69 euros sin maillot,<\/strong> y permanecer\u00e1n abiertas hasta el 15 de marzo y el 25 de mayo, respectivamente. Los ciclistas<strong> no federados<\/strong> deber\u00e1n abonar un <strong>suplemento de 14 euros <\/strong>en concepto de seguro obligatorio de un d\u00eda.<\/p>\n<p><img decoding=\"async\" loading=\"lazy\" alt=\"abiertas las inscripciones para el desafio lagos de covadonga 2025 2 790x454\" data-id=\"14626620\" data-resize=\"null\" height=\"454\" src=\"https:\/\/www.europesays.com\/es\/wp-content\/uploads\/2025\/11\/abiertas-las-inscripciones-para-el-desafio-lagos-de-covadonga-2025-2-790x454.jpeg\" title=\"abiertas las inscripciones para el desafio lagos de covadonga 2025 2 790x454\" width=\"790\"\/><\/p>\n<p>La marcha volver\u00e1 a ofrecer sus<strong> dos recorridos cl\u00e1sicos,<\/strong> adaptados a todos los niveles. La<strong> Gran Fondo<\/strong> contar\u00e1 con <strong>111 kil\u00f3metros y 2340 metros de desnivel positivo<\/strong>, con salida en Cangas de On\u00eds y meta en los Lagos de Covadonga, tras atravesar localidades emblem\u00e1ticas del oriente asturiano como Arriondas, Ribadesella, Posada de Llanes o Parres. El Alto de La Torner\u00eda y el Alto de Riensena pondr\u00e1n a prueba la resistencia del pelot\u00f3n antes del <strong>gran reto final: la ascensi\u00f3n a los Lagos de Covadonga.<\/strong><\/p>\n<p>Por su parte, la <strong>Medio Fondo,<\/strong> con<strong> 99 kil\u00f3metros y 1280 metros de desnivel,<\/strong> compartir\u00e1 buena parte del recorrido y <strong>finalizar\u00e1 en Covadonga, a los pies de la m\u00edtica subida<\/strong>, tras superar las mismas ascensiones intermedias.<\/p>\n<p>Los participantes pueden <strong>inscribirse en el Desaf\u00edo Lagos de Covadonga<\/strong>\u00a0a trav\u00e9s del siguiente enlace: <a data-external=\"1\" href=\"https:\/\/www.rockthesport.com\/es\/evento\/lagos2026\" rel=\"nofollow noopener\" target=\"_blank\" title=\"www.rockthesport.com\/es\/evento\/lagos2026\">www.rockthesport.com\/es\/evento\/lagos2026<\/a>.<\/p>\n<p><img decoding=\"async\" loading=\"lazy\" alt=\"desafio lagos\" data-id=\"14626629\" data-resize=\"null\" height=\"587\" src=\"https:\/\/www.europesays.com\/es\/wp-content\/uploads\/2025\/11\/desafio-lagos.jpeg\" title=\"desafio lagos\" width=\"800\"\/><\/p>\n<p>\u00a0<\/p>\n","protected":false},"excerpt":{"rendered":"La prueba -que celebrar\u00e1 su 34\u00aa edici\u00f3n el pr\u00f3ximo 6 de junio-, volver\u00e1 a ofrecer sus dos recorridos&hellip;\n","protected":false},"author":2,"featured_media":234115,"comment_status":"","ping_status":"","sticky":false,"template":"","format":"standard","meta":{"footnotes":""},"categories":[273],"tags":[313,312,168,25,24,23,167],"class_list":{"0":"post-234114","1":"post","2":"type-post","3":"status-publish","4":"format-standard","5":"has-post-thumbnail","7":"category-ciclismo","8":"tag-ciclismo","9":"tag-cycling","10":"tag-deportes","11":"tag-es","12":"tag-espana","13":"tag-spain","14":"tag-sports"},"share_on_mastodon":{"url":"https:\/\/pubeurope.com\/@es\/115543616397443548","error":""},"_links":{"self":[{"href":"https:\/\/www.europesays.com\/es\/wp-json\/wp\/v2\/posts\/234114","targetHints":{"allow":["GET"]}}],"collection":[{"href":"https:\/\/www.europesays.com\/es\/wp-json\/wp\/v2\/posts"}],"about":[{"href":"https:\/\/www.europesays.com\/es\/wp-json\/wp\/v2\/types\/post"}],"author":[{"embeddable":true,"href":"https:\/\/www.europesays.com\/es\/wp-json\/wp\/v2\/users\/2"}],"replies":[{"embeddable":true,"href":"https:\/\/www.europesays.com\/es\/wp-json\/wp\/v2\/comments?post=234114"}],"version-history":[{"count":0,"href":"https:\/\/www.europesays.com\/es\/wp-json\/wp\/v2\/posts\/234114\/revisions"}],"wp:featuredmedia":[{"embeddable":true,"href":"https:\/\/www.europesays.com\/es\/wp-json\/wp\/v2\/media\/234115"}],"wp:attachment":[{"href":"https:\/\/www.europesays.com\/es\/wp-json\/wp\/v2\/media?parent=234114"}],"wp:term":[{"taxonomy":"category","embeddable":true,"href":"https:\/\/www.europesays.com\/es\/wp-json\/wp\/v2\/categories?post=234114"},{"taxonomy":"post_tag","embeddable":true,"href":"https:\/\/www.europesays.com\/es\/wp-json\/wp\/v2\/tags?post=234114"}],"curies":[{"name":"wp","href":"https:\/\/api.w.org\/{rel}","templated":true}]}}