{"id":234116,"date":"2025-11-13T17:41:08","date_gmt":"2025-11-13T17:41:08","guid":{"rendered":"https:\/\/www.europesays.com\/es\/234116\/"},"modified":"2025-11-13T17:41:08","modified_gmt":"2025-11-13T17:41:08","slug":"kingroyal-media-nuevo-patrocinador-principal-de-baskonia","status":"publish","type":"post","link":"https:\/\/www.europesays.com\/es\/234116\/","title":{"rendered":"KingRoyal.Media, nuevo patrocinador principal de Baskonia"},"content":{"rendered":"<p>\n        Baskonia y <a href=\"https:\/\/kingroyal.media\/\" title=\"KingRoyal.Media\" rel=\"nofollow noopener\" class=\"link copy\" target=\"_blank\"><strong>KingRoyal.Media<\/strong><\/a><strong>, plataforma digital de noticias deportivas<\/strong>, han alcanzado un acuerdo de<strong> patrocinio por dos temporadas. <\/strong>A trav\u00e9s de esta alianza, <strong>KingRoyal.Media<\/strong> se convierte en<strong> patrocinador principal del club azulgrana, <\/strong>reforzando as\u00ed su compromiso con el deporte y su apuesta por la m\u00e1xima competici\u00f3n europea.\n<\/p>\n<p class=\"article-body__text \">\n        En cualquier caso,<strong> no dar\u00e1 nombre al equipo alav\u00e9s <\/strong>a diferencia de lo que ha sucedido con los \u00faltimos patrocinadores que ha tenido el Baskonia como <a href=\"https:\/\/www.noticiasdealava.eus\/baskonia\/2022\/02\/22\/grupo-alaves-baskonia-sufre-retrasos-1032795.html\" title=\"Bitci\" target=\"_blank\" class=\"link copy\" rel=\"nofollow noopener\">Bitci<\/a>, <a href=\"https:\/\/www.noticiasdealava.eus\/baskonia\/2020\/07\/22\/baskonia-ultima-acuerdo-patrocinio-td-1184148.html\" title=\"TD Systems\" target=\"_blank\" class=\"link copy\" rel=\"nofollow noopener\">TD Systems<\/a> y <a href=\"https:\/\/www.noticiasdealava.eus\/baskonia\/2023\/06\/26\/cazoo-deja-patrocinador-baskonia-6974233.html\" title=\"Cazoo\" target=\"_blank\" class=\"link copy\" rel=\"nofollow noopener\">Cazoo<\/a>, con quien el club vitoriano rompi\u00f3 el acuerdo de patrocinio en verano de 2023.\u00a0\n<\/p>\n<p class=\"article-body__text \">\n        Desde entonces, el Baskonia no ha podido encontrar una firma con la que aliarse para que consiga dar el nombre al equipo en todas las competiciones donde participa.\n<\/p>\n<p class=\"article-body__text \">\n        <strong>Taulell y Caja Laboral se mantienen como las empresas con las que el Baskonia<\/strong> ha mantenido una alianza m\u00e1s s\u00f3lida en su historia a nivel de patrocinio. La entidad del Buesa Arena encontr\u00f3 en ambas firmas un s\u00f3lido aliado para vivir su \u00e9poca m\u00e1s dorada a nivel deportivo en la d\u00e9cada de los 90 y parte de este siglo.\n<\/p>\n<p class=\"article-photo__footer\">\n            La marca Kingroyal.media lucir\u00e1 en la parte frontal de la camiseta del Baskonia            Pilar Barco        <\/p>\n<p>  En el frontal de la camiseta<\/p>\n<p class=\"article-body__text \">\n        KingRoyal.Media lucir\u00e1 en solitario <strong>en el frontal de la camiseta en los partidos de Euroliga,<\/strong> mientras que <strong>en la ACB compartir\u00e1 espacio con Kosner,<\/strong> otro de los patrocinadores principales del equipo azulgrana.\n<\/p>\n<p class=\"article-body__text \">\n        KingRoyal.Media es un<strong>a plataforma informativa especializada en la actualidad deportiva internacional,<\/strong> con un enfoque innovador y una fuerte presencia digital.\n<\/p>\n<p class=\"article-photo__footer\">\n            Baskonia y KINGROYAL.MEDIA, plataforma digital de noticias deportivas, han alcanzado un acuerdo de patrocinio por dos temporadas.                    <\/p>\n<p class=\"article-body__text \">\n        Su uni\u00f3n con Baskonia supone un paso m\u00e1s en su<strong> estrategia de crecimiento y visibilidad<\/strong> dentro del panorama deportivo europeo. Durante las pr\u00f3ximas dos campa\u00f1as, la marca<strong> tendr\u00e1 presencia destacada en los soportes oficiales del club, incluyendo la equipaci\u00f3n del primer equipo <\/strong>y los principales espacios publicitarios del Buesa Arena y de los canales digitales baskonistas.\n<\/p>\n<p class=\"article-body__text \">\n        \u201cEs una<strong> satisfacci\u00f3n sumar a una marca joven, ambiciosa y con visi\u00f3n global<\/strong> como <strong>KingRoyal.Media<\/strong> a la familia baskonista. Compartimos valores como la pasi\u00f3n, la exigencia y la innovaci\u00f3n, que son pilares fundamentales de nuestro proyecto\u201d, destac\u00f3 <strong>Haritz Kerejeta, CEO del Grupo Baskonia-Alav\u00e9s. <\/strong>\n<\/p>\n<p class=\"article-body__text \">\n        Por su parte, desde el nuevo patrocinador subrayan la ilusi\u00f3n por vincularse a un referente del baloncesto europeo: <strong>\u201cBaskonia representa el esp\u00edritu competitivo y la proyecci\u00f3n internacional <\/strong>con la que nos sentimos plenamente identificados. Estamos encantados de iniciar este camino juntos y de acompa\u00f1ar al club en una nueva etapa de \u00e9xitos\u201d, se\u00f1alaron desde la compa\u00f1\u00eda.<\/p>\n","protected":false},"excerpt":{"rendered":"Baskonia y KingRoyal.Media, plataforma digital de noticias deportivas, han alcanzado un acuerdo de patrocinio por dos temporadas. A&hellip;\n","protected":false},"author":2,"featured_media":234117,"comment_status":"","ping_status":"","sticky":false,"template":"","format":"standard","meta":{"footnotes":""},"categories":[269],"tags":[299,298,4714,168,25,24,60958,2750,524,9696,15068,23,167],"class_list":{"0":"post-234116","1":"post","2":"type-post","3":"status-publish","4":"format-standard","5":"has-post-thumbnail","7":"category-baloncesto","8":"tag-baloncesto","9":"tag-basketball","10":"tag-baskonia","11":"tag-deportes","12":"tag-es","13":"tag-espana","14":"tag-kingroyal","15":"tag-media","16":"tag-nuevo","17":"tag-patrocinador","18":"tag-principal","19":"tag-spain","20":"tag-sports"},"share_on_mastodon":{"url":"","error":""},"_links":{"self":[{"href":"https:\/\/www.europesays.com\/es\/wp-json\/wp\/v2\/posts\/234116","targetHints":{"allow":["GET"]}}],"collection":[{"href":"https:\/\/www.europesays.com\/es\/wp-json\/wp\/v2\/posts"}],"about":[{"href":"https:\/\/www.europesays.com\/es\/wp-json\/wp\/v2\/types\/post"}],"author":[{"embeddable":true,"href":"https:\/\/www.europesays.com\/es\/wp-json\/wp\/v2\/users\/2"}],"replies":[{"embeddable":true,"href":"https:\/\/www.europesays.com\/es\/wp-json\/wp\/v2\/comments?post=234116"}],"version-history":[{"count":0,"href":"https:\/\/www.europesays.com\/es\/wp-json\/wp\/v2\/posts\/234116\/revisions"}],"wp:featuredmedia":[{"embeddable":true,"href":"https:\/\/www.europesays.com\/es\/wp-json\/wp\/v2\/media\/234117"}],"wp:attachment":[{"href":"https:\/\/www.europesays.com\/es\/wp-json\/wp\/v2\/media?parent=234116"}],"wp:term":[{"taxonomy":"category","embeddable":true,"href":"https:\/\/www.europesays.com\/es\/wp-json\/wp\/v2\/categories?post=234116"},{"taxonomy":"post_tag","embeddable":true,"href":"https:\/\/www.europesays.com\/es\/wp-json\/wp\/v2\/tags?post=234116"}],"curies":[{"name":"wp","href":"https:\/\/api.w.org\/{rel}","templated":true}]}}