{"id":234122,"date":"2025-11-13T17:44:15","date_gmt":"2025-11-13T17:44:15","guid":{"rendered":"https:\/\/www.europesays.com\/es\/234122\/"},"modified":"2025-11-13T17:44:15","modified_gmt":"2025-11-13T17:44:15","slug":"el-helga-de-alvear-acoge-el-arte-trasgresor-de-carton-y-cinta-aislante-de-thomas-hirschhorn","status":"publish","type":"post","link":"https:\/\/www.europesays.com\/es\/234122\/","title":{"rendered":"El Helga de Alvear acoge el arte trasgresor de cart\u00f3n y cinta aislante de Thomas Hirschhorn"},"content":{"rendered":"<p>Cualquiera que atraviese desde hoy el <a href=\"https:\/\/www.hoy.es\/caceres\/iconica-lampara-weiwei-helga-alvear-cambia-ubicacion-20251002210542-nt.html\" target=\"_self\" data-voc-vtm-id=\"in-text-traffic\" title=\"Museo Helga de Alvea\" data-mrf-link=\"www.hoy.es\" rel=\"nofollow noopener\">Museo Helga de Alvea<\/a>r se encontrar\u00e1 un espacio totalmente diferente a lo visto hasta ahora. El espacio que  &#8230; ocupaba la l\u00e1mpara de Ai Weiwei ha sido tomado, literalmente, por centenares de emojis que cuelgan del techo y pantallas de cart\u00f3n que muestran duras im\u00e1genes de guerra. El centro de arte contempor\u00e1neo siempre ha sido din\u00e1mico, pero con Thomas Hirschhorn se ha dado la vuelta como un calcet\u00edn para acoger sus montajes rompedores, que disparan contra lo convencional y que, como es normal en el arte que se hace hoy en d\u00eda, interpela al espectador con asuntos que le conciernen. En este caso es el poder, la democracia y c\u00f3mo lo individual se imbrica con lo colectivo. Trata de desenmascarar tambi\u00e9n la cultura digital en que es f\u00e1cil hacerse pasar por lo que no es. El artista suizo protagoniza uno de los acontecimientos culturales del oto\u00f1o en la ciudad con la inauguraci\u00f3n de \u00abMy Atlas # Our Atlas\u00bb, que podr\u00e1 verse hasta el pr\u00f3ximo 10 de mayo en el museo de la <a href=\"https:\/\/www.hoy.es\/caceres\/helga-alvear-legado-3000-obras-donacion-pendiente-20250204072442-nt.html\" target=\"_self\" data-voc-vtm-id=\"in-text-traffic\" title=\"calle Pizarro\" data-mrf-link=\"www.hoy.es\" rel=\"nofollow noopener\">calle Pizarro<\/a>. <\/p>\n<p class=\"v-p\">Esta exposici\u00f3n traza la trayectoria del artista a partir de algunas de sus primeras obras ic\u00f3nicas nunca antes mostradas, en di\u00e1logo con nuevas obras creadas espec\u00edficamente para la ocasi\u00f3n, como &#8216;My Atlas&#8217; y &#8216;Gravity y Mass and Democracy&#8217;. Esta obra est\u00e1 situada en la entrada de la Casa Grande y es un llamativo montaje en donde paquetes pesados y numerados se sit\u00faan por el suelo y sobre una malla para reflexionar sobre el concepto de gravedad y pol\u00edtica en relaci\u00f3n con la democracia. Es, tal y como dijo en propio artista, un homenaje a la filosofa Simone Weil, que usa la gravedad como met\u00e1fora de las fuerzas f\u00edsicas y naturales que operan en el universo y la vida humana.<\/p>\n<p class=\"v-p\"> &#8216;My Atlas&#8217; est\u00e1 compuesta por 45 paneles de cart\u00f3n cubiertos de pl\u00e1stico negro donde se yuxtaponen im\u00e1genes de sus obras, numerados hasta el cuarenta y tres, incluyendo dos paneles dobles.<\/p>\n<p class=\"v-p\"> Pero sin duda la obra m\u00e1s llamativa es &#8216;Fake it, Fake it \u2013 till you Fake it&#8217; un monumental montaje que se muestra por primera vez en Europa y por segunda vez en todo el mundo. Aqu\u00ed, el autor explora la l\u00ednea que separa el mundo \u00abvirtual\u00bb del mundo \u00abreal\u00bb. Se trata de una sorprendente &#8216;escultura precaria&#8217; con ordenadores falsos que cuestiona la influencia de las redes sociales, el metaverso, la IA y la ideolog\u00eda de \u00abfinge hasta que lo consigas\u00bb. <\/p>\n<p class=\"v-p\"> Resulta familiar la reconfiguraci\u00f3n de la obra &#8216;Power Tools&#8217;, que forma parte de la Colecci\u00f3n Helga de Alvear. Se ha creado un taller que busca la implicaci\u00f3n del p\u00fablico e invita a los visitantes a trabajar con libros, materiales y herramientas para crear y construir nuevas producciones. <\/p>\n<p class=\"v-p\"> Sandra Guimar\u00e3es, directora del Museo Helga de Alvear, es la comisaria de esta muestra, que hoy se ha presentado oficialmente con el artista. Hirschhorn ha se\u00f1alado este jueves que exponer en C\u00e1ceres \u00abes un placer\u00bb y que \u00abtiene sentido\u00bb porque si \u00abimplica a la gente de C\u00e1ceres puede implicar a todo el mundo\u00bb. <\/p>\n<p class=\"v-p\">\u00abLa exposici\u00f3n ofrece una oportunidad \u00fanica para profundizar en la complejidad de la obra de Hirschhorn y en su inquebrantable compromiso con la experimentaci\u00f3n formal y el pensamiento cr\u00edtico, se\u00f1ala este museo. <\/p>\n","protected":false},"excerpt":{"rendered":"Cualquiera que atraviese desde hoy el Museo Helga de Alvear se encontrar\u00e1 un espacio totalmente diferente a lo&hellip;\n","protected":false},"author":2,"featured_media":234123,"comment_status":"","ping_status":"","sticky":false,"template":"","format":"standard","meta":{"footnotes":""},"categories":[173],"tags":[14760,24681,26929,229,233,231,230,232,234,146,147,25,24,3956,24680,60960,7731,23,14885,14625,60959],"class_list":{"0":"post-234122","1":"post","2":"type-post","3":"status-publish","4":"format-standard","5":"has-post-thumbnail","7":"category-arte-y-diseno","8":"tag-acoger","9":"tag-alvear","10":"tag-antologica","11":"tag-arte","12":"tag-arte-y-diseno","13":"tag-arts","14":"tag-arts-and-design","15":"tag-design","16":"tag-diseno","17":"tag-entertainment","18":"tag-entretenimiento","19":"tag-es","20":"tag-espana","21":"tag-gran","22":"tag-helga","23":"tag-hirschhorn","24":"tag-mirada","25":"tag-spain","26":"tag-thomas","27":"tag-transforma","28":"tag-trasgresora"},"share_on_mastodon":{"url":"https:\/\/pubeurope.com\/@es\/115543635623042001","error":""},"_links":{"self":[{"href":"https:\/\/www.europesays.com\/es\/wp-json\/wp\/v2\/posts\/234122","targetHints":{"allow":["GET"]}}],"collection":[{"href":"https:\/\/www.europesays.com\/es\/wp-json\/wp\/v2\/posts"}],"about":[{"href":"https:\/\/www.europesays.com\/es\/wp-json\/wp\/v2\/types\/post"}],"author":[{"embeddable":true,"href":"https:\/\/www.europesays.com\/es\/wp-json\/wp\/v2\/users\/2"}],"replies":[{"embeddable":true,"href":"https:\/\/www.europesays.com\/es\/wp-json\/wp\/v2\/comments?post=234122"}],"version-history":[{"count":0,"href":"https:\/\/www.europesays.com\/es\/wp-json\/wp\/v2\/posts\/234122\/revisions"}],"wp:featuredmedia":[{"embeddable":true,"href":"https:\/\/www.europesays.com\/es\/wp-json\/wp\/v2\/media\/234123"}],"wp:attachment":[{"href":"https:\/\/www.europesays.com\/es\/wp-json\/wp\/v2\/media?parent=234122"}],"wp:term":[{"taxonomy":"category","embeddable":true,"href":"https:\/\/www.europesays.com\/es\/wp-json\/wp\/v2\/categories?post=234122"},{"taxonomy":"post_tag","embeddable":true,"href":"https:\/\/www.europesays.com\/es\/wp-json\/wp\/v2\/tags?post=234122"}],"curies":[{"name":"wp","href":"https:\/\/api.w.org\/{rel}","templated":true}]}}