{"id":234126,"date":"2025-11-13T17:47:06","date_gmt":"2025-11-13T17:47:06","guid":{"rendered":"https:\/\/www.europesays.com\/es\/234126\/"},"modified":"2025-11-13T17:47:06","modified_gmt":"2025-11-13T17:47:06","slug":"video-ariana-grande-fue-agredida-por-un-fanatico-y-la-actriz-cynthia-erivo-intervino-para-defenderla","status":"publish","type":"post","link":"https:\/\/www.europesays.com\/es\/234126\/","title":{"rendered":"Video: Ariana Grande fue agredida por un fan\u00e1tico y la actriz Cynthia Erivo intervino para defenderla"},"content":{"rendered":"<p class=\"paragraph font__body-regular\"><a href=\"https:\/\/tn.com.ar\/musica\/noticias\/2024\/11\/07\/ariana-grande-anuncio-un-importante-cambio-en-su-carrera-es-algo-aterrador-pero-mis-fans-lo-entenderan\/\" target=\"_blank\" rel=\"noreferrer nofollow noopener\" title=\"https:\/\/tn.com.ar\/musica\/noticias\/2024\/11\/07\/ariana-grande-anuncio-un-importante-cambio-en-su-carrera-es-algo-aterrador-pero-mis-fans-lo-entenderan\/\"><b>Ariana Grande<\/b><\/a> vivi\u00f3 un inc\u00f3modo momento en la premiere de Wicked: For Good en Singapur. Mientras caminaba junto a su colega Cynthia Erivo por la alfombra roja, un fan\u00e1tico burl\u00f3 a la seguridad del evento y se abalanz\u00f3 sobre ella.<\/p>\n<p class=\"paragraph font__body-regular\">El hombre abraz\u00f3 a la cantante y comenz\u00f3 a saltar a su lado. Al ver la incomodidad de su compa\u00f1era,<b> Erivo empuj\u00f3 al joven y lo apart\u00f3 para que la seguridad lo sacara del lugar<\/b>.<\/p>\n<p class=\"paragraph font__body-regular\"><b>Le\u00e9 tambi\u00e9n: <\/b><a href=\"https:\/\/tn.com.ar\/estilo\/belleza\/2025\/02\/09\/a-lo-diva-de-hollywood-ariana-grande-deslumbro-con-su-coleccion-capsula-de-joyeria\/\" target=\"_blank\" rel=\"noreferrer nofollow noopener\" title=\"https:\/\/tn.com.ar\/estilo\/belleza\/2025\/02\/09\/a-lo-diva-de-hollywood-ariana-grande-deslumbro-con-su-coleccion-capsula-de-joyeria\/\"><b>A lo diva de Hollywood, Ariana Grande deslumbr\u00f3 con su colecci\u00f3n c\u00e1psula de joyer\u00eda<\/b><\/a><\/p>\n<p class=\"paragraph font__body-regular\">El episodio fue registrado por los fans que estaban detr\u00e1s de las vallas y <b>la grabaci\u00f3n del momento se viraliz\u00f3 en cuesti\u00f3n de minutos<\/b>. Seg\u00fan contaron los presentes, el responsable ser\u00eda un hombre identificado como <b>Johnson Wen<\/b>, conocido en las redes sociales bajo el seud\u00f3nimo <b>Pyjama Man<\/b>.<\/p>\n<p><img decoding=\"async\" loading=\"lazy\" fetchpriority=\"low\" data-testid=\"loading-testid\" class=\"image content-image image_placeholder\" alt=\"El posteo del hombre que atac\u00f3 a Ariana Grande (Foto: Captura Instagram \/ pyjamamann)\" width=\"767\" height=\"720\" src=\"https:\/\/www.europesays.com\/es\/wp-content\/uploads\/2025\/11\/el-posteo-del-hombre-que-ataco-a-ariana-grande-foto-captura-instagram-pyjamamann-EKKTBV6ZDVEXTP3L536.jpeg\"\/><\/p>\n<p>El posteo del hombre que atac\u00f3 a Ariana Grande (Foto: Captura Instagram \/ pyjamamann)<\/p>\n<p class=\"paragraph font__body-regular\">A trav\u00e9s de su cuenta de Instagram, el influencer de 25 a\u00f1os confirm\u00f3 su participaci\u00f3n en el hecho. Primero comparti\u00f3 una foto desde el lugar del evento junto al mensaje: \u201c<b>Por fin conoc\u00ed a Ariana Grande esta noche<\/b>\u201d. Luego public\u00f3 un video y escribi\u00f3: \u201cQuerida Ariana Grande, gracias por dejarme saltar sobre la alfombra roja con vos\u201d.<\/p>\n<p class=\"paragraph font__body-regular\"><b>Wen tiene la costumbre de irrumpir en el escenario<\/b> mientras los artistas est\u00e1n en pleno show. As\u00ed lo hizo en junio durante un recital de Katy Perry y en agosto en el de The Weeknd.<\/p>\n<p class=\"paragraph font__body-regular\">En su biograf\u00eda se describe como el \u201cinvasor de la cancha de la final de la Copa Mundial de 2023\u201d y el \u201ctroll m\u00e1s odiado\u201d.<\/p>\n","protected":false},"excerpt":{"rendered":"Ariana Grande vivi\u00f3 un inc\u00f3modo momento en la premiere de Wicked: For Good en Singapur. Mientras caminaba junto&hellip;\n","protected":false},"author":2,"featured_media":234127,"comment_status":"","ping_status":"","sticky":false,"template":"","format":"standard","meta":{"footnotes":""},"categories":[170],"tags":[30465,60961,146,147,25,24,184,185,23],"class_list":{"0":"post-234126","1":"post","2":"type-post","3":"status-publish","4":"format-standard","5":"has-post-thumbnail","7":"category-musica","8":"tag-ariana-grande","9":"tag-cynthia-erivo","10":"tag-entertainment","11":"tag-entretenimiento","12":"tag-es","13":"tag-espana","14":"tag-music","15":"tag-musica","16":"tag-spain"},"share_on_mastodon":{"url":"https:\/\/pubeurope.com\/@es\/115543647768217495","error":""},"_links":{"self":[{"href":"https:\/\/www.europesays.com\/es\/wp-json\/wp\/v2\/posts\/234126","targetHints":{"allow":["GET"]}}],"collection":[{"href":"https:\/\/www.europesays.com\/es\/wp-json\/wp\/v2\/posts"}],"about":[{"href":"https:\/\/www.europesays.com\/es\/wp-json\/wp\/v2\/types\/post"}],"author":[{"embeddable":true,"href":"https:\/\/www.europesays.com\/es\/wp-json\/wp\/v2\/users\/2"}],"replies":[{"embeddable":true,"href":"https:\/\/www.europesays.com\/es\/wp-json\/wp\/v2\/comments?post=234126"}],"version-history":[{"count":0,"href":"https:\/\/www.europesays.com\/es\/wp-json\/wp\/v2\/posts\/234126\/revisions"}],"wp:featuredmedia":[{"embeddable":true,"href":"https:\/\/www.europesays.com\/es\/wp-json\/wp\/v2\/media\/234127"}],"wp:attachment":[{"href":"https:\/\/www.europesays.com\/es\/wp-json\/wp\/v2\/media?parent=234126"}],"wp:term":[{"taxonomy":"category","embeddable":true,"href":"https:\/\/www.europesays.com\/es\/wp-json\/wp\/v2\/categories?post=234126"},{"taxonomy":"post_tag","embeddable":true,"href":"https:\/\/www.europesays.com\/es\/wp-json\/wp\/v2\/tags?post=234126"}],"curies":[{"name":"wp","href":"https:\/\/api.w.org\/{rel}","templated":true}]}}