{"id":234128,"date":"2025-11-13T17:48:15","date_gmt":"2025-11-13T17:48:15","guid":{"rendered":"https:\/\/www.europesays.com\/es\/234128\/"},"modified":"2025-11-13T17:48:15","modified_gmt":"2025-11-13T17:48:15","slug":"gaua-brujas-vascas-y-empoderadas","status":"publish","type":"post","link":"https:\/\/www.europesays.com\/es\/234128\/","title":{"rendered":"&#8216;Gaua&#8217;: Brujas vascas y empoderadas"},"content":{"rendered":"<p>\u00c1lex de la Iglesia se apunt\u00f3 como productor de &#8216;Errementari&#8217; (2017) cuando vio las primeras im\u00e1genes. Su autor, Paul Urkijo, se bas\u00f3 en un cuento  &#8230; registrado por Aita Barandiaran en 1903 sobre un herrero al que tem\u00eda el mism\u00edsimo Diablo. Mitos y leyendas vascas en euskera con un apabullante dise\u00f1o de producci\u00f3n, heroicidad que el director alav\u00e9s repiti\u00f3 cuatro a\u00f1os despu\u00e9s en &#8216;Irati&#8217; (2022), otra fantas\u00eda que se adentraba en un oscuro y ancestral mundo mitol\u00f3gico regido por un dicho en euskera: \u00abIzena duen guztia omen da\u00bb (todo lo que tiene nombre existe).<\/p>\n<p class=\"v-p\">&#8216;Gaua&#8217;, en salas desde el 14 de noviembre, tambi\u00e9n parte de una aforismo: \u00abGaua gauekoentzat eta eguna egunekoentzat\u00bb (la noche para los de la noche y el d\u00eda para los del d\u00eda). Gaueko, el dios de las tinieblas, mora en el bosque en el que se adentra la protagonista, Kattalin, sometida por un marido al que envenena con una sopa con hongos t\u00f3xicos. En su huida del caser\u00edo en mitad de la noche se topa con tres mujeres en un lavadero que comparten cuentos de miedo. Y Kattalin se descubrir\u00e1 como protagonista de uno de esos relatos.<\/p>\n<p class=\"v-p\">Urkijo sit\u00faa en el siglo XVII este relato de emancipaci\u00f3n femenina con evidente significado pol\u00edtico, que compiti\u00f3 en el Festival de Sitges sin suerte en el palmar\u00e9s e inaugur\u00f3 la Semana de Cine Fant\u00e1stico y de Terror de San Sebasti\u00e1n. <a href=\"https:\/\/www.elcorreo.com\/culturas\/cine\/yune-nogueiras-brujas-mujeres-empoderadas-20251107170339-nt.html\" target=\"_blank\" data-voc-vtm-id=\"in-text-traffic\" title=\"Yune Nogueiras,\" data-mrf-link=\"www.elcorreo.com\" rel=\"nofollow noopener\">Yune Nogueiras,<\/a> que curiosamente debut\u00f3 en el cine con &#8216;Akelarre&#8217;, protagoniza una f\u00e1bula tambi\u00e9n hablada en euskera, que ha reclutado como brujas a tres actrices imprescindibles del cine y la televisi\u00f3n vasca: Elena Irureta, Ane Gabarain e I\u00f1ake Irastorza.<\/p>\n<p><a href=\"http:\/\/www.elcorreo.com\/culturas\/cine\/paul-urkijo-nacido-cultura-brujas-buenas-rebeldes-20251014000812-nt.html#vtm_modulosEngag=mod-rel:culturas:noticia:1:cmp:1-not\" class=\"v-a-link\" aria-label=\"Imagen\" rel=\"nofollow noopener\" target=\"_blank\"><\/p>\n<p><img decoding=\"async\" loading=\"lazy\" src=\"https:\/\/www.europesays.com\/es\/wp-content\/uploads\/2025\/11\/paul-urkijo-krrB--366x256@El Correo.jpg\" class=\"v-a-img\" width=\"258\" height=\"180\" alt=\"\" data-voc-vtm-id=\"in-text-traffic\"\/><\/p>\n<p><\/a><\/p>\n<p class=\"v-p\">Urkijo asume el reto de rodar una historia que transcurre de noche y casi en tiempo real. A la manera de los relatos de transmisi\u00f3n oral nos dejamos arrastrar por leyendas en las que los curas e inquisidores dan m\u00e1s miedo que las brujas. El autor de &#8216;Irati&#8217;, la pel\u00edcula en euskera m\u00e1s taquillera de la historia con casi un mill\u00f3n de euros recaudados, triunfa cuanto m\u00e1s atrevido se pone. Como en la tierna escena de amor l\u00e9sbico en un claro del bosque, en el fascinante vuelo de brujas o en el apote\u00f3sico akelarre final, el advenimiento de Akerbeltz, concebido casi como un n\u00famero musical y en el que la fisicidad de los desnudos cobra una enorme fuerza.<\/p>\n<p class=\"v-p\">Quiz\u00e1 &#8216;Gaua&#8217; no a\u00f1ada nada nuevo al universo de Paul Urkijo. Quiz\u00e1 los personajes y simbolismos resulten a veces demasiado pedestres, pero la sola existencia de una pel\u00edcula que reivindica el folclore, la magia y el paganismo y que est\u00e1 tan bien hecha resulta casi un milagro.<\/p>\n","protected":false},"excerpt":{"rendered":"\u00c1lex de la Iglesia se apunt\u00f3 como productor de &#8216;Errementari&#8217; (2017) cuando vio las primeras im\u00e1genes. Su autor,&hellip;\n","protected":false},"author":2,"featured_media":234129,"comment_status":"","ping_status":"","sticky":false,"template":"","format":"standard","meta":{"footnotes":""},"categories":[169],"tags":[27351,177,60962,146,147,25,24,176,31939,175,23,21127],"class_list":{"0":"post-234128","1":"post","2":"type-post","3":"status-publish","4":"format-standard","5":"has-post-thumbnail","7":"category-cine","8":"tag-brujas","9":"tag-cine","10":"tag-empoderadas","11":"tag-entertainment","12":"tag-entretenimiento","13":"tag-es","14":"tag-espana","15":"tag-film","16":"tag-gaua","17":"tag-movies","18":"tag-spain","19":"tag-vascas"},"share_on_mastodon":{"url":"https:\/\/pubeurope.com\/@es\/115543651759853888","error":""},"_links":{"self":[{"href":"https:\/\/www.europesays.com\/es\/wp-json\/wp\/v2\/posts\/234128","targetHints":{"allow":["GET"]}}],"collection":[{"href":"https:\/\/www.europesays.com\/es\/wp-json\/wp\/v2\/posts"}],"about":[{"href":"https:\/\/www.europesays.com\/es\/wp-json\/wp\/v2\/types\/post"}],"author":[{"embeddable":true,"href":"https:\/\/www.europesays.com\/es\/wp-json\/wp\/v2\/users\/2"}],"replies":[{"embeddable":true,"href":"https:\/\/www.europesays.com\/es\/wp-json\/wp\/v2\/comments?post=234128"}],"version-history":[{"count":0,"href":"https:\/\/www.europesays.com\/es\/wp-json\/wp\/v2\/posts\/234128\/revisions"}],"wp:featuredmedia":[{"embeddable":true,"href":"https:\/\/www.europesays.com\/es\/wp-json\/wp\/v2\/media\/234129"}],"wp:attachment":[{"href":"https:\/\/www.europesays.com\/es\/wp-json\/wp\/v2\/media?parent=234128"}],"wp:term":[{"taxonomy":"category","embeddable":true,"href":"https:\/\/www.europesays.com\/es\/wp-json\/wp\/v2\/categories?post=234128"},{"taxonomy":"post_tag","embeddable":true,"href":"https:\/\/www.europesays.com\/es\/wp-json\/wp\/v2\/tags?post=234128"}],"curies":[{"name":"wp","href":"https:\/\/api.w.org\/{rel}","templated":true}]}}