{"id":23414,"date":"2025-08-03T19:07:08","date_gmt":"2025-08-03T19:07:08","guid":{"rendered":"https:\/\/www.europesays.com\/es\/23414\/"},"modified":"2025-08-03T19:07:08","modified_gmt":"2025-08-03T19:07:08","slug":"el-partido-del-descenso-ante-el-cangas-ha-sido-el-mas-dificil-de-toda-mi-vida","status":"publish","type":"post","link":"https:\/\/www.europesays.com\/es\/23414\/","title":{"rendered":"El partido del descenso, ante el Cangas, ha sido el m\u00e1s dif\u00edcil de toda mi vida"},"content":{"rendered":"<p>\n        <strong>Nacho Moyano<\/strong> no deja de hacer maletas \u00faltimamente. Despu\u00e9s de seis temporadas en <strong>Cangas<\/strong>, a los mandos\u00a0del Frigor\u00edficos Morrazo, ha llegado a <strong>Pamplona <\/strong>para hacerse cargo del nuevo <a href=\"https:\/\/www.noticiasdenavarra.com\/tags\/anaitasuna\/\" title=\"Anaitasuna\" target=\"_blank\" class=\"link copy\" rel=\"nofollow noopener\">Anaitasuna<\/a>, que competir\u00e1 en la <strong>Divisi\u00f3n de Honor Plata tras el descenso <\/strong>de la Liga Asobal. Despu\u00e9s de unos d\u00edas de trabajo, de empezar a<strong> sentar los cimientos del proyecto<\/strong>, de nuevo ha cogido su equipaje para <strong>viajar a Egipto<\/strong>, donde la <strong>selecci\u00f3n juvenil<\/strong> <strong>masculina<\/strong> que entrena disputa del 6 al 17 de agosto <strong>el Mundial <\/strong>de la categor\u00eda. Ser\u00e1 una pretemporada at\u00edpica. Para el tambi\u00e9n<strong> director deportivo de la entidad, de 37 a\u00f1os,<\/strong> el balonmano no s\u00f3lo es un trabajo al que dedica horas y horas del d\u00eda, sino tambi\u00e9n<strong> es su vida<\/strong>. Una vida que comparte <strong>con una navarra<\/strong>, raz\u00f3n que evidentemente ha pesado a la hora de venir a esta tierra y embarcarse en un proyecto <strong>\u2013el de reflotar un equipo y una secci\u00f3n\u2013<\/strong> que, pese a las vicisitudes que presenta, le motiva.\n<\/p>\n<p class=\"article-body__text question-answers__question\">\u00bfCu\u00e1les son sus primeras impresiones tras estos primeros d\u00edas de entrenamientos?<\/p>\n<p class=\"article-body__text question-answers__answer\">Estoy muy contento, la verdad. Las sensaciones son positivas. Cuando tienes tanta gente joven, lo primero que hay es mucha ilusi\u00f3n y ganas. Tambi\u00e9n es cierto que cuando el entrenador es nuevo, cuando todo es nuevo, los jugadores siempre dan un plus. Al que no le ha ido tan bien, por intentar cambiar la din\u00e1mica negativa. Al que le haya ido bien, por tratar de refrendar lo positivo. Y a los j\u00f3venes que les das la oportunidad vienen con muchas ganas de querer demostrar. Ese empuje, ahora mismo, es lo que predomina por encima de todo lo dem\u00e1s.<\/p>\n<p class=\"article-body__text question-answers__question\">Como expone, hay muchos cambios en la plantilla. Muchas piezas que hay que encajar. Tiene trabajo por delante.<\/p>\n<p class=\"article-body__text question-answers__answer\">S\u00ed. Evidentemente, todos debemos ser conscientes de ello. Al final este es un proyecto que seguramente va a rendir mejor m\u00e1s adelante que ahora al principio. Si puede ser ma\u00f1ana, mejor que pasado. Pero tenemos que ser todos un poco pacientes y entender que ha habido muchos cambios respecto a la temporada pasada entre jugadores que suben del filial y otros que se incorporan de fuera. Eso se nota, claro.<\/p>\n<p class=\"article-body__text question-answers__question\">Lo primero es, por lo tanto, poner primero la base del proyecto. Reestructurarlo. Eso, \u00bfc\u00f3mo se hace?<\/p>\n<p class=\"article-body__text question-answers__answer\">Entrenando y trabajando mucho. No creo que descubra nada. Yo no lo conozco de otra manera. Le meto muchas horas, el equipo va a entrenar tambi\u00e9n igual y hay que trabajar. Lo primero en conceptos m\u00e1s t\u00e9cnico-t\u00e1cticos, metiendo la parte f\u00edsica de todas las pretemporadas y predominado la cohesi\u00f3n del grupo tambi\u00e9n. Somos todos muy nuevos y nos tenemos que conocer. Hay que aunar todas esas facetas, que sea lo m\u00e1s r\u00e1pido y, sobre todo, lo mejor posible.<\/p>\n<p class=\"article-body__text question-answers__question\">Todos somos de un padre y de una madre, que se dice, y eso cuesta.<\/p>\n<p class=\"article-body__text question-answers__answer\">S\u00ed y hay que intentar que el padre y la madre de cada uno se lleve bien con el padre y la madre del otro. Procurar que todo fluya y vaya en beneficio del equipo, que al final es lo m\u00e1s importante.<\/p>\n<p class=\"article-body__text question-answers__question\">Cuando estaba en el Cangas y decidi\u00f3 fichar por Anaitasuna, imagino que no entrar\u00eda en sus planes cambiar la Asobal por la Plata, aunque se pod\u00eda dar y se dio.<\/p>\n<p class=\"article-body__text question-answers__answer\">No te creas. La gente lo ve\u00eda como imposible, pero la Liga estaba muy igualada y lo mismo que el Cangas se ha mantenido en Asobal y Anaitasuna ha descendido a Plata, pod\u00eda haber sido perfectamente al rev\u00e9s. Cuando surge la posibilidad hab\u00eda much\u00edsimos equipos implicados en esa pelea y en esa lucha. Entraba dentro de mis planes esta posibilidad, aunque evidentemente no era lo deseado. Pero mi decisi\u00f3n no iba a cambiar por que este proyecto estuviera m\u00e1s abajo o m\u00e1s arriba. Debemos intentar que Anaitasuna, como club y como equipo, est\u00e9 lo m\u00e1s arriba posible. Ese tiene que ser el principal objetivo. Estamos hablando de una entidad con la tradici\u00f3n que tiene, que la gente que estaba al mando lo ha hecho extremadamente bien y ha colocado a Anaitasuna como una de las mejores canteras de Espa\u00f1a. Es algo de lo que debe sentirse muy orgullosa la gente que lo ha hecho posible.<\/p>\n<p>        \u201cMi decisi\u00f3n de venir a Anaitasuna no iba a cambiar por que este proyecto estuviera m\u00e1s abajo o m\u00e1s arriba\u201d<\/p>\n<p class=\"article-body__text question-answers__question\">En el \u00faltimo enfrentamiento de Liga de la pasada temporada, el del descenso, se enfrentaron Cangas y Anaitasuna. \u00bfQu\u00e9 se le pas\u00f3 por la cabeza en aquel encuentro?<\/p>\n<p class=\"article-body__text question-answers__answer\">Ese creo que ha sido el partido m\u00e1s dif\u00edcil de mi vida. He jugado competiciones muy importantes como una final de un campeonato de Europa, campeonatos de Espa\u00f1a con cr\u00edos, play off de permanencia o fases finales de la Copa del Rey, pero dir\u00eda sin duda que ese fue el m\u00e1s dif\u00edcil de mi vida. Desde la preparaci\u00f3n del mismo, que fue exactamente igual que otro de Liga. Pero esos momentos previos hasta que pit\u00f3 el \u00e1rbitro s\u00ed que fueron muy complicados. Ten\u00eda un sinf\u00edn de emociones, no ten\u00eda muy claro qu\u00e9 sentir o qu\u00e9 pensar. Una vez pit\u00f3, se me olvid\u00f3 y me puse en modo competici\u00f3n. Quer\u00eda intentar ganar de la mejor manera posible. Pero es cierto que la preparaci\u00f3n fue muy compleja.<\/p>\n<p class=\"article-body__text question-answers__question\">En su decisi\u00f3n de venir a Pamplona, \u00bfqu\u00e9 es lo que m\u00e1s pes\u00f3?<\/p>\n<p class=\"article-body__text question-answers__answer\">Como todo en la vida, al final no es s\u00f3lo una cosa. En el plano deportivo vengo a un club que tiene much\u00edsimas posibilidades. Incluso en la situaci\u00f3n en la que est\u00e1 ahora y de la que todos somos conscientes. Pero sigue siendo uno de los clubes con una de las estructuras m\u00e1s s\u00f3lidas y fuertes del panorama nacional. No creo que haya tanta gente contratada y con la estructura que tiene. Es algo que hay que poner en valor. En lo personal, a nadie se le escapa la situaci\u00f3n que yo tengo. Al final, ha habido una confluencia de todo ello y eso ha hecho que la decisi\u00f3n de venir no fuese muy dif\u00edcil de tomar.<\/p>\n<p class=\"article-body__text question-answers__question\">Por si alguien no lo sabe, usted est\u00e1 casado con una navarra y tiene por lo tanto ra\u00edces en esta tierra.<\/p>\n<p class=\"article-body__text question-answers__answer\">S\u00ed, as\u00ed es. Ahora mismo en mi casa es imposible entrenar, porque no hay ning\u00fan proyecto de balonmano de elite salvo el Alcobendas, que est\u00e1 en la misma categor\u00eda que nosotros. As\u00ed que cuando hay opci\u00f3n de que uno de los dos est\u00e9 cerca de la familia, en su entorno&#8230; Al final, para un entrenador es muy dif\u00edcil, porque la conciliaci\u00f3n es compleja no s\u00f3lo con tu pareja, sino con el resto de la familia. Tus fines de semana est\u00e1n hipotecados el 90% del a\u00f1o. Si encima eres seleccionador, sube al 100%. As\u00ed que era algo que hab\u00eda que coger. Ser\u00eda muy idiota de no ser as\u00ed. Pero es verdad que a veces se pone el foco en que el motivo fue s\u00f3lo ese, pero hubo muchas m\u00e1s cosas que valor\u00e9 para tomar la decisi\u00f3n.<\/p>\n<p class=\"article-body__text question-answers__question\">La alegr\u00eda de la familia al enterarse de que ven\u00edan habr\u00eda sido inmensa.<\/p>\n<p class=\"article-body__text question-answers__answer\">Mucha. Cuando les dimos la noticia, al principio no se lo cre\u00edan. Pero se pusieron muy contentos, por supuesto.<\/p>\n<p class=\"article-body__text question-answers__question\">Incluso se cas\u00f3 hace poco aqu\u00ed.<\/p>\n<p class=\"article-body__text question-answers__answer\">Pamplona es una ciudad que siempre me ha gustado. Es una de las mejores de Espa\u00f1a para vivir, sin duda. Yo soy m\u00e1s de ciudad peque\u00f1a que de grande. La realidad tambi\u00e9n es que en Cangas \u00e9ramos muy felices y, de no haber surgido una opci\u00f3n as\u00ed, no habr\u00edamos cogido cualquier cosa por cambiar. Surgi\u00f3 venir aqu\u00ed y, evidentemente, nos decidimos. A nosotros Pamplona, a ella por descontado, nos gusta mucho.<\/p>\n<p class=\"article-body__text question-answers__question\">Es madrile\u00f1o, con alma gallega despu\u00e9s de tantos a\u00f1os en Cangas y coraz\u00f3n navarro. Los entrenadores no paran, son n\u00f3madas.<\/p>\n<p class=\"article-body__text question-answers__answer\">Yo soy una persona que prefiere ver el vaso medio lleno que medio vac\u00edo. Me siento a d\u00eda de hoy todav\u00eda gallego de adopci\u00f3n. Para m\u00ed Galicia en general y Cangas en particular me ha tocado much\u00edsimo. Ha sido una parte muy importante de mi vida. Siempre te hablan de la famosa morri\u00f1a y no te lo crees, pero es una realidad que existe y es un sentimiento que est\u00e1 ah\u00ed. Es verdad que siendo entrenador tienes la oportunidad de conocer muchos sitios. Pero si te dan la opci\u00f3n de estar tiempo en un lugar, y yo soy adem\u00e1s una persona de proyectos largos, quieres aceptarla. No sabes lo que va a pasar el d\u00eda de ma\u00f1ana. As\u00ed que aqu\u00ed estamos.<\/p>\n<p class=\"article-body__text question-answers__question\">\u00bfQu\u00e9 le parece el proyecto que est\u00e1 construyendo en Cangas Quique Dom\u00ednguez? Juan del Arco se ha incorporado adem\u00e1s a su cuerpo t\u00e9cnico.<\/p>\n<p class=\"article-body__text question-answers__answer\">Han hecho muy buen equipo. Cangas es un proyecto que lleva muchos a\u00f1os en la elite. Quique es un entrenador con sobrada experiencia y todos sabemos de sus capacidades. Seguro que este proyecto va a llegar muy lejos. Como aficionado que soy ahora, desde aqu\u00ed, les deseo la mejor de las suertes.<\/p>\n<p class=\"article-body__text question-answers__question\">Por cierto, he le\u00eddo en alg\u00fan sitio que en su d\u00eda, antes de fichar por el conjunto gallego, se le plante\u00f3 la posibilidad de venir a Anaitasuna y hacerse cargo del filial.<\/p>\n<p class=\"article-body__text question-answers__answer\">Es verdad que hace mucho tiempo hubo una posibilidad real, una oferta para ser entrenador del filial y coordinador de la base. En su d\u00eda me cost\u00f3 decir que no.<\/p>\n<p class=\"article-photo__footer\">\n            El t\u00e9cnico de Anaitasuna, en la pista del pabell\u00f3n Anaitasuna.            I\u00f1aki Porto        <\/p>\n<p class=\"article-body__text question-answers__question\">\u00bfLe gusta trabajar con la cantera?<\/p>\n<p class=\"article-body__text question-answers__answer\">Mucho. Es al final lo que he hecho toda mi vida. Donde me he movido mejor. En Cangas hemos tenido muchos jugadores gallegos de la zona, de la cantera, entrenando con nosotros. Han debutado varios. Es en gran parte lo que me gusta de mi trabajo.<\/p>\n<p class=\"article-body__text question-answers__question\">Va a tener de segundo a Jes\u00fas Benedited. No s\u00e9 si lo ha tra\u00eddo usted o c\u00f3mo ha sido el aterrizaje aqu\u00ed.<\/p>\n<p class=\"article-body__text question-answers__answer\">Con todos los que vienen he hablado yo y llegan con mi visto bueno. A Jes\u00fas le conozco desde hace much\u00edsimos a\u00f1os. En Madrid nos hemos enfrentado miles de veces y hemos compartido selecci\u00f3n madrile\u00f1a. Ya hab\u00eda intentado incorporarle varias veces a mis cuerpos t\u00e9cnicos para trabajar conmigo. As\u00ed que estoy contento e ilusionado. Tiene mucha capacidad y seguro va a venir muy bien para el proyecto.<\/p>\n<p class=\"article-body__text question-answers__question\">\u00c9l tambi\u00e9n va a asumir la coordinaci\u00f3n de la base, de la secci\u00f3n. Una secci\u00f3n que necesita un impulso despu\u00e9s de todos los cambios producidos.<\/p>\n<p class=\"article-body__text question-answers__answer\">S\u00ed. Ha habido cambios y se puede hablar de un antes y un despu\u00e9s. Hay much\u00edsimas cosas que se hac\u00eda muy bien. Como he dicho antes, hay que felicitar a la gente que ha estado aqu\u00ed, ya que es un proyecto plenamente asentado. Anaitasuna es una de las mejores canteras de Espa\u00f1a, sin duda. Y Jes\u00fas viene tambi\u00e9n con esa idea. Dar una continuidad a todo lo que se hac\u00eda muy bien e intentar darle nuestro toque.<\/p>\n<p>        \u201cHay que felicitar a la gente que ha estado aqu\u00ed, en la base, ya que es un proyecto asentado. Anaitasuna es una de las mejores canteras de Espa\u00f1a\u201d<\/p>\n<p class=\"article-body__text question-answers__question\">La pretemporada est\u00e1 en marcha y el proyecto iniciado, pero ahora le toca centrarse tambi\u00e9n en el Mundial juvenil de Egipto.<\/p>\n<p class=\"article-body__text question-answers__answer\">El pasado a\u00f1o ya me toc\u00f3 cuando estaba en Cangas. Jes\u00fas tiene el trabajo perfectamente estructurado y claro. Lo hemos hablado mucho y yo tengo plena confianza en \u00e9l.\u00a0<\/p>\n<p class=\"article-body__text question-answers__question\">\u00bfCu\u00e1les son las expectativas de su selecci\u00f3n?<\/p>\n<p class=\"article-body__text question-answers__answer\">M\u00e1ximas. Tenemos que intentar ponernos un objetivo de llegar lo m\u00e1s alto posible. Si puede ser con medalla, mejor. Pero hay que entender que tenemos una primera ronda muy dif\u00edcil, en la que estamos tres equipos europeos en el mismo grupo, que en un Mundial no suele ser habitual, y s\u00f3lo pasan dos. Ese primer escollo es lo que nos tiene m\u00e1s ocupados. Luego, ya se plantear\u00e1n retos a largo plazo.<\/p>\n<p class=\"article-body__text question-answers__question\">Las diferentes selecciones, juveniles y j\u00fanior tanto en chicos como en chicas, vienen pisando fuerte. Parece que hay futuro.<\/p>\n<p class=\"article-body__text question-answers__answer\">Creo que, desde hace mucho tiempo, el balonmano espa\u00f1ol est\u00e1 en alza. Igual en las primeras categor\u00edas no tenemos a los mejores extranjeros o extranjeras como pod\u00eda ocurrir antes, que ven\u00edan a jugar aqu\u00ed los mejores del mundo, pero tenemos un escenario ideal para que nuestros jugadores y jugadoras puedan desarrollarse, siempre y cuando les demos la oportunidad.<\/p>\n<p class=\"article-body__text question-answers__question\">\u00bfY qu\u00e9 le falta en su opini\u00f3n al balonmano de elite para atraer a todos esos jugadores y jugadoras de fuera?<\/p>\n<p class=\"article-body__text question-answers__answer\">Los recursos, por ejemplo. Que las empresas apuesten de nuevo por esto y que nosotros tambi\u00e9n tengamos una tendencia hacia la profesionalizaci\u00f3n m\u00e1s estricta en todos los \u00e1mbitos: econ\u00f3mico, de marketing, de publicidad&#8230; Hay clubes trabajando muy bien en este sentido. Creo que puede ser el camino para que esas empresas apuesten.<\/p>\n<p class=\"article-body__text question-answers__question\">Dedica muchas horas a esto del balonmano, pero imagino que tendr\u00e1 aficiones fuera de las pistas. \u00bfCu\u00e1les son?<\/p>\n<p class=\"article-body__text question-answers__answer\">Ahora mismo poca cosa, porque no tengo tiempo. Pero espero que, cuando todo se vaya encauzando, retome algunas. Me gusta jugar al p\u00e1del, estoy bastante enganchado. All\u00ed en Cangas le dedicaba mucho tiempo libre. Tambi\u00e9n, evidentemente, me gusta pasar tiempo con mi familia. Es mi mayor hobby. Nos gusta ir al monte, pasear y somos aficionados tambi\u00e9n al cine.<\/p>\n<p><strong>EL PROTAGONISTA<\/strong><\/p>\n<p><strong>Nombre completo. <\/strong>Ignacio Moyano Mart\u00ednez.<\/p>\n<p><strong>Fecha y lugar de nacimiento.<\/strong> 12\/09\/1987, Majadahonda (Madrid).<\/p>\n<p><strong>Trayectoria.<\/strong> Empez\u00f3 en el colegio Virgen de Europa de Boadilla del Monte, donde jug\u00f3 hasta los 20 a\u00f1os. A los 16 comenz\u00f3 a entrenar all\u00ed tambi\u00e9n y a los 18 en Carabanchel, ahora convertido en el Ikasa BM Madrid. En 2019 fich\u00f3 por el Cangas, donde ha estado seis temporadas. Ahora dirige a Anaitasuna.<\/p>\n<p><strong>Seleccionador juvenil.<\/strong> Es t\u00e9cnico de la selecci\u00f3n juvenil masculina, con la que est\u00e1 en Egipto para disputar el Mundial. El 6 debutan ante Argelia, el 7 se miden a Croacia y el 9, a Serbia.<\/p>\n<p class=\"article-body__text question-answers__question\">Navarra ya la habr\u00e1 conocido bastante bien. \u00bfQu\u00e9 recomendar\u00eda?<\/p>\n<p class=\"article-body__text question-answers__answer\">Pamplona mismo tiene much\u00edsimos sitios que ver. Es una ciudad espectacular. Adem\u00e1s, a m\u00ed me encanta particularmente la zona de Elizondo y la Foz de Lumbier tambi\u00e9n me gust\u00f3 mucho en su d\u00eda.\u00a0<\/p>\n<p class=\"article-body__text question-answers__question\">Hay que volver a poner el nombre de esta tierra en lo alto de nuevo del balonmano masculino, \u00bfno?<\/p>\n<p class=\"article-body__text question-answers__answer\">S\u00ed, ese es el objetivo que tenemos. Siempre y cuando respetemos la competici\u00f3n y entendamos que es mucho m\u00e1s dif\u00edcil de lo que la gente piensa.<\/p>\n","protected":false},"excerpt":{"rendered":"Nacho Moyano no deja de hacer maletas \u00faltimamente. Despu\u00e9s de seis temporadas en Cangas, a los mandos\u00a0del Frigor\u00edficos&hellip;\n","protected":false},"author":2,"featured_media":23415,"comment_status":"","ping_status":"","sticky":false,"template":"","format":"standard","meta":{"footnotes":""},"categories":[278],"tags":[2617,376,168,2226,25,24,375,13528,3300,1045,23,167],"class_list":{"0":"post-23414","1":"post","2":"type-post","3":"status-publish","4":"format-standard","5":"has-post-thumbnail","7":"category-balonmano","8":"tag-anaitasuna","9":"tag-balonmano","10":"tag-deportes","11":"tag-entrenador","12":"tag-es","13":"tag-espana","14":"tag-handball","15":"tag-moyano","16":"tag-nacho","17":"tag-partido","18":"tag-spain","19":"tag-sports"},"share_on_mastodon":{"url":"","error":""},"_links":{"self":[{"href":"https:\/\/www.europesays.com\/es\/wp-json\/wp\/v2\/posts\/23414","targetHints":{"allow":["GET"]}}],"collection":[{"href":"https:\/\/www.europesays.com\/es\/wp-json\/wp\/v2\/posts"}],"about":[{"href":"https:\/\/www.europesays.com\/es\/wp-json\/wp\/v2\/types\/post"}],"author":[{"embeddable":true,"href":"https:\/\/www.europesays.com\/es\/wp-json\/wp\/v2\/users\/2"}],"replies":[{"embeddable":true,"href":"https:\/\/www.europesays.com\/es\/wp-json\/wp\/v2\/comments?post=23414"}],"version-history":[{"count":0,"href":"https:\/\/www.europesays.com\/es\/wp-json\/wp\/v2\/posts\/23414\/revisions"}],"wp:featuredmedia":[{"embeddable":true,"href":"https:\/\/www.europesays.com\/es\/wp-json\/wp\/v2\/media\/23415"}],"wp:attachment":[{"href":"https:\/\/www.europesays.com\/es\/wp-json\/wp\/v2\/media?parent=23414"}],"wp:term":[{"taxonomy":"category","embeddable":true,"href":"https:\/\/www.europesays.com\/es\/wp-json\/wp\/v2\/categories?post=23414"},{"taxonomy":"post_tag","embeddable":true,"href":"https:\/\/www.europesays.com\/es\/wp-json\/wp\/v2\/tags?post=23414"}],"curies":[{"name":"wp","href":"https:\/\/api.w.org\/{rel}","templated":true}]}}