{"id":234140,"date":"2025-11-13T17:55:16","date_gmt":"2025-11-13T17:55:16","guid":{"rendered":"https:\/\/www.europesays.com\/es\/234140\/"},"modified":"2025-11-13T17:55:16","modified_gmt":"2025-11-13T17:55:16","slug":"la-ue-hara-pagar-tasas-aduaneras-a-los-paquetes-pequenos-de-menos-de-150-euros-como-los-de-shein-o-temu","status":"publish","type":"post","link":"https:\/\/www.europesays.com\/es\/234140\/","title":{"rendered":"La UE har\u00e1 pagar tasas aduaneras a los paquetes peque\u00f1os de menos de 150 euros como los de Shein o Temu"},"content":{"rendered":"<p class=\"paragraph\" id=\"paragraph_2\">El nuevo sistema obligar\u00e1 a pagar <strong data-end=\"867\" data-start=\"848\">tasas aduaneras<\/strong> desde el primer euro de valor del paquete, como ocurre ya con el IVA. La reforma entrar\u00e1 en vigor como muy tarde en 2028, aunque Bruselas ha anunciado que su intenci\u00f3n es <a href=\"https:\/\/www.elespanol.com\/invertia\/economia\/macroeconomia\/20250520\/union-europea-impondra-tasa-euros-pequenos-paquetes-plataformas-shein-temu\/1003743766203_0.html?utm_cmp_rs=linksinline\" rel=\"nofollow noopener\" target=\"_blank\">buscar una \u00absoluci\u00f3n viable\u00bb para adelantar su aplicaci\u00f3n al a\u00f1o que viene.<\/a><\/p>\n<p class=\"paragraph\" id=\"paragraph_3\">En paralelo, los Gobiernos y la Euroc\u00e1mara siguen negociando para aplicar tambi\u00e9n a partir de 2026\u00a0una\u00a0<strong>&#8216;tasa de manipulaci\u00f3n&#8217; de 2 euros<\/strong>\u00a0a los peque\u00f1os paquetes de bajo valor.<\/p>\n<p><img loading=\"lazy\" decoding=\"async\" alt=\"Tienda online Temu\" height=\"180\" src=\"https:\/\/www.europesays.com\/es\/wp-content\/uploads\/2025\/11\/828927173_239522156_320x180.jpg\" width=\"320\" data-lazy-status=\"processed\" data-lazy-info=\"remove loading item 1\"\/><\/p>\n<p class=\"paragraph\" id=\"paragraph_4\">El Ejecutivo comunitario espera recaudar con esta medida alrededor de 3.000 millones de euros, que se destinar\u00e1n a cubrir parte de los costes crecientes de supervisar\u00a0<a cmp-ltrk=\"links-parrafos\" cmp-ltrk-idx=\"0\" data-mrf-link=\"https:\/\/ec.europa.eu\/commission\/presscorner\/detail\/en\/speech_25_1292\" href=\"https:\/\/ec.europa.eu\/commission\/presscorner\/detail\/en\/speech_25_1292\" mrfobservableid=\"72889bc5-45d3-40c3-897a-d41b2420c04e\" rel=\"nofollow noopener\" target=\"_blank\">que estos paquetes cumplen la legislaci\u00f3n comunitaria.<\/a><\/p>\n<p class=\"paragraph\" id=\"paragraph_5\">\u00abEsta reforma pretende hacer frente al <strong>enorme volumen de bienes <\/strong><strong>low cost<\/strong>\u00a0importados de pa\u00edses terceros, en particular desde Asia y desde China\u00bb, ha explicado la ministra de Econom\u00eda de Dinamarca y actual presidenta del Ecofin,\u00a0Stephanie Lose.<\/p>\n<p class=\"paragraph\" id=\"paragraph_6\">\u00abAcabar con esta exenci\u00f3n pondr\u00e1 fin a un antiguo <strong>resquicio legal<\/strong> que se ha explotado sistem\u00e1ticamente para evitar el pago de tasas aduaneras,\u00a0por ejemplo, mediante la <strong data-end=\"327\" data-start=\"290\">infravaloraci\u00f3n de las mercanc\u00edas<\/strong> o la <strong data-end=\"364\" data-start=\"333\">fragmentaci\u00f3n de los env\u00edos<\/strong> para mantenerse por debajo del umbral anterior\u00bb, ha se\u00f1alado.<\/p>\n<p class=\"paragraph\" data-end=\"742\" data-start=\"416\" id=\"paragraph_7\">\u00abEste cambio tambi\u00e9n crear\u00e1 unas <strong>condiciones de competencia m\u00e1s justas y equilibradas<\/strong> entre las empresas europeas, que pagan aranceles por todas sus importaciones, y las compa\u00f1\u00edas de fuera de la UE que hasta ahora vend\u00edan productos de bajo valor directamente a los consumidores europeos sin abonar derechos de aduana\u00bb, sostiene la presidenta del Ecofin.<\/p>\n<p class=\"paragraph\" data-gtm-vis-first-on-screen1664348_107=\"630777\" data-gtm-vis-first-on-screen1664348_111=\"630773\" data-gtm-vis-has-fired1664348_107=\"1\" data-gtm-vis-has-fired1664348_111=\"1\" data-gtm-vis-recent-on-screen1664348_107=\"630777\" data-gtm-vis-recent-on-screen1664348_111=\"630773\" data-gtm-vis-total-visible-time1664348_107=\"100\" data-gtm-vis-total-visible-time1664348_111=\"100\" data-mrf-recirculation=\"links-parrafos\" id=\"paragraph_8\">El a\u00f1o pasado, alrededor de 4.600 millones de env\u00edos de escaso valor entraron en el mercado de la UE,\u00a0<strong>lo que equivale a 12 millones de paquetes diarios<\/strong>.<\/p>\n<p class=\"paragraph\" data-gtm-vis-first-on-screen1664348_107=\"630777\" data-gtm-vis-first-on-screen1664348_111=\"630773\" data-gtm-vis-has-fired1664348_107=\"1\" data-gtm-vis-has-fired1664348_111=\"1\" data-gtm-vis-recent-on-screen1664348_107=\"630777\" data-gtm-vis-recent-on-screen1664348_111=\"630773\" data-gtm-vis-total-visible-time1664348_107=\"100\" data-gtm-vis-total-visible-time1664348_111=\"100\" data-mrf-recirculation=\"links-parrafos\" id=\"paragraph_9\">En 2024, el 91% de todos los env\u00edos de comercio electr\u00f3nico valorados hasta 150 euros que entraron en la UE procedieron de China, y su volumen se ha duplicado entre 2023 y 2024.<\/p>\n<p class=\"paragraph\" data-mrf-recirculation=\"links-parrafos\" id=\"paragraph_10\">\u00abEste aumento coincide con el crecimiento extremadamente r\u00e1pido de ciertas plataformas\u00a0online.\u00a0<strong>Temu y Shein, en particular, han crecido exponencialmente en el mercado de la UE<\/strong>, escalando a m\u00e1s de 75 millones de usuarios en el espacio de unos pocos meses en 2024. Impulsada por una publicidad omnipresente, precios bajos y entrega ultrarr\u00e1pida, la venta de productos\u00a0low cost\u00a0a trav\u00e9s de estas plataformas ha generado a su vez una fuerte demanda\u00bb, se\u00f1ala la Comisi\u00f3n.<\/p>\n<p class=\"paragraph\" data-mrf-recirculation=\"links-parrafos\" id=\"paragraph_11\">Bruselas alerta de que el r\u00e1pido aumento de las importaciones enviadas directamente a los consumidores \u00abplantea desaf\u00edos importantes que requieren atenci\u00f3n urgente\u00bb, en particular porque muchos de estos productos no cumplen las normas de la UE.<\/p>\n<p class=\"paragraph\" data-mrf-recirculation=\"links-parrafos\" id=\"paragraph_12\">Por ejemplo,\u00a0<strong>la mitad de los falsificados interceptados en las fronteras de la UE hab\u00edan sido comprados a trav\u00e9s de internet.<\/strong><\/p>\n<p class=\"paragraph\" data-gtm-vis-first-on-screen1664348_109=\"1578805\" data-gtm-vis-has-fired1664348_109=\"1\" data-gtm-vis-recent-on-screen1664348_109=\"1578804\" data-gtm-vis-total-visible-time1664348_109=\"100\" data-mrf-recirculation=\"links-parrafos\" id=\"paragraph_13\">\u00abEl creciente volumen de productos que son inseguros, falsificados o que no cumplen las normas plantea\u00a0<strong>graves riesgos para la salud y seguridad de los consumidores<\/strong>, tiene un impacto insostenible en el medioambiente y alimenta una competencia desleal con las empresas cumplidoras, con un impacto significativo en la competitividad de la UE en diferentes sectores\u00bb, concluye el Ejecutivo comunitario.<\/p>\n","protected":false},"excerpt":{"rendered":"El nuevo sistema obligar\u00e1 a pagar tasas aduaneras desde el primer euro de valor del paquete, como ocurre&hellip;\n","protected":false},"author":2,"featured_media":234141,"comment_status":"","ping_status":"","sticky":false,"template":"","format":"standard","meta":{"footnotes":""},"categories":[42],"tags":[17,18,60964,60965,2308,13,14,11,61,62,63,64,19,20,9,10,15,16,12,21,22,2387,65,66,67],"class_list":{"0":"post-234140","1":"post","2":"type-post","3":"status-publish","4":"format-standard","5":"has-post-thumbnail","7":"category-internacional","8":"tag-breaking-news","9":"tag-breakingnews","10":"tag-comision-europea-ce","11":"tag-ecofin","12":"tag-empresas","13":"tag-featured-news","14":"tag-featurednews","15":"tag-headlines","16":"tag-internacional","17":"tag-international","18":"tag-international-news","19":"tag-internationalnews","20":"tag-latest-news","21":"tag-latestnews","22":"tag-news","23":"tag-noticias","24":"tag-noticias-destacadas","25":"tag-noticiasdestacadas","26":"tag-titulares","27":"tag-ultimas-noticias","28":"tag-ultimasnoticias","29":"tag-union-europea-ue","30":"tag-world","31":"tag-world-news","32":"tag-worldnews"},"share_on_mastodon":{"url":"https:\/\/pubeurope.com\/@es\/115543679078168240","error":""},"_links":{"self":[{"href":"https:\/\/www.europesays.com\/es\/wp-json\/wp\/v2\/posts\/234140","targetHints":{"allow":["GET"]}}],"collection":[{"href":"https:\/\/www.europesays.com\/es\/wp-json\/wp\/v2\/posts"}],"about":[{"href":"https:\/\/www.europesays.com\/es\/wp-json\/wp\/v2\/types\/post"}],"author":[{"embeddable":true,"href":"https:\/\/www.europesays.com\/es\/wp-json\/wp\/v2\/users\/2"}],"replies":[{"embeddable":true,"href":"https:\/\/www.europesays.com\/es\/wp-json\/wp\/v2\/comments?post=234140"}],"version-history":[{"count":0,"href":"https:\/\/www.europesays.com\/es\/wp-json\/wp\/v2\/posts\/234140\/revisions"}],"wp:featuredmedia":[{"embeddable":true,"href":"https:\/\/www.europesays.com\/es\/wp-json\/wp\/v2\/media\/234141"}],"wp:attachment":[{"href":"https:\/\/www.europesays.com\/es\/wp-json\/wp\/v2\/media?parent=234140"}],"wp:term":[{"taxonomy":"category","embeddable":true,"href":"https:\/\/www.europesays.com\/es\/wp-json\/wp\/v2\/categories?post=234140"},{"taxonomy":"post_tag","embeddable":true,"href":"https:\/\/www.europesays.com\/es\/wp-json\/wp\/v2\/tags?post=234140"}],"curies":[{"name":"wp","href":"https:\/\/api.w.org\/{rel}","templated":true}]}}