{"id":234146,"date":"2025-11-13T18:04:20","date_gmt":"2025-11-13T18:04:20","guid":{"rendered":"https:\/\/www.europesays.com\/es\/234146\/"},"modified":"2025-11-13T18:04:20","modified_gmt":"2025-11-13T18:04:20","slug":"el-israel-encuentra-una-alternativa-para-seguir-en-el-ciclismo-y-premier-tech-estaria-cerca-de-unirse-al-alpecin-de-van-der-poel","status":"publish","type":"post","link":"https:\/\/www.europesays.com\/es\/234146\/","title":{"rendered":"El Israel encuentra una alternativa para seguir en el ciclismo y Premier Tech estar\u00eda cerca de unirse al Alpecin de Van der Poel"},"content":{"rendered":"<p class=\"typo-tk-rs-caption-xs\">El pelot\u00f3n de La Vuelta, parado a las puertas de Madrid: Los manifestantes irrumpen en el circuito<\/p>\n<p class=\"typo-tk-rs-caption-xs\">Autor del v\u00eddeo: Eurosport<\/p>\n<p>El <b data-testid=\"body-text-bold\">Israel-Premier Tech<\/b> cambiar\u00e1 por completo su identidad para la temporada 2026. El nombre del pa\u00eds ya no aparecer\u00e1 en el equipo y tampoco, <a class=\"typo-tk-rs-body-md focus-visible:text-focused-text-fill-01 focus-visible:bg-focused-surface-fill-01 hover:underline focus-visible:outline-none text-content-block-default-text-fill-04 hover:text-content-block-default-text-fill-01 active:text-content-block-default-text-fill-03\" target=\"_self\" href=\"https:\/\/www.eurosport.es\/ciclismo\/premier-tech-rescision-patrocinio-israel-construir-puentes-efecto-inmediato-insostenible_sto23238938\/story.shtml\" data-testid=\"body-hyper-link\" rel=\"nofollow noopener\">como se pudo conocer recientemente<\/a>, el del segundo sponsor. Esto ha llevado a dejar en aire la continuidad de la estructura comandada por el magnate hebreo-canadiense<b data-testid=\"body-text-bold\"> Sylvan Adams<\/b>, quien tambi\u00e9n decidi\u00f3 apartarse y solo ejercer como sostenedor econ\u00f3mico.Todo ello vino dado despu\u00e9s de las <a class=\"typo-tk-rs-body-md focus-visible:text-focused-text-fill-01 focus-visible:bg-focused-surface-fill-01 hover:underline focus-visible:outline-none text-content-block-default-text-fill-04 hover:text-content-block-default-text-fill-01 active:text-content-block-default-text-fill-03\" target=\"_self\" href=\"https:\/\/www.eurosport.es\/ciclismo\/vuelta-a-espana\/2025\/antiviolencia-propuesta-sancion-manifestantes-pais-vasco-asturias-galicia-multas_sto23231289\/story.shtml\" data-testid=\"body-hyper-link\" rel=\"nofollow noopener\">protestas iniciadas durante la pasada Vuelta a Espa\u00f1a<\/a> y reproducidas tambi\u00e9n en las cl\u00e1sicas de Canad\u00e1 del pasado septiembre. Adem\u00e1s, hubo numerosas <a class=\"typo-tk-rs-body-md focus-visible:text-focused-text-fill-01 focus-visible:bg-focused-surface-fill-01 hover:underline focus-visible:outline-none text-content-block-default-text-fill-04 hover:text-content-block-default-text-fill-01 active:text-content-block-default-text-fill-03\" target=\"_self\" href=\"https:\/\/www.eurosport.es\/ciclismo\/il-lombardia\/2025\/israel-premier-tech-no-corre-fuera-lista-inscritos_sto23229571\/story.shtml\" data-testid=\"body-hyper-link\" rel=\"nofollow noopener\">peticiones por parte de varios organizadores italianos<\/a> en octubre de que el equipo no acudiese a sus pruebas, incluyendo a RCS, quienes tampoco los tuvieron en competici\u00f3n en Il Lombardia.<\/p>\n<p>Para 2026, el ya antiguo Israel aparece inscrito como <b data-testid=\"body-text-bold\">&#8216;Cycling Academy&#8217;<\/b> en el <b data-testid=\"body-text-bold\">UCI WorldTour<\/b>, la primera divisi\u00f3n del ciclismo que la componen las 18 mejores escuadras del trienio 2023-2025. \u00abTenemos muchas conversaciones en marcha muy interesantes con potenciales patrocinadores\u00bb, tranquiliz\u00f3 el finland\u00e9s <b data-testid=\"body-text-bold\">Kjell Carlstr\u00f6m<\/b>, manager general del equipo, en una carta interna a los miembros del staff que termin\u00f3 por ser filtrada.<\/p>\n<p>La llegada de estos patrocinadores permitir\u00eda <a class=\"typo-tk-rs-body-md focus-visible:text-focused-text-fill-01 focus-visible:bg-focused-surface-fill-01 hover:underline focus-visible:outline-none text-content-block-default-text-fill-04 hover:text-content-block-default-text-fill-01 active:text-content-block-default-text-fill-03\" target=\"_self\" href=\"https:\/\/www.eurosport.es\/ciclismo\/israel-premier-tech-desaparicion-salida-sponsors-nota-interna-sylvan-adams-licencia-costes-cambios-staff-steve-bauer-oscar-guerrero-pau-marti_sto23239088\/story.shtml\" data-testid=\"body-hyper-link\" rel=\"nofollow noopener\">obtener el permiso para competir como equipo WorldTour<\/a>, el cual, entre costes fijos establecidos por la UCI, contribuciones y tasas de inscripci\u00f3n, oscila en torno a los <b data-testid=\"body-text-bold\">300.000 euros<\/b>. Para ello, las \u00faltimas informaciones, aportadas por el reconocido periodista <b data-testid=\"body-text-bold\">Ciro Scognamiglio<\/b>, de la Gazzetta dello Sport, hablan de que la estructura de Adams podr\u00eda pasar a tener <b data-testid=\"body-text-bold\">una licencia suiza<\/b> a partir de la pr\u00f3xima temporada.<\/p>\n<p>Por su parte, el sponsor canadiense Premier Tech estar\u00eda cerca de recalar como <b data-testid=\"body-text-bold\">patrocinador del equipo Alpecin-Deceunick<\/b> de <b data-testid=\"body-text-bold\">Mathieu van der Poel<\/b> o <b data-testid=\"body-text-bold\">Jasper Philipsen<\/b>. Este movimiento podr\u00eda desencadenar en el fichaje del tambi\u00e9n canadiense <b data-testid=\"body-text-bold\">Derek Gee<\/b>, quien rescindi\u00f3 su contrato con Israel por \u00abrazones leg\u00edtimas\u00bb. Pese al conocido inter\u00e9s de INEOS Grenadiers, el cuarto clasificado del pasado Giro de Italia sigue sin equipo.<\/p>\n<p><img decoding=\"async\" class=\"text-transparent h-full w-full object-cover\" src=\"https:\/\/www.europesays.com\/es\/wp-content\/uploads\/2025\/11\/image-6141fa0f-d816-4176-9f96-70384df72e44-85-2560-1440.jpeg\" alt=\"picture\" data-testid=\"image-high-res\"\/><\/p>\n<p class=\"typo-tk-rs-caption-xs\">La meta de Bilbao, tomada por polic\u00edas para evitar altercados por las protestas contra Israel<\/p>\n<p class=\"typo-tk-rs-caption-xs\">Autor del v\u00eddeo: Eurosport<\/p>\n","protected":false},"excerpt":{"rendered":"El pelot\u00f3n de La Vuelta, parado a las puertas de Madrid: Los manifestantes irrumpen en el circuito Autor&hellip;\n","protected":false},"author":2,"featured_media":234147,"comment_status":"","ping_status":"","sticky":false,"template":"","format":"standard","meta":{"footnotes":""},"categories":[273],"tags":[313,312,168,25,24,23,167],"class_list":{"0":"post-234146","1":"post","2":"type-post","3":"status-publish","4":"format-standard","5":"has-post-thumbnail","7":"category-ciclismo","8":"tag-ciclismo","9":"tag-cycling","10":"tag-deportes","11":"tag-es","12":"tag-espana","13":"tag-spain","14":"tag-sports"},"share_on_mastodon":{"url":"https:\/\/pubeurope.com\/@es\/115543714526777708","error":""},"_links":{"self":[{"href":"https:\/\/www.europesays.com\/es\/wp-json\/wp\/v2\/posts\/234146","targetHints":{"allow":["GET"]}}],"collection":[{"href":"https:\/\/www.europesays.com\/es\/wp-json\/wp\/v2\/posts"}],"about":[{"href":"https:\/\/www.europesays.com\/es\/wp-json\/wp\/v2\/types\/post"}],"author":[{"embeddable":true,"href":"https:\/\/www.europesays.com\/es\/wp-json\/wp\/v2\/users\/2"}],"replies":[{"embeddable":true,"href":"https:\/\/www.europesays.com\/es\/wp-json\/wp\/v2\/comments?post=234146"}],"version-history":[{"count":0,"href":"https:\/\/www.europesays.com\/es\/wp-json\/wp\/v2\/posts\/234146\/revisions"}],"wp:featuredmedia":[{"embeddable":true,"href":"https:\/\/www.europesays.com\/es\/wp-json\/wp\/v2\/media\/234147"}],"wp:attachment":[{"href":"https:\/\/www.europesays.com\/es\/wp-json\/wp\/v2\/media?parent=234146"}],"wp:term":[{"taxonomy":"category","embeddable":true,"href":"https:\/\/www.europesays.com\/es\/wp-json\/wp\/v2\/categories?post=234146"},{"taxonomy":"post_tag","embeddable":true,"href":"https:\/\/www.europesays.com\/es\/wp-json\/wp\/v2\/tags?post=234146"}],"curies":[{"name":"wp","href":"https:\/\/api.w.org\/{rel}","templated":true}]}}