{"id":234148,"date":"2025-11-13T18:06:15","date_gmt":"2025-11-13T18:06:15","guid":{"rendered":"https:\/\/www.europesays.com\/es\/234148\/"},"modified":"2025-11-13T18:06:15","modified_gmt":"2025-11-13T18:06:15","slug":"el-penultimo-fichaje-del-leyma-coruna-en-acb-encuentra-equipo","status":"publish","type":"post","link":"https:\/\/www.europesays.com\/es\/234148\/","title":{"rendered":"El pen\u00faltimo fichaje del Leyma Coru\u00f1a en ACB encuentra equipo"},"content":{"rendered":"<p class=\"ft-text\">El paso del <strong>Leyma Coru\u00f1a <\/strong>por la <strong>Liga ACB<\/strong> fue breve, de apenas un curso, pero dio tiempo a ver desfilar por la pista del <strong>Coliseum <\/strong>a 18 jugadores, quince de la primera plantilla y tres vinculados del Xiria. Ninguno queda ya en la disciplina naranja, que se renov\u00f3 de pies a cabeza este verano en busca de un proyecto totalmente nuevo para regresar a la \u00e9lite. Por el momento, van por el buen camino, siete triunfos en siete jornadas. Todos los protagonistas del a\u00f1o del equipo coru\u00f1\u00e9s en la m\u00e1xima categor\u00eda fueron encontrando acomodo en distintos equipos. Algunos se quedaron en la m\u00e1xima categor\u00eda, otros bajaron a <strong>Primera FEB<\/strong> en otros proyectos. Los hay que buscaron su destino lejos de Espa\u00f1a. Y, tambi\u00e9n, quedaba alguno pendiente de tener nuevo destino.<\/p>\n<p class=\"ft-text\"><strong>\u00c1ngel N\u00fa\u00f1ez <\/strong>desembarc\u00f3 en el proyecto del Leyma en febrero de este a\u00f1o, en medio de la crisis con la que los naranjas comenzaron a hundirse en el fondo de la clasificaci\u00f3n. El alero neoyorkino, internacional con la selecci\u00f3n de Rep\u00fablica Dominicana, lleg\u00f3 con el cartel de ser un alero o alap\u00edvot con versatilidad en defensa. Son las virtudes que le hicieron destacar durante temporada y media en el<strong> Slask Wroclaw<\/strong> de Polonia, con el que lleg\u00f3 a disputar competiciones europeas. A mediados del curso pasado puso fin a su etapa en el club para enrolarse en el Leyma. Ahora, tras varios meses sin equipo despu\u00e9s de terminar su paso por A Coru\u00f1a, refuerza de nuevo al equipo polaco.<\/p>\n<p class=\"ft-text\">El paso de N\u00fa\u00f1ez por A Coru\u00f1a dur\u00f3 apenas cuatro meses y estuvo lejos del rendimiento que ofreci\u00f3 en el <strong>Slask<\/strong>. Jug\u00f3 solo siete partidos, sin ganarse la confianza de Diego Epifanio, en los que promedi\u00f3 10 minutos sobre el parqu\u00e9. 2,3 puntos, 1,4 rebotes y 0,3 asistencias fueron sus registros con la el\u00e1stica naranja en la ACB. Acab\u00f3 su v\u00ednculo con el conjunto coru\u00f1\u00e9s al t\u00e9rmino de la temporada y, en los \u00faltimos meses, jug\u00f3 con su selecci\u00f3n el AmeriCup, en el que tuvo m\u00e1s brillo y lleg\u00f3 a sumar 10 puntos y 5 por encuentro.<\/p>\n<p>Di\u00e1spora naranja<\/p>\n<p class=\"ft-text\">Con el fichaje de<strong> \u00c1ngel N\u00fa\u00f1ez <\/strong>por el Slask Wroclaw,<strong> \u00c1lex Hern\u00e1ndez <\/strong>es el \u00fanico jugador que visti\u00f3 la camiseta del Leyma en ACB que todav\u00eda no tiene un nuevo club. El capit\u00e1n se oper\u00f3 de una mu\u00f1eca al final de la temporada pasada y dijo adi\u00f3s al club, sin confirmar su retirada del baloncesto.<\/p>\n<p class=\"ft-text\">De los 18 jugadores del Leyma en ACB, tres siguen en la m\u00e1xima categor\u00eda: <strong>Aleix Font <\/strong>milita en el Bilbao Basket, <strong>Beqa Burjanadze<\/strong>, en el Granada; y Atoumane Diagne, en un Lleida que es una de las sensaciones de lo que va de liga. Otros cuatro dieron un paso atr\u00e1s, a Primera FEB. <strong>Ingus Jakovics <\/strong>se march\u00f3 al Palencia, mientras que <strong>Olle Lundqvist<\/strong>, <strong>Yunio Barrueta <\/strong>y <strong>Goran Huskic <\/strong>acompa\u00f1aron a <strong>Diego Epifanio <\/strong>en el <strong>Obradoiro<\/strong>. El serbio, adem\u00e1s, sufri\u00f3 una grave lesi\u00f3n de rodilla en las primeras jornadas.<\/p>\n<p class=\"ft-text\"><strong>Brandon Taylor<\/strong>, el cerebro del Leyma el curso pasado, acab\u00f3 la liga en la Virtus Bolonia, con la que se consagr\u00f3 campe\u00f3n de la Lega A italiana. Sigue en el conjunto bolo\u00f1\u00e9s, con el que disputa la Euroliga. Otro que puede jugar la m\u00e1xima competici\u00f3n continental es <strong>Thomas Heurtel<\/strong>, en las filas del Asvel franc\u00e9s. El base a\u00fan no ha debutado con su nuevo equipo tras someterse, aun en su etapa en el Leyma, a una artroscopia en una rodilla.<\/p>\n<p class=\"ft-text\"><strong>Alonzo Verge<\/strong>, sustituto de Taylor al final del curso, milita ahora en el Rasta Vechta de Alemania. <strong>Phil Scrubb <\/strong>se uni\u00f3 hace unas semanas al Petkim Spor turco. <strong>Augusto Lima <\/strong>se march\u00f3 a jugar a Indonesia al final de su etapa en el Leyma, mientras que <strong>Trey Thompkins <\/strong>est\u00e1 en los Formosa Dreamers de Taiw\u00e1n.<\/p>\n<p class=\"ft-text\">El exvinculado del Xiria, <strong>Omar Thiam<\/strong>, ahora defiende los colores del Huesca en Segunda FEB. <strong>Niko Cebri\u00e1n <\/strong>se march\u00f3 al La Roda en Tercera FEB. <strong>Santi Mart\u00ednez<\/strong>, a\u00fan en el Xiria, es el \u00fanico que contin\u00faa vinculado al conjunto naranja y participa en los entrenamientos a las \u00f3rdenes de Carles Marco.<\/p>\n","protected":false},"excerpt":{"rendered":"El paso del Leyma Coru\u00f1a por la Liga ACB fue breve, de apenas un curso, pero dio tiempo&hellip;\n","protected":false},"author":2,"featured_media":234149,"comment_status":"","ping_status":"","sticky":false,"template":"","format":"standard","meta":{"footnotes":""},"categories":[269],"tags":[302,60966,299,298,7879,168,25,24,557,30812,14097,31352,23,167],"class_list":{"0":"post-234148","1":"post","2":"type-post","3":"status-publish","4":"format-standard","5":"has-post-thumbnail","7":"category-baloncesto","8":"tag-acb","9":"tag-angel-nunez","10":"tag-baloncesto","11":"tag-basketball","12":"tag-coruna","13":"tag-deportes","14":"tag-es","15":"tag-espana","16":"tag-fichaje","17":"tag-leyma","18":"tag-leyma-coruna","19":"tag-penultimo","20":"tag-spain","21":"tag-sports"},"share_on_mastodon":{"url":"https:\/\/pubeurope.com\/@es\/115543722251557992","error":""},"_links":{"self":[{"href":"https:\/\/www.europesays.com\/es\/wp-json\/wp\/v2\/posts\/234148","targetHints":{"allow":["GET"]}}],"collection":[{"href":"https:\/\/www.europesays.com\/es\/wp-json\/wp\/v2\/posts"}],"about":[{"href":"https:\/\/www.europesays.com\/es\/wp-json\/wp\/v2\/types\/post"}],"author":[{"embeddable":true,"href":"https:\/\/www.europesays.com\/es\/wp-json\/wp\/v2\/users\/2"}],"replies":[{"embeddable":true,"href":"https:\/\/www.europesays.com\/es\/wp-json\/wp\/v2\/comments?post=234148"}],"version-history":[{"count":0,"href":"https:\/\/www.europesays.com\/es\/wp-json\/wp\/v2\/posts\/234148\/revisions"}],"wp:featuredmedia":[{"embeddable":true,"href":"https:\/\/www.europesays.com\/es\/wp-json\/wp\/v2\/media\/234149"}],"wp:attachment":[{"href":"https:\/\/www.europesays.com\/es\/wp-json\/wp\/v2\/media?parent=234148"}],"wp:term":[{"taxonomy":"category","embeddable":true,"href":"https:\/\/www.europesays.com\/es\/wp-json\/wp\/v2\/categories?post=234148"},{"taxonomy":"post_tag","embeddable":true,"href":"https:\/\/www.europesays.com\/es\/wp-json\/wp\/v2\/tags?post=234148"}],"curies":[{"name":"wp","href":"https:\/\/api.w.org\/{rel}","templated":true}]}}