{"id":234164,"date":"2025-11-13T18:17:05","date_gmt":"2025-11-13T18:17:05","guid":{"rendered":"https:\/\/www.europesays.com\/es\/234164\/"},"modified":"2025-11-13T18:17:05","modified_gmt":"2025-11-13T18:17:05","slug":"el-teatro-real-gana-el-oscar-de-la-opera-por-ser-el-mas-sostenible-del-mundo-cultura","status":"publish","type":"post","link":"https:\/\/www.europesays.com\/es\/234164\/","title":{"rendered":"El Teatro Real gana el \u201cOscar de la \u00f3pera\u201d por ser el m\u00e1s sostenible del mundo | Cultura"},"content":{"rendered":"<p class=\"\">El <a href=\"https:\/\/elpais.com\/noticias\/teatro-real\/\" target=\"_blank\" rel=\"noreferrer nofollow noopener\" title=\"https:\/\/elpais.com\/noticias\/teatro-real\/\">Teatro Real<\/a> ha sido reconocido la noche de este jueves con el International Opera Awards de Sostenibilidad, considerados los Oscar de la \u00f3pera, por las <a href=\"https:\/\/elpais.com\/clima-y-medio-ambiente\/2025-03-06\/el-teatro-real-estrena-su-cubierta-fotovoltaica-si-se-hace-aqui-se-puede-hacer-en-cualquier-sitio.html\" target=\"_blank\" rel=\"noreferrer nofollow noopener\" title=\"https:\/\/elpais.com\/clima-y-medio-ambiente\/2025-03-06\/el-teatro-real-estrena-su-cubierta-fotovoltaica-si-se-hace-aqui-se-puede-hacer-en-cualquier-sitio.html\">mejoras de eficiencia energ\u00e9tica realizadas en la cubierta<\/a> y el interior del edificio, y por los esfuerzos para reducir su huella de carbono. Justin Way, director de producci\u00f3n del Teatro Real, ha agradecido al recibir el premio: \u201cEste no es solo un reconocimiento a lo que hemos logrado, sino tambi\u00e9n una motivaci\u00f3n para seguir adelante con a\u00fan m\u00e1s energ\u00eda y compromiso, siendo un referente en sostenibilidad\u201d, y ha compartido el reconocimiento con todos los teatros de \u00f3pera \u201cya que todos avanzamos tratando de construir un futuro mejor\u201d. <\/p>\n<p>M\u00e1s informaci\u00f3n<\/p>\n<p class=\"\">Los International Opera Awards fueron creados por la revista brit\u00e1nica Opera en 2012. El Teatro Real ya hab\u00eda sido distinguido en anteriores ediciones: <a href=\"https:\/\/elpais.com\/cultura\/2021-05-10\/el-teatro-real-de-madrid-asciende-al-olimpo-de-la-opera.html\" target=\"_blank\" rel=\"noreferrer nofollow noopener\" title=\"https:\/\/elpais.com\/cultura\/2021-05-10\/el-teatro-real-de-madrid-asciende-al-olimpo-de-la-opera.html\">en 2021 fue reconocido como mejor compa\u00f1\u00eda del mundo<\/a>, premio gordo de estos galardones, por su programaci\u00f3n durante la temporada 2019. Adem\u00e1s, en 2022 fue el anfitri\u00f3n de la gala de entrega de los trofeos, en su primera celebraci\u00f3n fuera de Londres.<\/p>\n<p class=\"\">El premio se ha anunciado en una ceremonia en la \u00d3pera Nacional de Grecia, en la que los representantes del Teatro Real \u2014adem\u00e1s de Way han asistido Enrique Collell, secretario general, y Nuria Gallego, directora de infraestructuras y servicios generales\u2014 han recibido el galard\u00f3n de manos de Sofia Dimtsa, directora de asuntos corporativos y comunicaci\u00f3n de PPC Group.<\/p>\n<p><img decoding=\"auto\" class=\"_re lazyload a_m-h\" height=\"233\"  width=\"414\"  src=\"https:\/\/www.europesays.com\/es\/wp-content\/uploads\/2025\/11\/R652PTTFFNBZ7OROUSFCE7CHJA.JPG\" loading=\"lazy\"\/>Los paneles fotovoltaicos en la cubierta del Teatro Real, en una imagen cedida.<\/p>\n<p class=\"\">Desde 2019 el Teatro Real ha desarrollado un trabajo de optimizaci\u00f3n energ\u00e9tica denominado <a href=\"https:\/\/www.teatroreal.es\/es\/sostenibilidad\" target=\"_blank\" rel=\"noreferrer nofollow noopener\" title=\"https:\/\/www.teatroreal.es\/es\/sostenibilidad\">Teatro M\u00e1s Sostenible<\/a> con el objetivo de ser un edificio de consumo energ\u00e9tico casi nulo. A inicios de este a\u00f1o se estren\u00f3 en el edificio \u201cuna quinta fachada\u201d que da al cielo, una cubierta de <a href=\"https:\/\/elpais.com\/noticias\/energia-solar-fotovoltaica\/\" rel=\"nofollow noopener\" target=\"_blank\">paneles fotovoltaicos<\/a> por los que se puede caminar, financiados por los fondos europeos Next Generation. El edificio madrile\u00f1o fue el primer Bien de Inter\u00e9s Cultural (BIC) en Espa\u00f1a en obtener el certificado energ\u00e9tico.<\/p>\n<p class=\"\">El reconocimiento consolida, adem\u00e1s, la trayectoria ascendente de un coliseo que emergi\u00f3 en 1997 tras un silencio de setenta a\u00f1os en los que permaneci\u00f3 cerrado y que apenas ha necesitado tres d\u00e9cadas <a href=\"https:\/\/elpais.com\/especiales\/2020\/la-reinvencion-del-teatro-real\/#?rel=mas\" target=\"_self\" rel=\"nofollow noopener\" title=\"https:\/\/elpais.com\/especiales\/2020\/la-reinvencion-del-teatro-real\/#?rel=mas\">para ponerse a la altura de grandes casas<\/a> como la Metropolitan de Nueva York, la Scala de Mil\u00e1n o la Royal Opera House de Londres. Ya en su reapertura, tras unas costosas obras de rehabilitaci\u00f3n para dotarse de las m\u00e1s modernas maquinarias, la instituci\u00f3n mostr\u00f3 su vocaci\u00f3n de apostar por las vanguardias tecnol\u00f3gicas. <\/p>\n<p class=\"\">Los otros candidatos que compet\u00edan con el Teatro Real en esta categor\u00eda eran la \u00d3pera de Wuppertal (Alemania), la \u00d3pera de Santa Fe (EE UU), la \u00d3pera Popular de Viena (Austria), el Festival de Longborough (Reino Unido) y la \u00d3pera de Leipzig (Alemania).<\/p>\n","protected":false},"excerpt":{"rendered":"El Teatro Real ha sido reconocido la noche de este jueves con el International Opera Awards de Sostenibilidad,&hellip;\n","protected":false},"author":2,"featured_media":234165,"comment_status":"","ping_status":"","sticky":false,"template":"","format":"standard","meta":{"footnotes":""},"categories":[91],"tags":[1295,209,1800,12229,146,147,25,24,205,7452,532,23,38866],"class_list":{"0":"post-234164","1":"post","2":"type-post","3":"status-publish","4":"format-standard","5":"has-post-thumbnail","7":"category-entretenimiento","8":"tag-cambio-climatico","9":"tag-cultura","10":"tag-ecologia","11":"tag-ecologismo","12":"tag-entertainment","13":"tag-entretenimiento","14":"tag-es","15":"tag-espana","16":"tag-madrid","17":"tag-opera","18":"tag-premios","19":"tag-spain","20":"tag-teatro-real"},"share_on_mastodon":{"url":"https:\/\/pubeurope.com\/@es\/115543765778567853","error":""},"_links":{"self":[{"href":"https:\/\/www.europesays.com\/es\/wp-json\/wp\/v2\/posts\/234164","targetHints":{"allow":["GET"]}}],"collection":[{"href":"https:\/\/www.europesays.com\/es\/wp-json\/wp\/v2\/posts"}],"about":[{"href":"https:\/\/www.europesays.com\/es\/wp-json\/wp\/v2\/types\/post"}],"author":[{"embeddable":true,"href":"https:\/\/www.europesays.com\/es\/wp-json\/wp\/v2\/users\/2"}],"replies":[{"embeddable":true,"href":"https:\/\/www.europesays.com\/es\/wp-json\/wp\/v2\/comments?post=234164"}],"version-history":[{"count":0,"href":"https:\/\/www.europesays.com\/es\/wp-json\/wp\/v2\/posts\/234164\/revisions"}],"wp:featuredmedia":[{"embeddable":true,"href":"https:\/\/www.europesays.com\/es\/wp-json\/wp\/v2\/media\/234165"}],"wp:attachment":[{"href":"https:\/\/www.europesays.com\/es\/wp-json\/wp\/v2\/media?parent=234164"}],"wp:term":[{"taxonomy":"category","embeddable":true,"href":"https:\/\/www.europesays.com\/es\/wp-json\/wp\/v2\/categories?post=234164"},{"taxonomy":"post_tag","embeddable":true,"href":"https:\/\/www.europesays.com\/es\/wp-json\/wp\/v2\/tags?post=234164"}],"curies":[{"name":"wp","href":"https:\/\/api.w.org\/{rel}","templated":true}]}}