{"id":234170,"date":"2025-11-13T18:21:05","date_gmt":"2025-11-13T18:21:05","guid":{"rendered":"https:\/\/www.europesays.com\/es\/234170\/"},"modified":"2025-11-13T18:21:05","modified_gmt":"2025-11-13T18:21:05","slug":"colonos-israelies-prenden-fuego-a-una-mezquita-en-una-escalada-de-violencia-en-cisjordania-internacional","status":"publish","type":"post","link":"https:\/\/www.europesays.com\/es\/234170\/","title":{"rendered":"Colonos israel\u00edes prenden fuego a una mezquita en una escalada de violencia en Cisjordania | Internacional"},"content":{"rendered":"<p class=\"\">Los residentes palestinos en la zona de Salfit, al noroeste de <a href=\"https:\/\/elpais.com\/internacional\/2025-10-28\/los-colonos-israelies-siembran-de-violencia-la-recogida-de-la-aceituna-en-cisjordania.html\" target=\"_self\" rel=\"nofollow noopener\" title=\"https:\/\/elpais.com\/internacional\/2025-10-28\/los-colonos-israelies-siembran-de-violencia-la-recogida-de-la-aceituna-en-cisjordania.html\">Cisjordania<\/a>, han amanecido este jueves con el miedo en el cuerpo al tener que apresurarse para apagar un incendio en una mezquita. Grupos de colonos israel\u00edes, que residen ilegalmente en el territorio y que esparcen el terror para expulsar a la poblaci\u00f3n local, hab\u00edan rociado materiales inflamables en la entrada del templo durante la madrugada y hab\u00edan pintado grafitis con mensajes racistas en sus paredes, seg\u00fan las agencias palestinas de noticias. <\/p>\n<p class=\"\">La profanaci\u00f3n del lugar, que incluy\u00f3 la quema de tres ejemplares del Cor\u00e1n, es el \u00faltimo incidente de una oleada de ataques sin precedentes de la que los palestinos no tienen herramientas para defenderse. La Oficina de las Naciones Unidas para la Coordinaci\u00f3n de Asuntos Humanitarios (OCHA), que registra <a href=\"https:\/\/elpais.com\/internacional\/2025-08-25\/beduinos-frente-a-colonos-israelies-en-el-valle-del-jordan-esta-es-mi-tierra-y-voy-a-quedarme-hasta-el-final.html\" target=\"_self\" rel=\"nofollow noopener\" title=\"https:\/\/elpais.com\/internacional\/2025-08-25\/beduinos-frente-a-colonos-israelies-en-el-valle-del-jordan-esta-es-mi-tierra-y-voy-a-quedarme-hasta-el-final.html\">las agresiones de los colonos<\/a> sobre la poblaci\u00f3n local desde 2006, document\u00f3 durante el mes de octubre 260 incidentes, el periodo m\u00e1s agresivo desde que existen datos. De los 9.600 ataques que la OCHA ha documentado durante dos d\u00e9cadas, el 15% (unos 1.500) han ocurrido en lo que va de 2025.<\/p>\n<p class=\"\">El secretario de Estado estadounidense, <a href=\"https:\/\/elpais.com\/internacional\/2025-10-24\/estados-unidos-afirma-que-la-agencia-de-la-onu-para-los-palestinos-es-una-filial-de-hamas-y-que-no-puede-jugar-ningun-papel-en-gaza.html\" target=\"_self\" rel=\"nofollow noopener\" title=\"https:\/\/elpais.com\/internacional\/2025-10-24\/estados-unidos-afirma-que-la-agencia-de-la-onu-para-los-palestinos-es-una-filial-de-hamas-y-que-no-puede-jugar-ningun-papel-en-gaza.html\">Marco Rubio<\/a>, ha dado un toque de atenci\u00f3n el mi\u00e9rcoles desde Washington al vincular la situaci\u00f3n en Cisjordania con la suerte del <a href=\"https:\/\/elpais.com\/internacional\/2025-10-30\/un-alto-el-fuego-salpicado-de-ataques-israelies-mas-de-200-personas-han-muerto-en-gaza-desde-el-anuncio-de-tregua.html\" target=\"_self\" rel=\"nofollow noopener\" title=\"https:\/\/elpais.com\/internacional\/2025-10-30\/un-alto-el-fuego-salpicado-de-ataques-israelies-mas-de-200-personas-han-muerto-en-gaza-desde-el-anuncio-de-tregua.html\">alto el fuego en Gaza<\/a>. \u201cCiertamente, [nos] preocupa un poco que los hechos en Cisjordania puedan expandirse y crear un efecto que da\u00f1e lo que estamos haciendo en la Franja\u201d, ha dicho en referencia a la tambaleante tregua en el enclave palestino, que supone una de las mayores apuestas de la pol\u00edtica exterior de la Administraci\u00f3n de Donald Trump. <\/p>\n<p class=\"\">En Gaza, Israel abre fuego casi a diario. En las \u00faltimas horas, las fuerzas israel\u00edes han bombardeado distintos puntos y han derrumbado durante el cese de las hostilidades alrededor de 1.500 edificios en la mitad gazat\u00ed que controla en virtud del acuerdo impulsado por Washington, seg\u00fan la BBC.<\/p>\n<p class=\"\">Desde octubre de 2023, soldados y colonos israel\u00edes han incrementado la violencia en Cisjordania a la sombra de la ofensiva en Gaza. En este tiempo, la metralla israel\u00ed ha matado a m\u00e1s de 1.000 cisjordanos, seg\u00fan la ONU y el Ministerio de Sanidad palestino, a los que se suman dos menores m\u00e1s este jueves en Hebr\u00f3n. Los uniformados israel\u00edes han detenido tambi\u00e9n a 20.500 palestinos \u201490 m\u00e1s en las \u00faltimas 24 horas\u2014, seg\u00fan la Sociedad de Prisioneros Palestinos. <\/p>\n<p class=\"\">Grupos defensores de derechos humanos se\u00f1alan la cooperaci\u00f3n y la connivencia del Estado de Israel con la actividad de los colonos violentos en una estrategia para expandir el control israel\u00ed sobre territorio palestino, reflejada en la transferencia de armas y de uniformes militares, una decisi\u00f3n tomada por el ministro de Seguridad Nacional, el ultraderechista <a href=\"https:\/\/elpais.com\/internacional\/2022-10-31\/itamar-ben-gvir-la-estrella-ultra-de-las-elecciones-en-israel.html\" target=\"_self\" rel=\"nofollow noopener\" title=\"https:\/\/elpais.com\/internacional\/2022-10-31\/itamar-ben-gvir-la-estrella-ultra-de-las-elecciones-en-israel.html\">Itamar Ben Gvir<\/a>, o en la falta de rendici\u00f3n de cuentas. <\/p>\n<p class=\"\">Las palabras de Rubio llegaron en respuesta a los hechos violentos registrados el martes, cuando en otra acci\u00f3n coordinada decenas de colonos prendieron fuego a camiones comerciales y a campos agr\u00edcolas en un pueblo palestino cercano a Nablus, que caus\u00f3 varios heridos. Como suele suceder en estos casos, las im\u00e1genes \u2014en las que se ven a j\u00f3venes accediendo a plena luz del d\u00eda a una zona industrial y espole\u00e1ndose los unos a los otros\u2014 corrieron como la p\u00f3lvora entre los tel\u00e9fonos de los palestinos de Cisjordania como un recordatorio de su vulnerabilidad. <\/p>\n<p>\u201cSeguid condenando\u201d<\/p>\n<p class=\"\">Pero aquel d\u00eda sucedi\u00f3 algo distinto. Los j\u00f3venes enmascarados descargaron parte de su violencia sobre soldados israel\u00edes desplegados en la zona, propiciando una sucesi\u00f3n de declaraciones inusuales. El presidente de Israel, Isaac Herzog, denunci\u00f3 en X que \u201cla violencia contra civiles y contra soldados israel\u00edes cruza la l\u00ednea roja\u201d. <\/p>\n<p class=\"\">Por su parte, el Ej\u00e9rcito se refiri\u00f3 en un comunicado a \u201cdecenas de civiles israel\u00edes enmascarados que han atacado a palestinos\u201d. Y el jefe del comando central de las tropas, Avi Bluth, lament\u00f3 la existencia de \u201cj\u00f3venes anarquistas radicales [en referencia a los colonos] que act\u00faan con violencia contra civiles inocentes y contra las fuerzas de seguridad [israel\u00edes]\u201d. <\/p>\n<p class=\"\">\u201cLa directiva a los soldados israel\u00edes es clara\u201d, dijo Bluth, en un discurso difundido por las tropas. \u201cNo permanezcan impasibles y hagan lo que sea para prevenir cr\u00edmenes de tipo nacionalista\u201d. Este jueves, los colonos han respondido pintando en las paredes de la mezquita de Salfit: \u201cNo estamos asustados. Seguid condenando\u201d.<\/p>\n<p class=\"\">Las condenas de las autoridades israel\u00edes chocan con la pol\u00edtica que el pa\u00eds practica en Cisjordania desde hace d\u00e9cadas. El 93,8% de las 1.701 investigaciones policiales abiertas entre 2005 y 2024 por ataques israel\u00edes sobre palestinos en Cisjordania han terminado cerradas sin que se formule una acusaci\u00f3n formal, seg\u00fan el grupo israel\u00ed Yesh Din. Desde inicios de 2024, ning\u00fan colono israel\u00ed ha sido imputado por casos de violencia contra civiles palestinos en Cisjordania, seg\u00fan indica a este diario desde Ramala Ubai Aboudi, director de la organizaci\u00f3n palestina Centro Bisan para la Investigaci\u00f3n y el Desarrollo.<\/p>\n","protected":false},"excerpt":{"rendered":"Los residentes palestinos en la zona de Salfit, al noroeste de Cisjordania, han amanecido este jueves con el&hellip;\n","protected":false},"author":2,"featured_media":234171,"comment_status":"","ping_status":"","sticky":false,"template":"","format":"standard","meta":{"footnotes":""},"categories":[42],"tags":[10969,17,18,6920,68,70,71,72,13,14,69,75,11,61,62,63,64,74,19,20,9,10,15,16,77,76,12,21,22,65,66,67],"class_list":{"0":"post-234170","1":"post","2":"type-post","3":"status-publish","4":"format-standard","5":"has-post-thumbnail","7":"category-internacional","8":"tag-autoridad-palestina","9":"tag-breaking-news","10":"tag-breakingnews","11":"tag-cisjordania","12":"tag-conflicto-arabe-israeli","13":"tag-conflictos","14":"tag-conflictos-armados","15":"tag-conflictos-internacionales","16":"tag-featured-news","17":"tag-featurednews","18":"tag-guerra","19":"tag-hamas","20":"tag-headlines","21":"tag-internacional","22":"tag-international","23":"tag-international-news","24":"tag-internationalnews","25":"tag-israel","26":"tag-latest-news","27":"tag-latestnews","28":"tag-news","29":"tag-noticias","30":"tag-noticias-destacadas","31":"tag-noticiasdestacadas","32":"tag-oriente-proximo","33":"tag-palestina","34":"tag-titulares","35":"tag-ultimas-noticias","36":"tag-ultimasnoticias","37":"tag-world","38":"tag-world-news","39":"tag-worldnews"},"share_on_mastodon":{"url":"","error":""},"_links":{"self":[{"href":"https:\/\/www.europesays.com\/es\/wp-json\/wp\/v2\/posts\/234170","targetHints":{"allow":["GET"]}}],"collection":[{"href":"https:\/\/www.europesays.com\/es\/wp-json\/wp\/v2\/posts"}],"about":[{"href":"https:\/\/www.europesays.com\/es\/wp-json\/wp\/v2\/types\/post"}],"author":[{"embeddable":true,"href":"https:\/\/www.europesays.com\/es\/wp-json\/wp\/v2\/users\/2"}],"replies":[{"embeddable":true,"href":"https:\/\/www.europesays.com\/es\/wp-json\/wp\/v2\/comments?post=234170"}],"version-history":[{"count":0,"href":"https:\/\/www.europesays.com\/es\/wp-json\/wp\/v2\/posts\/234170\/revisions"}],"wp:featuredmedia":[{"embeddable":true,"href":"https:\/\/www.europesays.com\/es\/wp-json\/wp\/v2\/media\/234171"}],"wp:attachment":[{"href":"https:\/\/www.europesays.com\/es\/wp-json\/wp\/v2\/media?parent=234170"}],"wp:term":[{"taxonomy":"category","embeddable":true,"href":"https:\/\/www.europesays.com\/es\/wp-json\/wp\/v2\/categories?post=234170"},{"taxonomy":"post_tag","embeddable":true,"href":"https:\/\/www.europesays.com\/es\/wp-json\/wp\/v2\/tags?post=234170"}],"curies":[{"name":"wp","href":"https:\/\/api.w.org\/{rel}","templated":true}]}}