{"id":234176,"date":"2025-11-13T18:29:14","date_gmt":"2025-11-13T18:29:14","guid":{"rendered":"https:\/\/www.europesays.com\/es\/234176\/"},"modified":"2025-11-13T18:29:14","modified_gmt":"2025-11-13T18:29:14","slug":"no-sabia-que-depende-de-carlos-alcaraz-para-seguir-en-las-atp-finals","status":"publish","type":"post","link":"https:\/\/www.europesays.com\/es\/234176\/","title":{"rendered":"\u00a1No sab\u00eda que depende de Carlos Alcaraz para seguir en las ATP Finals!"},"content":{"rendered":"<p class=\"L6-news-detail__text\">El Grupo Jimmy Connors de las <b>ATP Finals<\/b> se ha agitado este jueves tras la victoria en dos mangas de <b>\u00c1lex de Mi\u00f1aur<\/b> sobre <b>Taylor Fritz<\/b>.<\/p>\n<p class=\"L6-news-detail__text\">Este resultado clasifica directamente a <b>Carlos Alcaraz<\/b> para semifinales, aunque su pase como primero o segundo depender\u00e1 de su tercer partido de fase de grupos contra <b>Lorenzo Musetti.<\/b><\/p>\n<p class=\"L6-news-detail__text\">Si el murciano vence al italiano, pasar\u00e1 como primero y se enfrentar\u00e1 a <b>Zverev o Auger-Aliassime<\/b>, adem\u00e1s de asegurar el n\u00famero 1 del mundo a final de temporada.<\/p>\n<p class=\"L6-news-detail__text\">Sin embargo, si cede ante el jugador local, Alcaraz se ver\u00eda las caras con <b>Jannik Sinner<\/b> en semifinales.<\/p>\n<p class=\"L6-news-detail__text\">Pues bien, lo que no sab\u00eda De Mi\u00f1aur es que tras su victoria en dos sets ante Fritz, si Carlitos gana a Musetti, el australiano estar\u00e1 en semifinales.<\/p>\n<p class=\"L6-news-detail__text\">De hecho, se ha enterado en la entrevista a pie de pista: \u00ab\u00bfEso es cierto o no? Eh&#8230; No s\u00e9, <b>ahora mismo no conf\u00edo en ti<\/b>, voy a tener que ver qu\u00e9 pasa\u00bb.<\/p>\n<p class=\"L6-news-detail__text\">Ya en declaraciones a &#8216;Movistar&#8217;, Alex se mostr\u00f3 m\u00e1s seguro: \u00ab<b>Hoy voy a ser el fan n\u00famero uno de Alcaraz<\/b>, espero que pueda salir y jugar un gran partido, me ayudar\u00eda mucho. Pero prefiero no estresarme y pensar lo menos posible en este partido\u00bb.<\/p>\n<p class=\"L6-support-news-video__title\">&#8216;El Chiringuito&#8217;<\/p>\n<p>            <a href=\"https:\/\/www.lasexta.com\/noticias\/deportes\/futbol\/rubiales-irene-paredes-alexia-putellas-patri-guijarro-influyeron-jenni-hermoso_20251112691447377d206113bd94491f.html\" class=\"L6-news__link\" rel=\"nofollow noopener\" target=\"_blank\"><br \/>\n                Rubiales: \u00abIrene Paredes, Alexia Putellas y Patri Guijarro influyeron en Jenni Hermoso\u00bb<\/p>\n<p class=\"recirculation-video-desc\">El expresidente de la RFEF rompe su silencio en &#8216;El Chiringuito&#8217;: \u00abEstas jugadoras s\u00ed influyeron en Jenni para cambiar su opini\u00f3n\u00bb.<\/p>\n<p>            <\/a><\/p>\n","protected":false},"excerpt":{"rendered":"El Grupo Jimmy Connors de las ATP Finals se ha agitado este jueves tras la victoria en dos&hellip;\n","protected":false},"author":2,"featured_media":234177,"comment_status":"","ping_status":"","sticky":false,"template":"","format":"standard","meta":{"footnotes":""},"categories":[274],"tags":[168,25,24,23,167,327,326],"class_list":{"0":"post-234176","1":"post","2":"type-post","3":"status-publish","4":"format-standard","5":"has-post-thumbnail","7":"category-tenis","8":"tag-deportes","9":"tag-es","10":"tag-espana","11":"tag-spain","12":"tag-sports","13":"tag-tenis","14":"tag-tennis"},"share_on_mastodon":{"url":"https:\/\/pubeurope.com\/@es\/115543812678362912","error":""},"_links":{"self":[{"href":"https:\/\/www.europesays.com\/es\/wp-json\/wp\/v2\/posts\/234176","targetHints":{"allow":["GET"]}}],"collection":[{"href":"https:\/\/www.europesays.com\/es\/wp-json\/wp\/v2\/posts"}],"about":[{"href":"https:\/\/www.europesays.com\/es\/wp-json\/wp\/v2\/types\/post"}],"author":[{"embeddable":true,"href":"https:\/\/www.europesays.com\/es\/wp-json\/wp\/v2\/users\/2"}],"replies":[{"embeddable":true,"href":"https:\/\/www.europesays.com\/es\/wp-json\/wp\/v2\/comments?post=234176"}],"version-history":[{"count":0,"href":"https:\/\/www.europesays.com\/es\/wp-json\/wp\/v2\/posts\/234176\/revisions"}],"wp:featuredmedia":[{"embeddable":true,"href":"https:\/\/www.europesays.com\/es\/wp-json\/wp\/v2\/media\/234177"}],"wp:attachment":[{"href":"https:\/\/www.europesays.com\/es\/wp-json\/wp\/v2\/media?parent=234176"}],"wp:term":[{"taxonomy":"category","embeddable":true,"href":"https:\/\/www.europesays.com\/es\/wp-json\/wp\/v2\/categories?post=234176"},{"taxonomy":"post_tag","embeddable":true,"href":"https:\/\/www.europesays.com\/es\/wp-json\/wp\/v2\/tags?post=234176"}],"curies":[{"name":"wp","href":"https:\/\/api.w.org\/{rel}","templated":true}]}}