{"id":234186,"date":"2025-11-13T18:38:29","date_gmt":"2025-11-13T18:38:29","guid":{"rendered":"https:\/\/www.europesays.com\/es\/234186\/"},"modified":"2025-11-13T18:38:29","modified_gmt":"2025-11-13T18:38:29","slug":"caballero-incorpora-a-vigo-al-fenomeno-del-k-pop-con-un-encuentro-para-40-viguesas-y-vigueses","status":"publish","type":"post","link":"https:\/\/www.europesays.com\/es\/234186\/","title":{"rendered":"Caballero incorpora a Vigo al fen\u00f3meno del K-Pop con un encuentro para 40 viguesas y vigueses"},"content":{"rendered":"<p><a href=\"https:\/\/metropolitano.gal\/enfoque\/suchard-elige-vigo-como-protagonista-de-su-emotivo-e-iconico-anuncio-de-navidad\/\" target=\"_blank\" rel=\"noopener nofollow\"><strong>Encendido de la Navidad de Vigo<\/strong><\/a> y K-Pop. <strong>Se viene un s\u00e1bado lleno de eventos en la ciudad que ir\u00e1n mucho m\u00e1s all\u00e1 del inicio del macroparque tem\u00e1tico navide\u00f1o<\/strong>. El regidor de la urbe gallega, Abel Caballero, avanz\u00f3 en un audio remitido este jueves a los medios de comunicaci\u00f3n que este s\u00e1bado las instalaciones de VigoS\u00f3nico acogen la segunda entrega del<strong> Encuentro K-Pop<\/strong>, una cita que permitir\u00e1 a 40 viguesas y vigueses sumergirse de lleno en este fen\u00f3meno que ha convertido a \u00abCorea como una de las potencias mundiales de las industrias creativas\u00bb.<\/p>\n<p>El alcalde de la ciudad ol\u00edvica destac\u00f3 que el estilo musical coreano ha trascendido fronteras y ha conquistado todo el mundo. Por ello, <strong>Caballero quiere que Vigo se incorpore a este fen\u00f3meno, y lo hace con esta actividad que tendr\u00e1 lugar este s\u00e1bado 15 de noviembre<\/strong> en las instalaciones de VigoS\u00f3nico en el Parque T\u00e9cnico Log\u00edstico (PTL) de Valladares). Esta actividad que tendr\u00e1 el K-Pop como protagonista propondr\u00e1 a las 40 viguesas y vigueses que participen en el evento vibrar con una tarde llena de ritmo, energ\u00eda y diversi\u00f3n.<\/p>\n<p><strong>Esta segunda edici\u00f3n del Encuentro K-Pop Vigos\u00f3nico est\u00e1 programado de 17:00 a 19:30 horas<\/strong>, 150 minutos de una cita gratuita donde los asistentes tendr\u00e1n a su disposici\u00f3n una oferta de actividades que incluye un taller de manualidades (Hanging Paper Doll) -la organizaci\u00f3n te recuerda que lleves tus propias tijeras-, una exhibici\u00f3n de coreograf\u00edas, Random Dance y sorteo final con regalos para terminar el evento por todo lo alto.<\/p>\n<p><strong>Vigos\u00f3nico, ubicado en el PTL de Valladares, se presenta como un espacio multidisciplinar, gratuito y p\u00fablico<\/strong>, dependiente de la Conceller\u00eda de Xuventude del Concello de Vigo, para personas empadronadas en Vigo. Estas instalaciones no solo acogen a artistas emergentes, sino que pretende tambi\u00e9n fomentar la colaboraci\u00f3n y el intercambio de ideas, impulsando el desarrollo de nuevas formas de expresi\u00f3n.<\/p>\n","protected":false},"excerpt":{"rendered":"Encendido de la Navidad de Vigo y K-Pop. Se viene un s\u00e1bado lleno de eventos en la ciudad&hellip;\n","protected":false},"author":2,"featured_media":234187,"comment_status":"","ping_status":"","sticky":false,"template":"","format":"standard","meta":{"footnotes":""},"categories":[170],"tags":[13690,146,147,25,24,184,185,23,1274],"class_list":{"0":"post-234186","1":"post","2":"type-post","3":"status-publish","4":"format-standard","5":"has-post-thumbnail","7":"category-musica","8":"tag-abel-caballero","9":"tag-entertainment","10":"tag-entretenimiento","11":"tag-es","12":"tag-espana","13":"tag-music","14":"tag-musica","15":"tag-spain","16":"tag-vigo"},"share_on_mastodon":{"url":"https:\/\/pubeurope.com\/@es\/115543848015051748","error":""},"_links":{"self":[{"href":"https:\/\/www.europesays.com\/es\/wp-json\/wp\/v2\/posts\/234186","targetHints":{"allow":["GET"]}}],"collection":[{"href":"https:\/\/www.europesays.com\/es\/wp-json\/wp\/v2\/posts"}],"about":[{"href":"https:\/\/www.europesays.com\/es\/wp-json\/wp\/v2\/types\/post"}],"author":[{"embeddable":true,"href":"https:\/\/www.europesays.com\/es\/wp-json\/wp\/v2\/users\/2"}],"replies":[{"embeddable":true,"href":"https:\/\/www.europesays.com\/es\/wp-json\/wp\/v2\/comments?post=234186"}],"version-history":[{"count":0,"href":"https:\/\/www.europesays.com\/es\/wp-json\/wp\/v2\/posts\/234186\/revisions"}],"wp:featuredmedia":[{"embeddable":true,"href":"https:\/\/www.europesays.com\/es\/wp-json\/wp\/v2\/media\/234187"}],"wp:attachment":[{"href":"https:\/\/www.europesays.com\/es\/wp-json\/wp\/v2\/media?parent=234186"}],"wp:term":[{"taxonomy":"category","embeddable":true,"href":"https:\/\/www.europesays.com\/es\/wp-json\/wp\/v2\/categories?post=234186"},{"taxonomy":"post_tag","embeddable":true,"href":"https:\/\/www.europesays.com\/es\/wp-json\/wp\/v2\/tags?post=234186"}],"curies":[{"name":"wp","href":"https:\/\/api.w.org\/{rel}","templated":true}]}}