{"id":234198,"date":"2025-11-13T18:45:06","date_gmt":"2025-11-13T18:45:06","guid":{"rendered":"https:\/\/www.europesays.com\/es\/234198\/"},"modified":"2025-11-13T18:45:06","modified_gmt":"2025-11-13T18:45:06","slug":"mercadona-aclara-si-los-huevos-que-vende-son-de-gallinas-criadas-en-jaula-estamos-en-plena-transicion","status":"publish","type":"post","link":"https:\/\/www.europesays.com\/es\/234198\/","title":{"rendered":"Mercadona aclara si los huevos que vende son de gallinas criadas en jaula: \u00abEstamos en plena transici\u00f3n\u00bb"},"content":{"rendered":"<p style=\"\"><strong>Mercadona<\/strong> adquiri\u00f3 hace ya siete a\u00f1os el compromiso de conseguir que el 100% de los huevos frescos que vende en sus <a href=\"https:\/\/www.abc.es\/espana\/comunidad-valenciana\/mercadona-busca-personal-trabajar-dos-dias-semana-20251106131803-nt.html\" target=\"_blank\" data-voc-vtm-id=\"in-text-traffic\" title=\"supermercados\" rel=\"nofollow noopener\">supermercados<\/a> provengan de gallinas libres de jaula. Una meta vinculada al bienestar animal para la que asegura trabajar de manera conjunta con  &#8230; sus diferentes proveedores.<\/p>\n<p class=\"voc-p\" style=\"\">El consumo de huevo en Espa\u00f1a no deja de aumentar, tanto por su vinculaci\u00f3n hist\u00f3rica-gastron\u00f3mica con el territorio como tambi\u00e9n, l\u00f3gicamente, por sus excelentes propiedades nutricionales y su importancia para una alimentaci\u00f3n saludable.<\/p>\n<p class=\"voc-p\" style=\"\">\u00abMercadona mantiene firme su objetivo de alcanzar el <strong>100%<\/strong> de producci\u00f3n de huevos libres de jaula, siempre apostando por la m\u00e1xima calidad, asegurando al mismo tiempo el abastecimiento continuo y sostenible para sus clientes\u00bb, se\u00f1alan desde la cadena de distribuci\u00f3n presidida por <a href=\"https:\/\/www.abc.es\/espana\/comunidad-valenciana\/roig-arena-espectacular-pabellon-construido-valencia-gracias-20251107165852-nt.html\" target=\"_blank\" data-voc-vtm-id=\"in-text-traffic\" title=\"Juan Roig\" rel=\"nofollow noopener\">Juan Roig<\/a>.<\/p>\n<p class=\"voc-p\" style=\"\">Actualmente, ya ofrece en todas sus tiendas huevos de gallinas <strong>criadas fuera de jaulas<\/strong>, bien de animales sueltos en gallinero o tambi\u00e9n camperas. De hecho, el <strong>65%<\/strong> de los huevos frescos vendidos por la firma valenciana provienen de gallinas libres de jaula. Los proveedores, y en general la industria av\u00edcola espa\u00f1ola, \u00abest\u00e1n haciendo un gran esfuerzo en este complejo proceso de trasformaci\u00f3n\u00bb, insisten desde <a href=\"https:\/\/www.abc.es\/estilo\/belleza\/triunfa-mercadona-nuevo-kit-maquillaje-perfecto-regalar-20251104134615-nt.html\" target=\"_blank\" data-voc-vtm-id=\"in-text-traffic\" title=\"Mercadona\" rel=\"nofollow noopener\">Mercadona<\/a>.<\/p>\n<p>\nInversi\u00f3n de 400 millones de euros\n<\/p>\n<p class=\"voc-p\" style=\"\">A pesar de las circunstancias del mercado y la complejidad del proceso de cambio, en los \u00faltimos meses, sus proveedores han continuado transformando sus instalaciones e invirtiendo en nuevas infraestructuras para seguir dando pasos hacia el cambio total, manteniendo en paralelo su compromiso de producci\u00f3n para garantizar el suministro de huevos a nuestros clientes.<\/p>\n<p class=\"voc-p\" style=\"\">Desde el inicio de este proyecto, los proveedores de <a href=\"https:\/\/www.abc.es\/motor\/reportajes\/contrato-indefinido-2300-euros-mercadona-busca-mecanicos-20251107090000-nt.html\" target=\"_blank\" data-voc-vtm-id=\"in-text-traffic\" title=\"Mercadona\" rel=\"nofollow noopener\">Mercadona<\/a> ya han invertido m\u00e1s de 200 millones de euros en adaptar sus instalaciones y procesos hacia sistemas de producci\u00f3n de huevos de gallinas libres de jaula. Se prev\u00e9 que esta cifra alcance m\u00e1s de <strong>400 millones de euros<\/strong> cuando la transformaci\u00f3n sea completada en su totalidad.<\/p>\n<p class=\"voc-p\" style=\"\">Algunos ejemplos son las ampliaciones y aperturas de nuevas granjas de crianza libre de jaula de Huevos Guill\u00e9n en <strong>Utiel<\/strong> (Valencia) con 250.000 gallinas, en G\u00e1ldar (Gran Canaria) con 100.000; en Bullas (Murcia) y Ab\u00e1rzuza en Navarra, con un total de 150.000 gallinas, as\u00ed como de otros Proveedores, como Av\u00edcola Barco con 320.000 gallinas sueltas en el gallinero.<\/p>\n<p>\n\u00bfMercadona vende huevos ecol\u00f3gicos?\n<\/p>\n<p class=\"voc-p\" style=\"\">Actualmente, Mercadona no vende <strong>huevos ecol\u00f3gicos<\/strong>, pero s\u00ed camperos que re\u00fanen similares requisitos, como la salida al exterior para escarbar y comer. La excepci\u00f3n es la alimentaci\u00f3n, ya que, siendo cereal de la misma forma, en los primeros no pueden utilizarse cereales que hayan sido tratados contra plagas o enfermedades.<\/p>\n","protected":false},"excerpt":{"rendered":"Mercadona adquiri\u00f3 hace ya siete a\u00f1os el compromiso de conseguir que el 100% de los huevos frescos que&hellip;\n","protected":false},"author":2,"featured_media":234199,"comment_status":"","ping_status":"","sticky":false,"template":"","format":"standard","meta":{"footnotes":""},"categories":[80],"tags":[2825,82,60967,95,94,25,24,7965,8084,44987,4973,23,5649],"class_list":{"0":"post-234198","1":"post","2":"type-post","3":"status-publish","4":"format-standard","5":"has-post-thumbnail","7":"category-economia","8":"tag-aclara","9":"tag-business","10":"tag-criadas","11":"tag-economia","12":"tag-economy","13":"tag-es","14":"tag-espana","15":"tag-gallinas","16":"tag-huevos","17":"tag-jaula","18":"tag-mercadona","19":"tag-spain","20":"tag-vende"},"share_on_mastodon":{"url":"https:\/\/pubeurope.com\/@es\/115543875566410235","error":""},"_links":{"self":[{"href":"https:\/\/www.europesays.com\/es\/wp-json\/wp\/v2\/posts\/234198","targetHints":{"allow":["GET"]}}],"collection":[{"href":"https:\/\/www.europesays.com\/es\/wp-json\/wp\/v2\/posts"}],"about":[{"href":"https:\/\/www.europesays.com\/es\/wp-json\/wp\/v2\/types\/post"}],"author":[{"embeddable":true,"href":"https:\/\/www.europesays.com\/es\/wp-json\/wp\/v2\/users\/2"}],"replies":[{"embeddable":true,"href":"https:\/\/www.europesays.com\/es\/wp-json\/wp\/v2\/comments?post=234198"}],"version-history":[{"count":0,"href":"https:\/\/www.europesays.com\/es\/wp-json\/wp\/v2\/posts\/234198\/revisions"}],"wp:featuredmedia":[{"embeddable":true,"href":"https:\/\/www.europesays.com\/es\/wp-json\/wp\/v2\/media\/234199"}],"wp:attachment":[{"href":"https:\/\/www.europesays.com\/es\/wp-json\/wp\/v2\/media?parent=234198"}],"wp:term":[{"taxonomy":"category","embeddable":true,"href":"https:\/\/www.europesays.com\/es\/wp-json\/wp\/v2\/categories?post=234198"},{"taxonomy":"post_tag","embeddable":true,"href":"https:\/\/www.europesays.com\/es\/wp-json\/wp\/v2\/tags?post=234198"}],"curies":[{"name":"wp","href":"https:\/\/api.w.org\/{rel}","templated":true}]}}