{"id":234206,"date":"2025-11-13T18:53:11","date_gmt":"2025-11-13T18:53:11","guid":{"rendered":"https:\/\/www.europesays.com\/es\/234206\/"},"modified":"2025-11-13T18:53:11","modified_gmt":"2025-11-13T18:53:11","slug":"carlos-alcaraz-avanza-a-las-semifinales-de-las-nitto-atp-finals-atp-tour","status":"publish","type":"post","link":"https:\/\/www.europesays.com\/es\/234206\/","title":{"rendered":"Carlos Alcaraz avanza a las semifinales de las Nitto ATP Finals | ATP Tour"},"content":{"rendered":"<p>        Nitto ATP Finals<br \/>\n    Alcaraz avanza a semifinales en las Nitto ATP Finals<\/p>\n<p>El espa\u00f1ol puede asegurar el ATP Year-End No. 1 presented by PIF este jueves<\/p>\n<p>November 13, 2025<\/p>\n<p>            <img decoding=\"async\" src=\"https:\/\/www.europesays.com\/es\/wp-content\/uploads\/2025\/11\/alcaraz-nitto-atp-finals-2025-sf-qualified.jpg\" alt=\"Carlos Alcaraz ha alcanzado las semifinales de las Nitto ATP Finals por segunda vez en su carrera.\"\/><\/p>\n<p>Corinne Dubreuil\/ATP Tour<\/p>\n<p>        Carlos Alcaraz ha alcanzado las semifinales de las Nitto ATP Finals por segunda vez en su carrera.<br \/>\n        By Redacci\u00f3n ATP <\/p>\n<p><a href=\"https:\/\/www.atptour.com\/es\/players\/carlos-alcaraz\/a0e2\/overview\" rel=\"nofollow noopener\" target=\"_blank\">Carlos Alcaraz<\/a> se ha clasificado a las semifinales de las <a href=\"https:\/\/www.atptour.com\/es\/tournaments\/nitto-atp-finals\/605\/overview\" rel=\"nofollow noopener\" target=\"_blank\">Nitto ATP Finals<\/a> despu\u00e9s de la victoria de Alex de Mi\u00f1aur por 7-6(3), 6-3 ante <a href=\"https:\/\/www.atptour.com\/es\/players\/taylor-fritz\/fb98\/overview\" rel=\"nofollow noopener\" target=\"_blank\">Taylor Fritz<\/a> en la tarde del jueves.<\/p>\n<p>El espa\u00f1ol gan\u00f3 sus dos primeros partidos en esta edici\u00f3n del evento broche de temporada y liderar\u00e1 el Grupo <a href=\"https:\/\/www.atptour.com\/es\/players\/jimmy-connors\/c044\/overview\" rel=\"nofollow noopener\" target=\"_blank\">Jimmy Connors<\/a> si derrota a <a href=\"https:\/\/www.atptour.com\/es\/players\/lorenzo-musetti\/m0ej\/overview\" rel=\"nofollow noopener\" target=\"_blank\">Lorenzo Musetti<\/a> este jueves, un escenario que otorgar\u00eda a De Mi\u00f1aur la segunda plaza. Si Alcaraz pierde ante Musetti, terminar\u00e1 segundo por detr\u00e1s del italiano.<\/p>\n<p>Alcaraz tambi\u00e9n buscar\u00e1 asegurar el ATP Year-End No. 1 presented by PIF cuando ingrese en el Inalpi Arena a las 8:30 p.m CET. Si el espa\u00f1ol suma su 70\u00aa victoria del a\u00f1o, cerrar\u00e1 la temporada como No. 1 mundial y dejar\u00e1 sin opciones a <a href=\"https:\/\/www.atptour.com\/es\/players\/jannik-sinner\/s0ag\/overview\" rel=\"nofollow noopener\" target=\"_blank\">Jannik Sinner<\/a>. Si Alcaraz pierde ante Musetti, medir\u00eda a Sinner en las semifinales. En caso de que el italiano venciera a Alcaraz y revalidara invicto el t\u00edtulo, cerrar\u00e1 la temporada como No. 1 mundial.<\/p>\n<p>Alcaraz afronta su tercera participaci\u00f3n en las <a href=\"https:\/\/www.atptour.com\/es\/tournaments\/nitto-atp-finals\/605\/overview\" rel=\"nofollow noopener\" target=\"_blank\">Nitto ATP Finals<\/a>, siendo su mejor resultado las semifinales firmadas en 2023. El murciano ha levantado ocho t\u00edtulos en 2025, incluyendo coronas de Grand Slam en <a href=\"https:\/\/www.atptour.com\/es\/tournaments\/roland-garros\/520\/overview\" rel=\"nofollow noopener\" target=\"_blank\">Roland Garros<\/a> y el <a href=\"https:\/\/www.atptour.com\/es\/tournaments\/us-open\/560\/overview\" rel=\"nofollow noopener\" target=\"_blank\">US Open<\/a>. Carlos tambi\u00e9n ha ganado trofeos ATP Masters 1000 en Montecarlo, Roma y Cincinnati.<\/p>\n","protected":false},"excerpt":{"rendered":"Nitto ATP Finals Alcaraz avanza a semifinales en las Nitto ATP Finals El espa\u00f1ol puede asegurar el ATP&hellip;\n","protected":false},"author":2,"featured_media":234207,"comment_status":"","ping_status":"","sticky":false,"template":"","format":"standard","meta":{"footnotes":""},"categories":[274],"tags":[168,25,24,23,167,327,326],"class_list":{"0":"post-234206","1":"post","2":"type-post","3":"status-publish","4":"format-standard","5":"has-post-thumbnail","7":"category-tenis","8":"tag-deportes","9":"tag-es","10":"tag-espana","11":"tag-spain","12":"tag-sports","13":"tag-tenis","14":"tag-tennis"},"share_on_mastodon":{"url":"https:\/\/pubeurope.com\/@es\/115543907291250036","error":""},"_links":{"self":[{"href":"https:\/\/www.europesays.com\/es\/wp-json\/wp\/v2\/posts\/234206","targetHints":{"allow":["GET"]}}],"collection":[{"href":"https:\/\/www.europesays.com\/es\/wp-json\/wp\/v2\/posts"}],"about":[{"href":"https:\/\/www.europesays.com\/es\/wp-json\/wp\/v2\/types\/post"}],"author":[{"embeddable":true,"href":"https:\/\/www.europesays.com\/es\/wp-json\/wp\/v2\/users\/2"}],"replies":[{"embeddable":true,"href":"https:\/\/www.europesays.com\/es\/wp-json\/wp\/v2\/comments?post=234206"}],"version-history":[{"count":0,"href":"https:\/\/www.europesays.com\/es\/wp-json\/wp\/v2\/posts\/234206\/revisions"}],"wp:featuredmedia":[{"embeddable":true,"href":"https:\/\/www.europesays.com\/es\/wp-json\/wp\/v2\/media\/234207"}],"wp:attachment":[{"href":"https:\/\/www.europesays.com\/es\/wp-json\/wp\/v2\/media?parent=234206"}],"wp:term":[{"taxonomy":"category","embeddable":true,"href":"https:\/\/www.europesays.com\/es\/wp-json\/wp\/v2\/categories?post=234206"},{"taxonomy":"post_tag","embeddable":true,"href":"https:\/\/www.europesays.com\/es\/wp-json\/wp\/v2\/tags?post=234206"}],"curies":[{"name":"wp","href":"https:\/\/api.w.org\/{rel}","templated":true}]}}