{"id":234210,"date":"2025-11-13T18:56:16","date_gmt":"2025-11-13T18:56:16","guid":{"rendered":"https:\/\/www.europesays.com\/es\/234210\/"},"modified":"2025-11-13T18:56:16","modified_gmt":"2025-11-13T18:56:16","slug":"hasta-el-mas-tonto-no-hubiera-traspasado-a-doncic","status":"publish","type":"post","link":"https:\/\/www.europesays.com\/es\/234210\/","title":{"rendered":"\u201cHasta el m\u00e1s tonto no hubiera traspasado a Doncic\u201d"},"content":{"rendered":"<p class=\"\">Y lleg\u00f3 el d\u00eda. Y los <b>Dallas Mavericks<\/b> despidieron a <b>Nico Harrison<\/b>. Y sigue sin ser suficiente. Y todo el mundo sigue echando de menos a <b>Luka Doncic<\/b>. Y que no se escape la figura m\u00e1s importante, que <b>el que puso la firma fue Patrick Dumont<\/b>. Y que Nico Harrison es sin duda responsable de haber llevado a Dallas a unas Finales, pero peor a\u00fan de firmar <b>la peor cat\u00e1strofe que se recuerda en la historia de la NBA<\/b>.<\/p>\n<p class=\"\">Aunque, insistimos, <b>el siguiente en caer deber\u00eda ser Patrick Dumont<\/b>, propietario de los Mavericks y torp\u00edsimo gestor de la situaci\u00f3n menos justificable que se haya vivido en la competici\u00f3n. Lo mejor de todo es que todav\u00eda tienen cierto margen de maniobra porque, oh qu\u00e9 suerte, les cay\u00f3 la bendici\u00f3n de <b>Cooper Flagg<\/b>. Por ahora siguen teni\u00e9ndole en sus filas, pero no pueden dejar pasar ni una oportunidad y el proyecto debe girar ya alrededor de \u00e9l. No de <b>Anthony Davis<\/b> ni <b>Kyrie Irving<\/b> ni <b>Klay Thompson<\/b>&#8230; A ver a qui\u00e9n se los colocas a estas alturas.<\/p>\n<p class=\"\"><a href=\"https:\/\/as.com\/audio\/podcast\/nba-minimo-de-veterano\/\" target=\"_self\" rel=\"nofollow noopener\" title=\"https:\/\/as.com\/audio\/podcast\/nba-minimo-de-veterano\/\"><b>M\u00ednimo de Veterano<\/b><\/a> es la sitcom de la NBA. El templo de la redonda. Un podcast original de Diario AS. Todos los lunes y jueves, nuevo episodio con Pepe Rodr\u00edguez, Toni Vidal y Juanma Rubio. Y a veces se cuela Javier Machicado. S\u00edguenos en todas las plataformas: <a href=\"https:\/\/linktr.ee\/MinimoDeVeterano\" rel=\"nofollow noopener\" target=\"_blank\">https:\/\/linktr.ee\/MinimoDeVeterano<\/a>. <\/p>\n<p>Noticias relacionadas<a href=\"https:\/\/as.com\/audio\/podcast\/nba-minimo-de-veterano\/la-vida-despues-de-nico-harrison-dumont-debe-caer-doncic-feliz-y-davis-en-duda-minimo-de-veterano-5x12-f202511-n\/\" class=\"s_m_w _rt-16x9\" title=\"Parec\u00eda imposible; imposible que tardasen tanto en tomar una decisi\u00f3n tan obvia: Nico Harrison es despedido como general manager de Dallas Mavericks.\" data-tb-link=\"\" rel=\"nofollow noopener\" target=\"_blank\"><img decoding=\"async\" src=\"https:\/\/www.europesays.com\/es\/wp-content\/uploads\/2025\/11\/KWLPT7PCJVBRFJHAGJGLYPUKAY.jpg\" alt=\"La vida despu\u00e9s de Nico Harrison: Dumont debe caer, Doncic feliz y Davis en duda | M\u00ednimo de Veterano 5x12 \" class=\"\" height=\"9\" width=\"16\"   loading=\"lazy\" data-tb-thumbnail=\"\"\/><\/a><a href=\"https:\/\/as.com\/audio\/podcast\/nba-minimo-de-veterano\/el-barca-necesita-soluciones-sera-xavi-pascual-la-nba-fracasara-por-colonizar-europa-minimo-de-euroliga-1x04-f202511-n\/\" class=\"s_m_w _rt-16x9\" title=\"Pe\u00f1arroya no continuar\u00e1 como entrenador en Barcelona, y quiz\u00e1 el hist\u00f3rico Xavi Pascual sea la opci\u00f3n ideal. Los planes de la NBA no generan confianza.\" data-tb-link=\"\" rel=\"nofollow noopener\" target=\"_blank\"><img decoding=\"async\" src=\"https:\/\/www.europesays.com\/es\/wp-content\/uploads\/2025\/11\/XXPQPGTR4VCRHE6UCYXJ4N74G4.jpg\" alt=\"El Bar\u00e7a necesita soluciones; \u00bfser\u00e1 Xavi Pascual? La NBA fracasar\u00e1 por colonizar Europa | M\u00ednimo de Euroliga 1x04\" class=\"\" height=\"9\" width=\"16\"   loading=\"lazy\" data-tb-thumbnail=\"\"\/><\/a><\/p>\n<p class=\"\"><b>\u00a1Tus opiniones importan!<\/b><\/p>\n<p class=\"\">Comenta en los art\u00edculos y suscr\u00edbete gratis a nuestra <a href=\"https:\/\/asfan.as.com\/newsletters\/\" target=\"_blank\" rel=\"nofollow noopener\" title=\"https:\/\/asfan.as.com\/newsletters\/\">newsletter<\/a> y a las alertas informativas en la <a href=\"https:\/\/as.com\/aplicacion-de-as-n\/\" target=\"_blank\" rel=\"nofollow noopener\" title=\"https:\/\/as.com\/aplicacion-de-as-n\/\">App<\/a> o el canal de <a href=\"https:\/\/www.whatsapp.com\/channel\/0029VaAasdA7j6g745nz9M10\" target=\"_blank\" rel=\"nofollow noopener\" title=\"https:\/\/www.whatsapp.com\/channel\/0029VaAasdA7j6g745nz9M10\">WhatsApp<\/a>. \u00bfBuscas licenciar contenido? Haz clic <a href=\"https:\/\/profesional.elpais.com\/soluciones-sindicacion?utm_medium=interno&amp;utm_source=crosslinking&amp;utm_campaign=sindicacion_as_pie_articulos\" target=\"_blank\" rel=\"nofollow noopener\" title=\"https:\/\/profesional.elpais.com\/soluciones-sindicacion?utm_medium=interno&amp;utm_source=crosslinking&amp;utm_campaign=sindicacion_as_pie_articulos\">aqu\u00ed<\/a><\/p>\n","protected":false},"excerpt":{"rendered":"Y lleg\u00f3 el d\u00eda. Y los Dallas Mavericks despidieron a Nico Harrison. Y sigue sin ser suficiente. Y&hellip;\n","protected":false},"author":2,"featured_media":234211,"comment_status":"","ping_status":"","sticky":false,"template":"","format":"standard","meta":{"footnotes":""},"categories":[269],"tags":[299,298,168,25,24,23,167],"class_list":{"0":"post-234210","1":"post","2":"type-post","3":"status-publish","4":"format-standard","5":"has-post-thumbnail","7":"category-baloncesto","8":"tag-baloncesto","9":"tag-basketball","10":"tag-deportes","11":"tag-es","12":"tag-espana","13":"tag-spain","14":"tag-sports"},"share_on_mastodon":{"url":"https:\/\/pubeurope.com\/@es\/115543919233482937","error":""},"_links":{"self":[{"href":"https:\/\/www.europesays.com\/es\/wp-json\/wp\/v2\/posts\/234210","targetHints":{"allow":["GET"]}}],"collection":[{"href":"https:\/\/www.europesays.com\/es\/wp-json\/wp\/v2\/posts"}],"about":[{"href":"https:\/\/www.europesays.com\/es\/wp-json\/wp\/v2\/types\/post"}],"author":[{"embeddable":true,"href":"https:\/\/www.europesays.com\/es\/wp-json\/wp\/v2\/users\/2"}],"replies":[{"embeddable":true,"href":"https:\/\/www.europesays.com\/es\/wp-json\/wp\/v2\/comments?post=234210"}],"version-history":[{"count":0,"href":"https:\/\/www.europesays.com\/es\/wp-json\/wp\/v2\/posts\/234210\/revisions"}],"wp:featuredmedia":[{"embeddable":true,"href":"https:\/\/www.europesays.com\/es\/wp-json\/wp\/v2\/media\/234211"}],"wp:attachment":[{"href":"https:\/\/www.europesays.com\/es\/wp-json\/wp\/v2\/media?parent=234210"}],"wp:term":[{"taxonomy":"category","embeddable":true,"href":"https:\/\/www.europesays.com\/es\/wp-json\/wp\/v2\/categories?post=234210"},{"taxonomy":"post_tag","embeddable":true,"href":"https:\/\/www.europesays.com\/es\/wp-json\/wp\/v2\/tags?post=234210"}],"curies":[{"name":"wp","href":"https:\/\/api.w.org\/{rel}","templated":true}]}}