{"id":234212,"date":"2025-11-13T18:57:13","date_gmt":"2025-11-13T18:57:13","guid":{"rendered":"https:\/\/www.europesays.com\/es\/234212\/"},"modified":"2025-11-13T18:57:13","modified_gmt":"2025-11-13T18:57:13","slug":"dro-el-unico-de-los-nuevos-canteranos-con-cancha","status":"publish","type":"post","link":"https:\/\/www.europesays.com\/es\/234212\/","title":{"rendered":"Dro, el \u00fanico de los &#8216;nuevos&#8217; canteranos con cancha"},"content":{"rendered":"<p>                        De los ocho jugadores que han estado en alguna convocatoria del primer equipo, el centrocampista es el que m\u00e1s minutos ha contado\u00a0\n<\/p>\n<p><img src=\"https:\/\/www.mundodeportivo.com\/files\/image_449_220\/files\/fp\/uploads\/2025\/07\/29\/68892e94b454a.r_d.842-699.jpeg\" data-full-src=\"https:\/\/www.europesays.com\/es\/wp-content\/uploads\/2025\/11\/68892e94b454a.jpeg\" alt=\"Hansi Flick felicit\u00f3 a 'Dro' tras su gran debut con el primer equipo del Bar\u00e7a\" width=\"449\" height=\"220\" class=\"nolazy\" decoding=\"async\" fetchpriority=\"high\"\/><\/p>\n<p class=\"caption-title \">Hansi Flick felicit\u00f3 a &#8216;Dro&#8217; tras su debut con el primer equipo del Bar\u00e7a<\/p>\n<p>FCB<\/p>\n<p>                <img loading=\"lazy\" decoding=\"async\" width=\"60\" height=\"60\" alt=\"Dro, el \u00fanico de los 'nuevos' canteranos con cancha\" title=\"\" src=\"\/files\/image_60_60\/uploads\/2022\/03\/01\/621e95037c08f.png\" class=\"lazy\"\/><\/p>\n<p>\n                        Actualizado a  13\/11\/2025 19:41 CET\n                    <\/p>\n<p data-gtm-element-container=\"modulo-texto-link\" class=\"paragraph\">En su segundo a\u00f1o como entrenador del <strong>Bar\u00e7a<\/strong>,<strong> Hansi Flick<\/strong> ha ido incorporando canteranos al primer equipo del Bar\u00e7a. Y con el tiempo, despu\u00e9s de los primeros 16 encuentros de la temporada, las 12 jornadas ligueras y los cuatro de la <strong>Champions League<\/strong>, la historia de cada uno de ellos ha resultado distinta.<\/p>\n<p data-gtm-element-container=\"modulo-texto-link\" class=\"paragraph\">De los ocho que han estado en las distintas convocatorias del primer equipo, cinco de ellos han terminado debutando o jugando minutos. De los otros\u00a0cuatro, dos son porteros suplentes con<strong> Ter Stegen<\/strong> y <strong>Joan Garcia <\/strong>y los otros se est\u00e1n incorporando ahora. As\u00ed les ha ido.<\/p>\n<p>            <img loading=\"lazy\" decoding=\"async\" data-full-src=\"https:\/\/www.mundodeportivo.com\/uploads\/2025\/09\/27\/68d7bb0cb7290.jpeg\" alt=\"Horizontal\" width=\"449\" height=\"220\" src=\"https:\/\/www.europesays.com\/es\/wp-content\/uploads\/2025\/11\/68d7bb0cb7290.jpeg\" class=\"lazy\"\/><\/p>\n<p>            1<\/p>\n<p>    Jofre Torrents<br \/>\nDebut y de vuelta al filial<\/p>\n<p class=\"module-text\">Se\u00f1alado como uno de los laterales m\u00e1s prometedores del f\u00fatbol formativo del Bar\u00e7a, Jofre Torrents arranc\u00f3 la temporada disputando 23 minutos ante el Mallorca. Y 16 ante el Valencia. No tuvo, sin embargo continuidad. Fue entrando en todas las convocatorias salvo el d\u00eda del Sevilla por exigencias del Bar\u00e7a Atl\u00e8tic. Despu\u00e9s del Cl\u00e1sico retorn\u00f3 al filial.<br \/>\u200b<\/p>\n<p>            <img loading=\"lazy\" decoding=\"async\" data-full-src=\"https:\/\/www.mundodeportivo.com\/uploads\/2025\/11\/08\/690f377a5ea45.jpeg\" alt=\"Horizontal\" width=\"449\" height=\"220\" src=\"https:\/\/www.europesays.com\/es\/wp-content\/uploads\/2025\/11\/690f377a5ea45.jpeg\" class=\"lazy\"\/><\/p>\n<p>            2<\/p>\n<p>    Dro<br \/>\nEl m\u00e1s titular<\/p>\n<p class=\"module-text\">El canterano entr\u00f3 en din\u00e1mica del primer equipo desde el principio y desde entonces no se ha bajado del barco.\u00a0 Despu\u00e9s de estar tres partidos lesionado, empez\u00f3 a cobrar\u00a0 juego por las lesiones del equipo. Cuenta dos titularidades, ante la Real Sociedad y frente al Olympiacos,\u00a0 adem\u00e1s de unos minutos ante el Elche.\u00a0<\/p>\n<p>            <img loading=\"lazy\" decoding=\"async\" data-full-src=\"https:\/\/www.mundodeportivo.com\/uploads\/2025\/10\/14\/68ee75623c573.jpeg\" alt=\"Estos son los datos y estad\u00edsticas de Guille Fern\u00e1ndez\" width=\"449\" height=\"220\" src=\"https:\/\/www.europesays.com\/es\/wp-content\/uploads\/2025\/11\/68ee75623c573.jpeg\" class=\"lazy\"\/><\/p>\n<p>            3<\/p>\n<p>    Guille<br \/>\nUna \u00fanica convocatoria<\/p>\n<p class=\"module-text\">Guille ha tenido un recorrido muy corto con el primer equipo esta temporada. S\u00f3lo entr\u00f3 en la primera convocatoria para el partido ante el Mallorca de la primera jornada de LaLiga. Despu\u00e9s no volvi\u00f3 a entrar en una lista por culpa de un esguince de tobillo.\u00a0<\/p>\n<p>            <img loading=\"lazy\" decoding=\"async\" data-full-src=\"https:\/\/www.mundodeportivo.com\/uploads\/2025\/10\/18\/68f3c82e7a92b.jpeg\" alt=\"Horizontal\" width=\"449\" height=\"220\" src=\"https:\/\/www.europesays.com\/es\/wp-content\/uploads\/2025\/11\/68f3c82e7a92b.r_d.2754-1850.jpeg\" class=\"lazy\"\/><\/p>\n<p>            4<\/p>\n<p>    Toni Fern\u00e1ndez<br \/>\nMedia parte ante el Girona<\/p>\n<p class=\"module-text\">El delantero ha entrado en 12 listas de convocados de las 16 que se llevan esta temporada. Sus \u00fanicos minutos fueron como titular ante el Girona, aunque en el descanso, Flick decidi\u00f3 cambiarlo. Las \u00faltimas tres no ha entrado en ninguna convocatoria.\u00a0<\/p>\n<p>            <img loading=\"lazy\" decoding=\"async\" data-full-src=\"https:\/\/www.mundodeportivo.com\/uploads\/2025\/10\/20\/68f60e68db580.jpeg\" alt=\"Vertical\" width=\"449\" height=\"220\" src=\"https:\/\/www.europesays.com\/es\/wp-content\/uploads\/2025\/11\/68f60e68db580.jpeg\" class=\"lazy\"\/><\/p>\n<p>            5<\/p>\n<p>    Kochen y Eder Aller<br \/>\nCubrir a los lesionados<\/p>\n<p class=\"module-text\">Los porteros del Bar\u00e7a Atl\u00e8tic han compartido convocatorias casi toda la temporada por la lesi\u00f3n de Ter Stegen y, posteriormente, la de Joan Garcia. Kochen no estuvo ante el Getafe y se perdi\u00f3 la del Girona por la selecci\u00f3n. Eder Aller estuvo siempre desde el encuentro ante el Oviedo.\u00a0<\/p>\n<p>            <img loading=\"lazy\" decoding=\"async\" data-full-src=\"https:\/\/www.mundodeportivo.com\/uploads\/2025\/10\/31\/6904b2585cecc.png\" alt=\"Xavi Espart, este viernes 31 de octubre en el entrenamiento del Bar\u00e7a con Cubars\u00ed y Gerard Mart\u00edn\" width=\"449\" height=\"220\" src=\"https:\/\/www.europesays.com\/es\/wp-content\/uploads\/2025\/11\/6904b2585cecc.r_d.536-306.png\" class=\"lazy\"\/><\/p>\n<p>            6<\/p>\n<p>    Xavi Espart<br \/>\nEl relevo de Jofre<\/p>\n<p class=\"module-text\">El regreso de Jofre Torrents al filial supuso la aparici\u00f3n de Xavi Espart. Estuvieron en la lista durante tres encuentros. Girona, Olympiacos y Real Madrid. Despu\u00e9s, Jofre se fue con el filial y Xavi Espart ha seguido reforzando la defensa aunque sin jugar minutos.\u00a0<\/p>\n<p>            <img loading=\"lazy\" decoding=\"async\" data-full-src=\"https:\/\/www.mundodeportivo.com\/uploads\/2025\/09\/01\/68b603657e5d6.jpeg\" alt=\"Horizontal\" width=\"449\" height=\"220\" src=\"https:\/\/www.europesays.com\/es\/wp-content\/uploads\/2025\/11\/68b603657e5d6.jpeg\" class=\"lazy\"\/><\/p>\n<p>            7<\/p>\n<p>    Juan Hern\u00e1ndez<br \/>\nDos convocatorias<\/p>\n<p class=\"module-text\">Flick le llam\u00f3 en dos ocasiones. Contra el Girona y frente al Olympiacos, en LaLiga y en la Champions League. En los dos casos no lleg\u00f3 a disputar ning\u00fan minuto. El t\u00e9cnico le tiene muy presente.\u00a0<\/p>\n<p>\n        Mostrar comentarios\n    <\/p>\n<p>{\u00aballowComment\u00bb:\u00bballowed\u00bb,\u00bbarticleId\u00bb:\u00bbarticle-1002568223&#8243;,\u00bburl\u00bb:\u00bbhttps:\\\/\\\/www.mundodeportivo.com\\\/futbol\\\/fc-barcelona\\\/20251112\\\/1002568223\\\/.html\u00bb,\u00bblivefyre-url\u00bb:\u00bbarticle-1002568223&#8243;}<\/p>\n<p>Cargando siguiente contenido&#8230;\n                <\/p>\n","protected":false},"excerpt":{"rendered":"De los ocho jugadores que han estado en alguna convocatoria del primer equipo, el centrocampista es el que&hellip;\n","protected":false},"author":2,"featured_media":234213,"comment_status":"","ping_status":"","sticky":false,"template":"","format":"standard","meta":{"footnotes":""},"categories":[268],"tags":[168,25,24,280,282,281,23,167],"class_list":{"0":"post-234212","1":"post","2":"type-post","3":"status-publish","4":"format-standard","5":"has-post-thumbnail","7":"category-futbol","8":"tag-deportes","9":"tag-es","10":"tag-espana","11":"tag-football","12":"tag-futbol","13":"tag-soccer","14":"tag-spain","15":"tag-sports"},"share_on_mastodon":{"url":"https:\/\/pubeurope.com\/@es\/115543923097096851","error":""},"_links":{"self":[{"href":"https:\/\/www.europesays.com\/es\/wp-json\/wp\/v2\/posts\/234212","targetHints":{"allow":["GET"]}}],"collection":[{"href":"https:\/\/www.europesays.com\/es\/wp-json\/wp\/v2\/posts"}],"about":[{"href":"https:\/\/www.europesays.com\/es\/wp-json\/wp\/v2\/types\/post"}],"author":[{"embeddable":true,"href":"https:\/\/www.europesays.com\/es\/wp-json\/wp\/v2\/users\/2"}],"replies":[{"embeddable":true,"href":"https:\/\/www.europesays.com\/es\/wp-json\/wp\/v2\/comments?post=234212"}],"version-history":[{"count":0,"href":"https:\/\/www.europesays.com\/es\/wp-json\/wp\/v2\/posts\/234212\/revisions"}],"wp:featuredmedia":[{"embeddable":true,"href":"https:\/\/www.europesays.com\/es\/wp-json\/wp\/v2\/media\/234213"}],"wp:attachment":[{"href":"https:\/\/www.europesays.com\/es\/wp-json\/wp\/v2\/media?parent=234212"}],"wp:term":[{"taxonomy":"category","embeddable":true,"href":"https:\/\/www.europesays.com\/es\/wp-json\/wp\/v2\/categories?post=234212"},{"taxonomy":"post_tag","embeddable":true,"href":"https:\/\/www.europesays.com\/es\/wp-json\/wp\/v2\/tags?post=234212"}],"curies":[{"name":"wp","href":"https:\/\/api.w.org\/{rel}","templated":true}]}}