{"id":234214,"date":"2025-11-13T18:58:15","date_gmt":"2025-11-13T18:58:15","guid":{"rendered":"https:\/\/www.europesays.com\/es\/234214\/"},"modified":"2025-11-13T18:58:15","modified_gmt":"2025-11-13T18:58:15","slug":"aitana-sorprende-con-un-vestido-unico-de-encaje-blanco","status":"publish","type":"post","link":"https:\/\/www.europesays.com\/es\/234214\/","title":{"rendered":"Aitana sorprende con un vestido \u00fanico de encaje blanco"},"content":{"rendered":"<p>No solo Rosal\u00eda le ha cogido el gusto al blanco. Aitana ha llevado hasta tres looks de este color en los actos y celebraciones alrededor de la gala de entrega de los Latin Grammy en Las Vegas. El \u00faltimo, el que luci\u00f3 en la gala de homenaje a Raphael como persona del a\u00f1o para la Academia.\u00a0<\/p>\n<p>Se trata de <a href=\"https:\/\/www.lesfleurstudio.com\/products\/edwardian-lace-couture-dress\" target=\"_blank\" rel=\"nofollow noopener\">un dise\u00f1o \u00fanico elaborado por Les Fleurs Studio<\/a>, una firma dirigida por\u00a0Mar\u00eda Bernad que utiliza tejidos antiguos para crear piezas \u00fanicas con una filosof\u00eda de desperdicio cero y de sostenibilidad.\u00a0<\/p>\n<p>El vestido que lleva Aitana, bautizado como Edwardian Lace, es una prenda elaborada con encaje del siglo XIX preservado y trabajado a mano en el atelier de la firma. \u00abEsta pieza excepcional entrelaza patrimonio y artesan\u00eda, transformando encaje antiguo en una escultura contempor\u00e1nea de luz y textura\u00bb, reza la web de Les Fleurs Studio, donde se puede adquirir el vestido por 2.200 euros en la talla XS.<\/p>\n<p><img decoding=\"async\" loading=\"lazy\" src=\"https:\/\/www.europesays.com\/es\/wp-content\/uploads\/2025\/11\/aitana-con-su-vestido-de-encaje-en-el-homenaje-a-raphael.jpeg\" width=\"720\" height=\"0\"   alt=\"Aitana, con su vestido de encaje en el homenaje a Raphael\"\/><\/p>\n<p>            \u00a0<\/p>\n<p>        Aitana, con su vestido de encaje en el homenaje a Raphael en Las VegasGetty Images for The Latin Recording Academy<\/p>\n<p>El dise\u00f1o, de cuello subido y manga larga, evoca de alguna manera la est\u00e9tica g\u00f3tica de la \u00e9poca que tan de moda est\u00e1 este invierno. La parte inferior del vestido, con transparencias y una abertura lateral aporta modernidad a la prenda.\u00a0<\/p>\n<p>Aitana ha combinado el vestido de Les Fleurs Studio con unas botas blancas a juego de Christian Louboutin. Concretamente, un dise\u00f1o de ca\u00f1a alta con cordones con una punta que emula a las zapatillas de punta que se utilizan para bailar ballet.\u00a0<\/p>\n<p>La artista ha lucido su melena negra en un sencillo semirecogido, acompa\u00f1ado de un maquillaje marcado por los tonos rosados tanto en las mejillas como en los labios. Aitana parece estar siguiendo un patr\u00f3n en Las Vegas con el color blanco, igual que hiciera con los detalles en azul para el lanzamiento de su \u00faltimo disco, Cuarto azul.\u00a0<\/p>\n","protected":false},"excerpt":{"rendered":"No solo Rosal\u00eda le ha cogido el gusto al blanco. Aitana ha llevado hasta tres looks de este&hellip;\n","protected":false},"author":2,"featured_media":234215,"comment_status":"","ping_status":"","sticky":false,"template":"","format":"standard","meta":{"footnotes":""},"categories":[174],"tags":[3519,255,146,147,25,24,256,185,23],"class_list":{"0":"post-234214","1":"post","2":"type-post","3":"status-publish","4":"format-standard","5":"has-post-thumbnail","7":"category-famosos","8":"tag-aitana","9":"tag-celebrities","10":"tag-entertainment","11":"tag-entretenimiento","12":"tag-es","13":"tag-espana","14":"tag-famosos","15":"tag-musica","16":"tag-spain"},"share_on_mastodon":{"url":"https:\/\/pubeurope.com\/@es\/115543926640853040","error":""},"_links":{"self":[{"href":"https:\/\/www.europesays.com\/es\/wp-json\/wp\/v2\/posts\/234214","targetHints":{"allow":["GET"]}}],"collection":[{"href":"https:\/\/www.europesays.com\/es\/wp-json\/wp\/v2\/posts"}],"about":[{"href":"https:\/\/www.europesays.com\/es\/wp-json\/wp\/v2\/types\/post"}],"author":[{"embeddable":true,"href":"https:\/\/www.europesays.com\/es\/wp-json\/wp\/v2\/users\/2"}],"replies":[{"embeddable":true,"href":"https:\/\/www.europesays.com\/es\/wp-json\/wp\/v2\/comments?post=234214"}],"version-history":[{"count":0,"href":"https:\/\/www.europesays.com\/es\/wp-json\/wp\/v2\/posts\/234214\/revisions"}],"wp:featuredmedia":[{"embeddable":true,"href":"https:\/\/www.europesays.com\/es\/wp-json\/wp\/v2\/media\/234215"}],"wp:attachment":[{"href":"https:\/\/www.europesays.com\/es\/wp-json\/wp\/v2\/media?parent=234214"}],"wp:term":[{"taxonomy":"category","embeddable":true,"href":"https:\/\/www.europesays.com\/es\/wp-json\/wp\/v2\/categories?post=234214"},{"taxonomy":"post_tag","embeddable":true,"href":"https:\/\/www.europesays.com\/es\/wp-json\/wp\/v2\/tags?post=234214"}],"curies":[{"name":"wp","href":"https:\/\/api.w.org\/{rel}","templated":true}]}}