{"id":234216,"date":"2025-11-13T19:01:18","date_gmt":"2025-11-13T19:01:18","guid":{"rendered":"https:\/\/www.europesays.com\/es\/234216\/"},"modified":"2025-11-13T19:01:18","modified_gmt":"2025-11-13T19:01:18","slug":"rtve-dice-adios-a-uno-de-sus-programas-diarios-despues-de-tres-anos-en-emision","status":"publish","type":"post","link":"https:\/\/www.europesays.com\/es\/234216\/","title":{"rendered":"RTVE dice adi\u00f3s a uno de sus programas diarios despu\u00e9s de tres a\u00f1os en emisi\u00f3n"},"content":{"rendered":"<p class=\"\">La <b>televisi\u00f3n <\/b>busca conquistar a la audiencia a trav\u00e9s de est\u00edmulos nuevos, y busca siempre ofrecer el mejor contenido posible con el fin tambi\u00e9n de obtener unos buenos datos de audiencia, y en <b>RTVE <\/b>siguen esta estrategia.<\/p>\n<p class=\"\">La \u00faltima decisi\u00f3n del ente p\u00fablico ha sido la de<b> no renovar uno de sus programas diarios, el de \u2018Culturas 2\u2032<\/b>, tal y como ha se\u00f1alado el medio <a href=\"https:\/\/www.20minutos.es\/television\/rtve-cancela-programa-culturas-2_6897568_0.html\" target=\"_blank\" rel=\"noreferrer nofollow noopener\" title=\"https:\/\/www.20minutos.es\/television\/rtve-cancela-programa-culturas-2_6897568_0.html\">\u201820minutos\u2019<\/a>, que tambi\u00e9n incide en que esto se ha comunicado de manera oficial este mismo jueves.<\/p>\n<p class=\"\">Un programa que est\u00e1 presentado por <b>T\u00e0nia Sarrias<\/b>, y que <b>fue estrenado hace ya tres a\u00f1os, en octubre de 2022<\/b>, descrito como un espacio de \u201centretenimiento y sin fronteras\u201d, y que se emite de lunes a jueves a las 11:30 horas.<\/p>\n<p class=\"\">En \u00e9l se buscaba dar voz a artistas, tanto emergentes como estrellas de diferentes disciplinas art\u00edsticas y que hacen que el arte de nuestro pa\u00eds se expanda por todo el mundo.<\/p>\n<p class=\"\">Un espacio que, en su d\u00eda a d\u00eda, ten\u00eda <b>entrevistas en el plat\u00f3, actuaciones en directo, ya sea de canto, baile o teatro musical<\/b>, y que tambi\u00e9n contaba con cr\u00edticos en forma de colaboradores.<\/p>\n<p class=\"\">Ahora bien, lo que no acompa\u00f1aba eran los datos de audiencia que ven\u00eda cosechando en las \u00faltimas fechas, teniendo<b> una media del 0,9% de cuota de pantalla y 21.000 espectadores<\/b>, y siendo su m\u00e1ximo el 15 de octubre, con un 1% de share y 49.000 espectadores, cuando la media de audiencia en La 2 es de 3,1%.<\/p>\n<p>\u00bfCu\u00e1ndo ser\u00e1 su \u00faltima emisi\u00f3n?<\/p>\n<p class=\"\">\u2018Culturas 2\u2032 no renueva con RTVE, y como publica el medio citado, ya se sabe cu\u00e1ndo se dejar\u00e1 de emitir en La 2, y es que <b>el 27 de noviembre ser\u00e1 la fecha de la \u00faltima emisi\u00f3n del programa<\/b>.<\/p>\n<p>Noticias relacionadas<a href=\"https:\/\/as.com\/tikitakas\/television\/golpe-en-la-mesa-de-tve-paula-vazquez-se-impone-a-arturo-valls-f202511-n\/\" class=\"s_m_w _rt-16x9\" title=\"El estreno de \u2018Hasta el fin del mundo\u2019 super\u00f3 al resto de opciones, incluido a \u2018El 1%\u2019 en Antena 3, con un dato sobresaliente.\" data-tb-link=\"\" rel=\"nofollow noopener\" target=\"_blank\"><img decoding=\"async\" src=\"https:\/\/www.europesays.com\/es\/wp-content\/uploads\/2025\/11\/5PCZELVKZZB2DBUU3FD5V6BXLQ.jpg\" alt=\"Golpe en la mesa de TVE: Paula V\u00e1zquez se impone a Arturo Valls\" class=\"\" height=\"9\" width=\"16\"   loading=\"lazy\" data-tb-thumbnail=\"\"\/><\/a><a href=\"https:\/\/as.com\/tikitakas\/television\/valeria-ros-confiesa-en-la-revuelta-en-que-se-ha-gastado-el-dinero-de-masterchef-celebrity-me-he-quedado-frozen-f202511-n\/\" class=\"s_m_w _rt-16x9\" title=\"En su paso por el programa, la colaboradora revel\u00f3 lo que ha hecho con el dinero que recibi\u00f3 del certamen culinario de la televisi\u00f3n p\u00fablica.\" data-tb-link=\"\" rel=\"nofollow noopener\" target=\"_blank\"><img decoding=\"async\" src=\"https:\/\/www.europesays.com\/es\/wp-content\/uploads\/2025\/11\/1763060478_534_YXVXZOUDJVBMXFGG7S7FQO3WH4.png\" alt=\"Valeria Ros confiesa, en \u2018La Revuelta\u2019, en qu\u00e9 se ha gastado el dinero de \u2018MasterChef Celebrity\u2019: \u201cMe he quedado Frozen\u201d\" class=\"\" height=\"9\" width=\"16\"   loading=\"lazy\" data-tb-thumbnail=\"\"\/><\/a><\/p>\n<p class=\"\">Un final de programa que dar\u00e1 pie a otro, pues, como indica de nuevo el medio citado, fuentes cercanas a la cadena se\u00f1alan que <b>\u201cse est\u00e1 trabajando en un nuevo magac\u00edn cultural para el a\u00f1o que entra, para reforzar la oferta cultural de La 2\u2033<\/b>.<\/p>\n<p class=\"\"><b>\u00a1Tus opiniones importan!<\/b> Comenta en los art\u00edculos y suscr\u00edbete gratis a nuestra <a href=\"https:\/\/asfan.as.com\/newsletters\/\" target=\"_blank\" rel=\"nofollow noopener\" title=\"https:\/\/asfan.as.com\/newsletters\/\">newsletter<\/a> y a las alertas informativas en la <a href=\"https:\/\/as.com\/aplicacion-de-as-n\/\" target=\"_blank\" rel=\"nofollow noopener\" title=\"https:\/\/as.com\/aplicacion-de-as-n\/\">App<\/a> o el canal de <a href=\"https:\/\/www.whatsapp.com\/channel\/0029VaAasdA7j6g745nz9M10\" target=\"_blank\" rel=\"nofollow noopener\" title=\"https:\/\/www.whatsapp.com\/channel\/0029VaAasdA7j6g745nz9M10\">WhatsApp<\/a>. \u00bfBuscas licenciar contenido? Haz clic <a href=\"https:\/\/profesional.elpais.com\/landing-sindicacion?utm_medium=interno&amp;utm_source=crosslinking&amp;utm_campaign=sindicacion_as_pie_articulos\" target=\"_blank\" rel=\"nofollow noopener\" title=\"https:\/\/profesional.elpais.com\/landing-sindicacion?utm_medium=interno&amp;utm_source=crosslinking&amp;utm_campaign=sindicacion_as_pie_articulos\">aqu\u00ed<\/a><\/p>\n","protected":false},"excerpt":{"rendered":"La televisi\u00f3n busca conquistar a la audiencia a trav\u00e9s de est\u00edmulos nuevos, y busca siempre ofrecer el mejor&hellip;\n","protected":false},"author":2,"featured_media":234217,"comment_status":"","ping_status":"","sticky":false,"template":"","format":"standard","meta":{"footnotes":""},"categories":[171],"tags":[146,147,25,24,23,214],"class_list":{"0":"post-234216","1":"post","2":"type-post","3":"status-publish","4":"format-standard","5":"has-post-thumbnail","7":"category-tv","8":"tag-entertainment","9":"tag-entretenimiento","10":"tag-es","11":"tag-espana","12":"tag-spain","13":"tag-tv"},"share_on_mastodon":{"url":"https:\/\/pubeurope.com\/@es\/115543938798328052","error":""},"_links":{"self":[{"href":"https:\/\/www.europesays.com\/es\/wp-json\/wp\/v2\/posts\/234216","targetHints":{"allow":["GET"]}}],"collection":[{"href":"https:\/\/www.europesays.com\/es\/wp-json\/wp\/v2\/posts"}],"about":[{"href":"https:\/\/www.europesays.com\/es\/wp-json\/wp\/v2\/types\/post"}],"author":[{"embeddable":true,"href":"https:\/\/www.europesays.com\/es\/wp-json\/wp\/v2\/users\/2"}],"replies":[{"embeddable":true,"href":"https:\/\/www.europesays.com\/es\/wp-json\/wp\/v2\/comments?post=234216"}],"version-history":[{"count":0,"href":"https:\/\/www.europesays.com\/es\/wp-json\/wp\/v2\/posts\/234216\/revisions"}],"wp:featuredmedia":[{"embeddable":true,"href":"https:\/\/www.europesays.com\/es\/wp-json\/wp\/v2\/media\/234217"}],"wp:attachment":[{"href":"https:\/\/www.europesays.com\/es\/wp-json\/wp\/v2\/media?parent=234216"}],"wp:term":[{"taxonomy":"category","embeddable":true,"href":"https:\/\/www.europesays.com\/es\/wp-json\/wp\/v2\/categories?post=234216"},{"taxonomy":"post_tag","embeddable":true,"href":"https:\/\/www.europesays.com\/es\/wp-json\/wp\/v2\/tags?post=234216"}],"curies":[{"name":"wp","href":"https:\/\/api.w.org\/{rel}","templated":true}]}}