{"id":23422,"date":"2025-08-03T19:13:08","date_gmt":"2025-08-03T19:13:08","guid":{"rendered":"https:\/\/www.europesays.com\/es\/23422\/"},"modified":"2025-08-03T19:13:08","modified_gmt":"2025-08-03T19:13:08","slug":"max-verstappen-carga-contra-la-fia-tras-su-incidente-con-lewis-hamilton-en-el-gp-de-hungria-no-lo-entiendo","status":"publish","type":"post","link":"https:\/\/www.europesays.com\/es\/23422\/","title":{"rendered":"Max Verstappen carga contra la FIA tras su incidente con Lewis Hamilton en el GP de Hungr\u00eda: \u00abNo lo entiendo\u00bb"},"content":{"rendered":"<p data-journey-content=\"true\" data-node-id=\"2\" class=\"css-i9p093 emevuu60\">Desde que comenz\u00f3 el fin de semana en Hungr\u00eda, Max Verstappen ya avisaba que el rendimiento del RB21 no estaba siendo el esperado. M\u00e1s a\u00fan despu\u00e9s de unas piezas que se introdujeron durante el GP de B\u00e9lgica, y que el propio Helmut Marko esperaba que dieran un efecto positivo en el Hungaroring. Sin embargo, desde los entrenamientos libres, <a href=\"https:\/\/www.caranddriver.com\/es\/formula-1\/a65581486\/max-verstappen-saltar-alarmas-declive-red-bull-f1-gp-hungria-no-funciona\/\" target=\"_blank\" data-vars-ga-outbound-link=\"https:\/\/www.caranddriver.com\/es\/formula-1\/a65581486\/max-verstappen-saltar-alarmas-declive-red-bull-f1-gp-hungria-no-funciona\/\" data-vars-ga-ux-element=\"Hyperlink\" data-vars-ga-call-to-action=\"el neerland\u00e9s estuvo reportando falta de agarre,\" data-node-id=\"2.1\" class=\"body-link css-168zq96 emevuu60\" rel=\"nofollow noopener\">el neerland\u00e9s estuvo reportando falta de agarre,<\/a> y eso se not\u00f3 en clasificaci\u00f3n, donde termin\u00f3 en la 8\u00aa posici\u00f3n. <\/p>\n<p>Max Verstappen critica la investigaci\u00f3n de la FIA<\/p>\n<p data-journey-content=\"true\" data-node-id=\"4\" class=\"css-i9p093 emevuu60\">Pero eso no era todo, porque en carrera estos males han ido a m\u00e1s. En las primeras vueltas <strong data-node-id=\"4.1\">ya se pudo ver un RB21 que no era lo suficientemente r\u00e1pido como para pasar al Sauber de Gabriel Bortoleto.<\/strong> De hecho, a pesar de que el brasile\u00f1o perdi\u00f3 el DRS con Fernando Alonso, el joven piloto pudo mantenerse firme frente al ritmo del cuatro veces campe\u00f3n del mundo. Pero todav\u00eda le quedaba una opci\u00f3n al neerland\u00e9s, el juego estrat\u00e9gico de las paradas. <\/p>\n<p data-journey-content=\"true\" data-node-id=\"5\" class=\"css-i9p093 emevuu60\">En la vuelta 18, el neerland\u00e9s parar\u00eda con la esperanza de sobrepasar el espa\u00f1ol, y as\u00ed fue, con el inconveniente de que m\u00e1s tarde, en el giro 49, tendr\u00eda que volver a parar porque no llegaba hasta el final.<strong data-node-id=\"5.1\"> Entremedias de esta remontada, el piloto se encontr\u00f3 en pista con <a href=\"https:\/\/www.caranddriver.com\/es\/formula-1\/a65581312\/lewis-hamilton-devastado-pole-charles-leclerc-ferrari-f1-gp-hungria-inutil\/\" target=\"_blank\" data-vars-ga-outbound-link=\"https:\/\/www.caranddriver.com\/es\/formula-1\/a65581312\/lewis-hamilton-devastado-pole-charles-leclerc-ferrari-f1-gp-hungria-inutil\/\" data-vars-ga-ux-element=\"Hyperlink\" data-vars-ga-call-to-action=\"un Lewis Hamilton que estaba fuera de la zona de puntos\" data-node-id=\"5.1.1\" class=\"body-link css-168zq96 emevuu60\" rel=\"nofollow noopener\">un Lewis Hamilton que estaba fuera de la zona de puntos<\/a>, <\/strong>y en la curva cuatro, el de Red Bull tratar\u00eda de rebasar al de Ferrari, quien lleg\u00f3 a salirse de pista, por lo que la FIA tom\u00f3 la decisi\u00f3n de investigar lo ocurrido, aunque finalmente no termin\u00f3 en nada.<\/p>\n<p><img alt=\"lewis hamilton y max verstappen f1\" title=\"Lewis Hamilton y Max Verstappen F1\" loading=\"lazy\" width=\"5443\" height=\"3628\" decoding=\"async\" data-nimg=\"1\" style=\"color:transparent;width:100%;height:auto;\"   src=\"https:\/\/www.europesays.com\/es\/wp-content\/uploads\/2025\/08\/gettyimages-2228326490-688fa7238ca32.jpg\" class=\"css-0 e1g79fud0\"\/><a target=\"_blank\" rel=\"noopener nofollow\" data-theme-key=\"base-link\" href=\"https:\/\/pinterest.com\/pin\/create\/button\/?url=https:\/\/www.caranddriver.com\/es\/formula-1\/a65584742\/max-verstappen-carga-fia-incidente-lewis-hamilton-gp-hungria\/&amp;description=&amp;media=https:\/\/hips.hearstapps.com\/hmg-prod\/images\/gettyimages-2228326490-688fa7238ca32.jpg?resize=1600:*\" class=\"pinterest css-on9hn5 e1c1bym14\"><img decoding=\"async\" data-dynamic-svg=\"true\" src=\"https:\/\/www.caranddriver.com\/_assets\/design-tokens\/fre\/static\/icons\/social\/pinterest.e8cf655.svg?primary=%2523ffffff\" loading=\"lazy\" data-testid=\"dynamic-svg-base\" height=\"auto\" width=\"auto\" alt=\"pinterest\" class=\"css-4lml0h e1mlxuuw1\"\/><\/a><\/p>\n<p>Clive Rose<\/p>\n<p data-journey-content=\"true\" data-node-id=\"8\" class=\"css-i9p093 emevuu60\">\u201c<strong data-node-id=\"8.1\">En realidad nada, para ser sincero. No hay nada que hacer. Fue realmente terrible. <\/strong>Pero as\u00ed ha sido todo el fin de semana, as\u00ed que en ese aspecto tampoco es realmente una sorpresa. Es autom\u00e1ticamente un problema cuando empiezas ah\u00ed en la zona media. As\u00ed que s\u00ed, fue simplemente dram\u00e1tico. No hay mucho m\u00e1s que decir\u201d, dec\u00eda el piloto de Red Bull.<\/p>\n<p data-journey-content=\"true\" data-node-id=\"9\" class=\"css-i9p093 emevuu60\">\u201c<strong data-node-id=\"9.1\">Me parece desafortunado que tenga que ir a los comisarios de nuevo despu\u00e9s de la carrera. S\u00f3lo hay que analizarlo durante la carrera. <\/strong>No entiendo por qu\u00e9 tenemos que ir all\u00ed. Simplemente puse el morro a su lado, dio una sacudida y se sali\u00f3 de la pista. As\u00ed que s\u00ed, tampoco s\u00e9 exactamente qu\u00e9 pas\u00f3\u201d, prosigui\u00f3. <\/p>\n<p data-journey-content=\"true\" data-node-id=\"10\" class=\"css-i9p093 emevuu60\">\u201c<strong data-node-id=\"10.1\">De todos modos, no pasa nada entre terminar noveno o no tener ning\u00fan punto, nada de eso importa. Simplemente no fue un buen fin de semana para nosotros<\/strong>\u201d, concluy\u00f3 <a href=\"https:\/\/www.caranddriver.com\/es\/formula-1\/pilotos\/a3626\/max-verstappen\/\" target=\"_blank\" data-vars-ga-outbound-link=\"https:\/\/www.caranddriver.com\/es\/formula-1\/pilotos\/a3626\/max-verstappen\/\" data-vars-ga-ux-element=\"Hyperlink\" data-vars-ga-call-to-action=\"Max Verstappen. \" data-node-id=\"10.3\" class=\"body-link css-168zq96 emevuu60\" rel=\"nofollow noopener\">Max Verstappen. <\/a><\/p>\n<p data-journey-content=\"true\" data-node-id=\"11\" class=\"css-i9p093 emevuu60\">Es as\u00ed como el piloto de Red Bull ha querido criticar la investigaci\u00f3n de la FIA por su incidente con Lewis Hamilton, quien lleg\u00f3 a salirse de pista en la curva 4.<\/p>\n<p>Contenidos relacionados<\/p>\n","protected":false},"excerpt":{"rendered":"Desde que comenz\u00f3 el fin de semana en Hungr\u00eda, Max Verstappen ya avisaba que el rendimiento del RB21&hellip;\n","protected":false},"author":2,"featured_media":23423,"comment_status":"","ping_status":"","sticky":false,"template":"","format":"standard","meta":{"footnotes":""},"categories":[270],"tags":[168,253,25,24,306,271,272,23,167],"class_list":{"0":"post-23422","1":"post","2":"type-post","3":"status-publish","4":"format-standard","5":"has-post-thumbnail","7":"category-formula-1","8":"tag-deportes","9":"tag-discover","10":"tag-es","11":"tag-espana","12":"tag-f1","13":"tag-formula-1","14":"tag-formula1","15":"tag-spain","16":"tag-sports"},"share_on_mastodon":{"url":"","error":""},"_links":{"self":[{"href":"https:\/\/www.europesays.com\/es\/wp-json\/wp\/v2\/posts\/23422","targetHints":{"allow":["GET"]}}],"collection":[{"href":"https:\/\/www.europesays.com\/es\/wp-json\/wp\/v2\/posts"}],"about":[{"href":"https:\/\/www.europesays.com\/es\/wp-json\/wp\/v2\/types\/post"}],"author":[{"embeddable":true,"href":"https:\/\/www.europesays.com\/es\/wp-json\/wp\/v2\/users\/2"}],"replies":[{"embeddable":true,"href":"https:\/\/www.europesays.com\/es\/wp-json\/wp\/v2\/comments?post=23422"}],"version-history":[{"count":0,"href":"https:\/\/www.europesays.com\/es\/wp-json\/wp\/v2\/posts\/23422\/revisions"}],"wp:featuredmedia":[{"embeddable":true,"href":"https:\/\/www.europesays.com\/es\/wp-json\/wp\/v2\/media\/23423"}],"wp:attachment":[{"href":"https:\/\/www.europesays.com\/es\/wp-json\/wp\/v2\/media?parent=23422"}],"wp:term":[{"taxonomy":"category","embeddable":true,"href":"https:\/\/www.europesays.com\/es\/wp-json\/wp\/v2\/categories?post=23422"},{"taxonomy":"post_tag","embeddable":true,"href":"https:\/\/www.europesays.com\/es\/wp-json\/wp\/v2\/tags?post=23422"}],"curies":[{"name":"wp","href":"https:\/\/api.w.org\/{rel}","templated":true}]}}