{"id":234220,"date":"2025-11-13T19:03:14","date_gmt":"2025-11-13T19:03:14","guid":{"rendered":"https:\/\/www.europesays.com\/es\/234220\/"},"modified":"2025-11-13T19:03:14","modified_gmt":"2025-11-13T19:03:14","slug":"no-hay-montana-lo-suficientemente-alta-para-el","status":"publish","type":"post","link":"https:\/\/www.europesays.com\/es\/234220\/","title":{"rendered":"\u201cNo hay monta\u00f1a lo suficientemente alta para \u00e9l\u201d"},"content":{"rendered":"<p id=\"e255jHkOUW\" data-wc=\"127\">Ben Travolta est\u00e1 a punto de cumplir 15 a\u00f1os. El menor de los hijos que tuvo John Travolta con Kelly Preston, fallecida en 2020, est\u00e1 en plena adolescencia. \u00a0Naci\u00f3 el 23 de noviembre de 2010, menos de dos a\u00f1os despu\u00e9s de que la familia viviera otro dur\u00edsmo golpe: <a class=\"hm-link ho-link\" href=\"https:\/\/www.hola.com\/actualidad\/20250414826250\/john-travolta-lamenta-la-tragica-perdida-de-su-hijo-jett-a-los-16-anos-con-una-foto-inedita\/\" data-mrf-recirculation=\"article-body-link\" rel=\"nofollow noopener\" target=\"_blank\">el fallecimiento del primog\u00e9nito, Jett<\/a>. Para John Travolta, sus hijos son su mayor orgullo. No duda en presumir siempre que puede de su ni\u00f1o, quien es un gran deportista, un aut\u00e9ntico acr\u00f3bata&#8230; y un aventurero nato. <strong>El propio int\u00e9rprete lo ha demostrado con su \u00faltimo v\u00eddeo, en el que podemos verle en lo m\u00e1s alto de una monta\u00f1a en Noruega.<\/strong> \u00abNo hay monta\u00f1a lo suficientemente alta para mi hijo Ben\u00bb , ha comentado, como puedes ver en este v\u00eddeo<\/p>\n","protected":false},"excerpt":{"rendered":"Ben Travolta est\u00e1 a punto de cumplir 15 a\u00f1os. El menor de los hijos que tuvo John Travolta&hellip;\n","protected":false},"author":2,"featured_media":234221,"comment_status":"","ping_status":"","sticky":false,"template":"","format":"standard","meta":{"footnotes":""},"categories":[169],"tags":[517,177,146,147,25,24,176,29550,175,23],"class_list":{"0":"post-234220","1":"post","2":"type-post","3":"status-publish","4":"format-standard","5":"has-post-thumbnail","7":"category-cine","8":"tag-actualidad","9":"tag-cine","10":"tag-entertainment","11":"tag-entretenimiento","12":"tag-es","13":"tag-espana","14":"tag-film","15":"tag-john-travolta","16":"tag-movies","17":"tag-spain"},"share_on_mastodon":{"url":"https:\/\/pubeurope.com\/@es\/115543946219691749","error":""},"_links":{"self":[{"href":"https:\/\/www.europesays.com\/es\/wp-json\/wp\/v2\/posts\/234220","targetHints":{"allow":["GET"]}}],"collection":[{"href":"https:\/\/www.europesays.com\/es\/wp-json\/wp\/v2\/posts"}],"about":[{"href":"https:\/\/www.europesays.com\/es\/wp-json\/wp\/v2\/types\/post"}],"author":[{"embeddable":true,"href":"https:\/\/www.europesays.com\/es\/wp-json\/wp\/v2\/users\/2"}],"replies":[{"embeddable":true,"href":"https:\/\/www.europesays.com\/es\/wp-json\/wp\/v2\/comments?post=234220"}],"version-history":[{"count":0,"href":"https:\/\/www.europesays.com\/es\/wp-json\/wp\/v2\/posts\/234220\/revisions"}],"wp:featuredmedia":[{"embeddable":true,"href":"https:\/\/www.europesays.com\/es\/wp-json\/wp\/v2\/media\/234221"}],"wp:attachment":[{"href":"https:\/\/www.europesays.com\/es\/wp-json\/wp\/v2\/media?parent=234220"}],"wp:term":[{"taxonomy":"category","embeddable":true,"href":"https:\/\/www.europesays.com\/es\/wp-json\/wp\/v2\/categories?post=234220"},{"taxonomy":"post_tag","embeddable":true,"href":"https:\/\/www.europesays.com\/es\/wp-json\/wp\/v2\/tags?post=234220"}],"curies":[{"name":"wp","href":"https:\/\/api.w.org\/{rel}","templated":true}]}}