{"id":234222,"date":"2025-11-13T19:07:14","date_gmt":"2025-11-13T19:07:14","guid":{"rendered":"https:\/\/www.europesays.com\/es\/234222\/"},"modified":"2025-11-13T19:07:14","modified_gmt":"2025-11-13T19:07:14","slug":"doloroso-reencuentro-de-curro-y-angela","status":"publish","type":"post","link":"https:\/\/www.europesays.com\/es\/234222\/","title":{"rendered":"doloroso reencuentro de Curro y \u00c1ngela"},"content":{"rendered":"\n<ul class=\"bodyList bodyList--unordered\">\n<li class=\"bodyList__item\"><strong><a href=\"https:\/\/www.elconfidencial.com\/television\/series-tv\/2025-10-17\/la-promesa-marga-martinez-petra-a-punto-de-morir-1qrt_4230162\/\" target=\"_self\" rel=\"nofollow noopener\">Marga Mart\u00ednez, actriz de La Promesa:<\/a> \u00abLa secuencia m\u00e1s complicada es cuando Petra est\u00e1 a punto de morir\u00bb<\/strong><\/li>\n<li class=\"bodyList__item\"><strong><a href=\"https:\/\/www.elconfidencial.com\/television\/series-tv\/2023-06-12\/la-promesa-serie-tve1-conoce-todos-los-personajes_3636732\/\" target=\"_self\" rel=\"nofollow noopener\">Reparto de La Promesa: conoce a todos los personajes de la serie de TVE<\/a><\/strong><\/li>\n<\/ul>\n<p> De cumplirse los deseos del personaje de Leocadia, en la serie <a href=\"https:\/\/www.elconfidencial.com\/tags\/personajes\/la-promesa-serie-21315\/\" target=\"_self\" rel=\"nofollow noopener\">La Promesa<\/a>, Curro tendr\u00eda que marcharse del palacio despu\u00e9s de la boda de \u00c1ngela con Beltr\u00e1n. Pero quiz\u00e1s eso sea adelantar demasiado los acontecimientos. \u00bfQu\u00e9 posibilidades hay de que Lorenzo pueda impedir el enlace? En el nuevo cap\u00edtulo de<strong> este viernes, 14 de noviembre<\/strong>, que La 1 de Televisi\u00f3n Espa\u00f1ola emitir\u00e1 a las 18:35 horas, el lacayo y la hija de la se\u00f1ora no podr\u00e1n evitar tener un nuevo encuentro. <\/p>\n<p> Durante el episodio anterior de la producci\u00f3n de \u00e9poca protagonizada por <a href=\"https:\/\/www.elconfidencial.com\/television\/series-tv\/2023-06-07\/la-promesa-serie-tve-quien-es-actor-xavi-lock-curro_3628381\/\" target=\"_self\" rel=\"nofollow noopener\">Xavi Lock<\/a>, Arturo Garc\u00eda Sancho e Isabel Serrano, entre otros int\u00e9rpretes, <strong>Lorenzo ha exigido explicaciones <\/strong>a \u00c1ngela sobre su estrecha relaci\u00f3n con Beltr\u00e1n. Teresa le ha confiado a P\u00eda que Crist\u00f3bal le ofreci\u00f3 ser ama de llaves, mientras Petra ha seguido sufriendo por haber perdido el puesto. <\/p>\n<p>              <img decoding=\"async\" class=\"inTextNews__img\" alt=\"Foto: la-promesa-nueva-incorporacion-carlos-viaga-1qrt\" src=\"https:\/\/www.europesays.com\/es\/wp-content\/uploads\/2025\/11\/f.elconfidencial.com\/original\/a0f\/866\/181\/a0f86618146e8fdda86d3fb2ceb1d197.jpg\"  \/>     <\/p>\n<p>TE PUEDE INTERESAR<\/p>\n<p>      <a class=\"inTextNews__title\" href=\"https:\/\/www.elconfidencial.com\/television\/series-tv\/2025-11-11\/la-promesa-nueva-incorporacion-carlos-viaga-1qrt_4245198\/\" onclick=\"window.ECCO.emit(&#039;amplitude&#039;, { dataEventName: &#039;click_related_article_module&#039;, data: { related_article_url: &#039;https:\/\/www.elconfidencial.com\/television\/series-tv\/2025-11-11\/la-promesa-nueva-incorporacion-carlos-viaga-1qrt_4245198\/&#039;, related_article_author: &#039;Alberto Richart&#039;, related_article_section: &#039;series-tv&#039; } })\" rel=\"nofollow noopener\" target=\"_blank\"> Carlos Viaga, \u00faltimo actor en incorporarse a &#8216;La Promesa&#8217;: \u00abVamos a formar un gran equipo\u00bb <\/a>   <\/p>\n<p>    A. Richart   <\/p>\n<p> Jacobo, despu\u00e9s de mucho investigar, parece haber dado con la clave sobre el origen de <a href=\"https:\/\/www.elconfidencial.com\/television\/series-tv\/2025-09-24\/la-promesa-despedida-carmen-asecas-catalina-tve_4215093\/\" target=\"_self\" rel=\"nofollow noopener\">las cartas de Catalina<\/a>. Tras la boda aplazada, Simona se ha preocupado por la felicidad de su hijo. Manuel, por su parte, ha confesado a To\u00f1o que<strong> segu\u00eda desconfiando de Enora<\/strong>. <\/p>\n<p> Alonso ha intuido que Adriano empezaba a olvidar a Catalina para siempre. Lope, molesto con Vera y las cocineras porque no le hayan hecho caso, ha acabado por sacarle el lado bueno a que las chicas hayan tratado de dar con <a href=\"https:\/\/www.elconfidencial.com\/television\/series-tv\/2025-10-24\/la-promesa-detalle-artistico-fans-receta-lope_4234250\/\" target=\"_self\" rel=\"nofollow noopener\">Madame Cocotte<\/a>. Leocadia ha advertido a Curro de que, tras la boda, ella se encargar\u00eda de <strong>expulsarlo de La Promesa<\/strong>. <\/p>\n<p>            Avance del cap\u00edtulo 716           <\/p>\n<p> A pesar de las evidencias mostradas por Jacobo, <strong>Martina niega tener nada que ver<\/strong> con las cartas recibidas de Catalina. Teresa no tiene claro si aceptar el puesto de ama de llaves que le ha ofrecido Crist\u00f3bal, mientras que todos sus compa\u00f1eros la empujan a hacerlo porque la consideran m\u00e1s que capacitada. <\/p>\n<p> Adriano se entera de que ha sido invitado a la fiesta de aniversario del <a href=\"https:\/\/www.elconfidencial.com\/television\/series-tv\/2025-05-19\/la-promesa-quien-es-lisandro-carvajal-cifuentes_4132085\/\" target=\"_self\" rel=\"nofollow noopener\">duque de Carvajal y Cifuentes<\/a>, pero anuncia que no asistir\u00e1.<strong> Alonso intenta convencerlo<\/strong>, sobre todo al constatar que estar\u00e1 presente su Majestad el Rey. <\/p>\n<blockquote class=\"twitter-tweet\">\n<p lang=\"es\" dir=\"ltr\">Curro ha ganado esta batalla \ud83d\udcaa\ud83c\udffb <a href=\"https:\/\/twitter.com\/hashtag\/LaPromesa?src=hash&amp;ref_src=twsrc%5Etfw\" rel=\"nofollow noopener\" target=\"_blank\">#LaPromesa<\/a><\/p>\n<p>\u2b55 <a href=\"https:\/\/t.co\/EE7x3M4A7x\" rel=\"nofollow\">https:\/\/t.co\/EE7x3M4A7x<\/a> <a href=\"https:\/\/t.co\/uchl5OJ1Ws\" rel=\"nofollow\">pic.twitter.com\/uchl5OJ1Ws<\/a><\/p>\n<p>\u2014 La Promesa (@lapromesa_tve) <a href=\"https:\/\/twitter.com\/lapromesa_tve\/status\/1988665595768766847?ref_src=twsrc%5Etfw\" rel=\"nofollow noopener\" target=\"_blank\">November 12, 2025<\/a><\/p><\/blockquote>\n<p> El peri\u00f3dico publica una entrevista con Madame Cocotte y ni por esas Lope se decide a intervenir. P\u00eda y Curro le muestran a Mar\u00eda Fern\u00e1ndez su apoyo incondicional, aunque la doncella sigue arrastrando la indecisi\u00f3n sobre su embarazo. Curro y \u00c1ngela son incapaces de mantener su promesa, y <strong>vuelven a encontrarse<\/strong>. <\/p>\n<ul class=\"bodyList bodyList--unordered\">\n<li class=\"bodyList__item\"><strong><a href=\"https:\/\/www.elconfidencial.com\/television\/series-tv\/2025-10-17\/la-promesa-marga-martinez-petra-a-punto-de-morir-1qrt_4230162\/\" target=\"_self\" rel=\"nofollow noopener\">Marga Mart\u00ednez, actriz de La Promesa:<\/a> \u00abLa secuencia m\u00e1s complicada es cuando Petra est\u00e1 a punto de morir\u00bb<\/strong><\/li>\n<li class=\"bodyList__item\"><strong><a href=\"https:\/\/www.elconfidencial.com\/television\/series-tv\/2023-06-12\/la-promesa-serie-tve1-conoce-todos-los-personajes_3636732\/\" target=\"_self\" rel=\"nofollow noopener\">Reparto de La Promesa: conoce a todos los personajes de la serie de TVE<\/a><\/strong><\/li>\n<\/ul>\n<p> De cumplirse los deseos del personaje de Leocadia, en la serie <a href=\"https:\/\/www.elconfidencial.com\/tags\/personajes\/la-promesa-serie-21315\/\" target=\"_self\" rel=\"nofollow noopener\">La Promesa<\/a>, Curro tendr\u00eda que marcharse del palacio despu\u00e9s de la boda de \u00c1ngela con Beltr\u00e1n. Pero quiz\u00e1s eso sea adelantar demasiado los acontecimientos. \u00bfQu\u00e9 posibilidades hay de que Lorenzo pueda impedir el enlace? En el nuevo cap\u00edtulo de<strong> este viernes, 14 de noviembre<\/strong>, que La 1 de Televisi\u00f3n Espa\u00f1ola emitir\u00e1 a las 18:35 horas, el lacayo y la hija de la se\u00f1ora no podr\u00e1n evitar tener un nuevo encuentro. <\/p>\n<p>              <script async src=\"https:\/\/platform.twitter.com\/widgets.js\" charset=\"utf-8\"><\/script><\/p>\n","protected":false},"excerpt":{"rendered":"Marga Mart\u00ednez, actriz de La Promesa: \u00abLa secuencia m\u00e1s complicada es cuando Petra est\u00e1 a punto de morir\u00bb&hellip;\n","protected":false},"author":2,"featured_media":234223,"comment_status":"","ping_status":"","sticky":false,"template":"","format":"standard","meta":{"footnotes":""},"categories":[91],"tags":[146,147,25,24,23],"class_list":{"0":"post-234222","1":"post","2":"type-post","3":"status-publish","4":"format-standard","5":"has-post-thumbnail","7":"category-entretenimiento","8":"tag-entertainment","9":"tag-entretenimiento","10":"tag-es","11":"tag-espana","12":"tag-spain"},"share_on_mastodon":{"url":"https:\/\/pubeurope.com\/@es\/115543962211889444","error":""},"_links":{"self":[{"href":"https:\/\/www.europesays.com\/es\/wp-json\/wp\/v2\/posts\/234222","targetHints":{"allow":["GET"]}}],"collection":[{"href":"https:\/\/www.europesays.com\/es\/wp-json\/wp\/v2\/posts"}],"about":[{"href":"https:\/\/www.europesays.com\/es\/wp-json\/wp\/v2\/types\/post"}],"author":[{"embeddable":true,"href":"https:\/\/www.europesays.com\/es\/wp-json\/wp\/v2\/users\/2"}],"replies":[{"embeddable":true,"href":"https:\/\/www.europesays.com\/es\/wp-json\/wp\/v2\/comments?post=234222"}],"version-history":[{"count":0,"href":"https:\/\/www.europesays.com\/es\/wp-json\/wp\/v2\/posts\/234222\/revisions"}],"wp:featuredmedia":[{"embeddable":true,"href":"https:\/\/www.europesays.com\/es\/wp-json\/wp\/v2\/media\/234223"}],"wp:attachment":[{"href":"https:\/\/www.europesays.com\/es\/wp-json\/wp\/v2\/media?parent=234222"}],"wp:term":[{"taxonomy":"category","embeddable":true,"href":"https:\/\/www.europesays.com\/es\/wp-json\/wp\/v2\/categories?post=234222"},{"taxonomy":"post_tag","embeddable":true,"href":"https:\/\/www.europesays.com\/es\/wp-json\/wp\/v2\/tags?post=234222"}],"curies":[{"name":"wp","href":"https:\/\/api.w.org\/{rel}","templated":true}]}}