{"id":234226,"date":"2025-11-13T19:10:08","date_gmt":"2025-11-13T19:10:08","guid":{"rendered":"https:\/\/www.europesays.com\/es\/234226\/"},"modified":"2025-11-13T19:10:08","modified_gmt":"2025-11-13T19:10:08","slug":"madrid-conmemora-el-decimo-aniversario-de-los-atentados-de-paris-internacional","status":"publish","type":"post","link":"https:\/\/www.europesays.com\/es\/234226\/","title":{"rendered":"Madrid conmemora el d\u00e9cimo aniversario de los atentados de Par\u00eds | Internacional"},"content":{"rendered":"<p class=\"\">Fluctuat nec mergitur: \u201cbatida por las olas, pero no hundida\u201d. El lema en lat\u00edn de Par\u00eds, representado por un barco navegando en aguas agitadas en el escudo de la capital de Francia, s\u00edmbolo la resiliencia y la fortaleza de la ciudad ante la adversidad, se ha convertido este jueves en el lema de la poblaci\u00f3n francesa. El 13 de noviembre de 2015, nueve terroristas asaltaron la ciudad con <a href=\"https:\/\/elpais.com\/videos\/2025-11-13\/miedo-explosiones-y-disparos-asi-fue-la-fatidica-noche-del-13-de-noviembre-hace-10-anos-en-paris.html\" target=\"_self\" rel=\"nofollow noopener\" title=\"https:\/\/elpais.com\/videos\/2025-11-13\/miedo-explosiones-y-disparos-asi-fue-la-fatidica-noche-del-13-de-noviembre-hace-10-anos-en-paris.html\">una serie de ataques coordinados<\/a> y 130 personas perdieron la vida en un suceso que sacudi\u00f3 la naci\u00f3n. Este 13 de noviembre, <a href=\"https:\/\/elpais.com\/internacional\/2025-11-13\/paris-recuerda-10-anos-despues-a-las-victimas-de-los-atentados-del-13-de-noviembre.html\" target=\"_self\" rel=\"nofollow noopener\" title=\"https:\/\/elpais.com\/internacional\/2025-11-13\/paris-recuerda-10-anos-despues-a-las-victimas-de-los-atentados-del-13-de-noviembre.html\">el mundo lo vuelve a recordar<\/a>. Espa\u00f1a incluida.<\/p>\n<p class=\"\">A las cuatro de la tarde, en Madrid, todo recordaba a Par\u00eds. Incluso el mal tiempo alud\u00eda m\u00e1s a los habituales cielos grises de la capital francesa, con lluvia intermitente y un viento fr\u00edo, pero ligero. Sin embargo, ni el clima, ni el cambio de sede para la ceremonia debido a las precipitaciones han desanimado quienes quer\u00edan recordar a las 90 personas asesinadas en <a href=\"https:\/\/elpais.com\/internacional\/2025-11-09\/bataclan-diez-anos-del-trauma-que-cambio-francia.html\" target=\"_self\" rel=\"nofollow noopener\" title=\"https:\/\/elpais.com\/internacional\/2025-11-09\/bataclan-diez-anos-del-trauma-que-cambio-francia.html\">la sala Bataclan<\/a>, a las 39 en terrazas y bares de los distritos 10 y 11 y a la \u00fanica v\u00edctima registrada en el Stade de France.<\/p>\n<p class=\"\">El Instituto Franc\u00e9s en Espa\u00f1a, situado en el n\u00famero 10 de la calle Marqu\u00e9s de la Ensenada, se ha convertido en un lugar de memoria y de homenaje. En un acto presidido por la embajadora de Francia en Espa\u00f1a, Kareen Rispal, han acudido Borja Fanjul, segundo teniente de alcalde del Ayuntamiento de Madrid, y Pilar Trinidad N\u00fa\u00f1ez, subdelegada del Gobierno, adem\u00e1s de espa\u00f1oles y franceses residentes en Madrid.<\/p>\n<p class=\"\">Medios de comunicaci\u00f3n, miembros del Ayuntamiento y del Gobierno, e incluso de las Fuerzas Armadas de Francia \u2014de aire, tierra y mar\u2014 presentes en Madrid, han acudido para conmemorar, en palabras de la embajadora, \u201cel peor ataque en suelo franc\u00e9s desde la Segunda Guerra Mundial y el segundo peor atentado en Europa, despu\u00e9s del de Atocha de 2004\u201d. <\/p>\n<p><img decoding=\"auto\" class=\"_re lazyload a_m-h\" height=\"276\"  width=\"414\"  src=\"https:\/\/www.europesays.com\/es\/wp-content\/uploads\/2025\/11\/H3PAXAPECRJJ5L3DBNODE4HQOQ.jpg\" loading=\"lazy\"\/>La embajadora francesa en Espa\u00f1a, Kareen Rispal, durante el acto de homenaje a las v\u00edctimas de los atentados de Par\u00eds, en el Instituto de Francia (Madrid), este jueves.Ricardo Rubio (Europa Press)<\/p>\n<p class=\"\">En su discurso, emotivo, en el que ha alternado el franc\u00e9s y el castellano, Rispal ha recordado: \u201cHan pasado diez a\u00f1os desde los atentados del 13 de noviembre de 2015\u201d. Aquella noche, ha lamentado, \u201cPar\u00eds y Francia fueron heridos en el coraz\u00f3n\u201d. Esa herida, ha sostenido, la comparten Madrid y Espa\u00f1a.<\/p>\n<p class=\"\">Sin embargo, Par\u00eds, Francia, los franceses y las francesas, se levantaron, ha afirmado Rispal. Lo hicieron gracias a \u201csu resiliencia\u201d y a la \u201cvalent\u00eda\u201d de sus Fuerzas Armadas y su sistema judicial. Valores, ha dicho la embajadora, que permitieron a la capital acoger el a\u00f1o pasado a los Juegos Ol\u00edmpicos y Paral\u00edmpicos: \u201cAh\u00ed donde la violencia quiso sembrar la divisi\u00f3n, la juventud del mundo se junt\u00f3 con alegr\u00eda, esfuerzo y respeto\u201d, ha agregado.<\/p>\n<p class=\"\">El apoyo de Espa\u00f1a, ha argumentado la embajadora, ha permitido a ambas naciones unirse \u201cpor el mismo compromiso de defender la paz, la democracia y la dignidad humana\u201d, destacando que \u201cla cooperaci\u00f3n europea es la manera m\u00e1s eficaz de luchar contra el terror\u201d.<\/p>\n<p class=\"\">\u201cQuisieron convertirnos en extra\u00f1os, cerrarnos en el miedo y la desconfianza, pero 10 a\u00f1os despu\u00e9s seguimos llenando teatros, ocupando terrazas y acudiendo a estadios\u201d, ha zanjado Fanjul, que ha acudido en representaci\u00f3n del alcalde, Jos\u00e9 Luis Mart\u00ednez-Almeida, quien por motivos de agenda no ha podido acudir al acto. <\/p>\n<p class=\"\">\u201cLas v\u00edctimas de aquel noviembre eran francesas, espa\u00f1olas, portuguesas, marroqu\u00edes, tunecinas, belgas, alemanas, estadounidenses\u2026 Eran Europa y eran el mundo\u201d, ha resaltado. \u201cEl dolor en Par\u00eds fue nuestro dolor y, por eso, hoy su recuerdo es tambi\u00e9n nuestro recuerdo\u201d.<\/p>\n<p class=\"\">N\u00fa\u00f1ez, tercera en hablar durante el acto, ha coincidido: \u201cEste acto tan sentido no es solo un gesto, es la afirmaci\u00f3n de que la memoria y la dignidad prevalecen sobre el terror\u201d. Pese a que hayan pasado ya 10 a\u00f1os de aquella sombr\u00eda noche, el dolor sentido, ha agregado, todav\u00eda permanece, pero \u201ctambi\u00e9n la fuerza de la solidaridad\u201d entre Par\u00eds y Madrid.<\/p>\n<p><img decoding=\"auto\" class=\"_re lazyload a_m-h\" height=\"276\"  width=\"414\"  src=\"https:\/\/www.europesays.com\/es\/wp-content\/uploads\/2025\/11\/NY3OQOPB2RKL3KUDB3QQGWJTQE.jpg\" loading=\"lazy\"\/>La embajadora francesa en Espa\u00f1a conversa con Borja Fanjul, segundo teniente de alcalde del Ayuntamiento de Madrid, durante un acto de homenaje, este jueves.Victor Lerena (EFE)<\/p>\n<p class=\"\">El Stade de France, los locales de los distritos 10 y 11 y la sala de concierto Batacl\u00e1n, ha reconocido la pol\u00edtica, fueron \u201clos lugares donde se padeci\u00f3 de la manera m\u00e1s cruel e injusta el zarpazo del terrorismo\u201d. Un sufrimiento, ha dicho, que sinti\u00f3 toda Europa, pero cuyas dimensiones no lograron dividir a las naciones espa\u00f1ola y francesa, cimentadas por el \u201creconocimiento y respeto de la democracia, del Estado de derecho y de los derechos humanos\u201d.<\/p>\n<p class=\"\">Terminada la ceremonia, tras los aplausos y el minuto de silencio, los asistentes han vaciado la sala poco a poco. En las afueras, frente a la entrada del Instituto Franc\u00e9s, el monumento a las v\u00edctimas del atentado de Par\u00eds, sobre el que la lluvia sigue cayendo, permanece, resiste en la memoria de todas las personas que este jueves, tanto en Francia como en Espa\u00f1a, recuerdan.<\/p>\n","protected":false},"excerpt":{"rendered":"Fluctuat nec mergitur: \u201cbatida por las olas, pero no hundida\u201d. El lema en lat\u00edn de Par\u00eds, representado por&hellip;\n","protected":false},"author":2,"featured_media":234227,"comment_status":"","ping_status":"","sticky":false,"template":"","format":"standard","meta":{"footnotes":""},"categories":[42],"tags":[59689,26349,17,18,60968,13,14,317,11,9702,61,62,63,64,19,20,205,9,10,15,16,4759,592,12,21,22,431,19969,65,66,67],"class_list":{"0":"post-234226","1":"post","2":"type-post","3":"status-publish","4":"format-standard","5":"has-post-thumbnail","7":"category-internacional","8":"tag-atentado-paris-13-n","9":"tag-atentados-terroristas","10":"tag-breaking-news","11":"tag-breakingnews","12":"tag-embajadas","13":"tag-featured-news","14":"tag-featurednews","15":"tag-francia","16":"tag-headlines","17":"tag-homenajes","18":"tag-internacional","19":"tag-international","20":"tag-international-news","21":"tag-internationalnews","22":"tag-latest-news","23":"tag-latestnews","24":"tag-madrid","25":"tag-news","26":"tag-noticias","27":"tag-noticias-destacadas","28":"tag-noticiasdestacadas","29":"tag-paris","30":"tag-terrorismo","31":"tag-titulares","32":"tag-ultimas-noticias","33":"tag-ultimasnoticias","34":"tag-victimas","35":"tag-victimas-terrorismo","36":"tag-world","37":"tag-world-news","38":"tag-worldnews"},"share_on_mastodon":{"url":"","error":"Validation failed: Text character limit of 500 exceeded"},"_links":{"self":[{"href":"https:\/\/www.europesays.com\/es\/wp-json\/wp\/v2\/posts\/234226","targetHints":{"allow":["GET"]}}],"collection":[{"href":"https:\/\/www.europesays.com\/es\/wp-json\/wp\/v2\/posts"}],"about":[{"href":"https:\/\/www.europesays.com\/es\/wp-json\/wp\/v2\/types\/post"}],"author":[{"embeddable":true,"href":"https:\/\/www.europesays.com\/es\/wp-json\/wp\/v2\/users\/2"}],"replies":[{"embeddable":true,"href":"https:\/\/www.europesays.com\/es\/wp-json\/wp\/v2\/comments?post=234226"}],"version-history":[{"count":0,"href":"https:\/\/www.europesays.com\/es\/wp-json\/wp\/v2\/posts\/234226\/revisions"}],"wp:featuredmedia":[{"embeddable":true,"href":"https:\/\/www.europesays.com\/es\/wp-json\/wp\/v2\/media\/234227"}],"wp:attachment":[{"href":"https:\/\/www.europesays.com\/es\/wp-json\/wp\/v2\/media?parent=234226"}],"wp:term":[{"taxonomy":"category","embeddable":true,"href":"https:\/\/www.europesays.com\/es\/wp-json\/wp\/v2\/categories?post=234226"},{"taxonomy":"post_tag","embeddable":true,"href":"https:\/\/www.europesays.com\/es\/wp-json\/wp\/v2\/tags?post=234226"}],"curies":[{"name":"wp","href":"https:\/\/api.w.org\/{rel}","templated":true}]}}