{"id":234230,"date":"2025-11-13T19:12:06","date_gmt":"2025-11-13T19:12:06","guid":{"rendered":"https:\/\/www.europesays.com\/es\/234230\/"},"modified":"2025-11-13T19:12:06","modified_gmt":"2025-11-13T19:12:06","slug":"el-ayuntamiento-de-elda-habilita-a-partir-de-hoy-el-aparcamiento-de-la-antigua-fabrica-de-emerito-maestre-de-manera-provisional-para-dar-cabida-a-mas-de-90-vehiculos","status":"publish","type":"post","link":"https:\/\/www.europesays.com\/es\/234230\/","title":{"rendered":"El Ayuntamiento de Elda habilita a partir de hoy el aparcamiento de la antigua f\u00e1brica de Em\u00e9rito Maestre de manera provisional para dar cabida a m\u00e1s de 90 veh\u00edculos"},"content":{"rendered":"<p>El Ayuntamiento de Elda, a trav\u00e9s de la Concejal\u00eda de Espacio P\u00fablico, ha habilitado a partir de hoy, y de manera provisional, el aparcamiento situado en la antigua f\u00e1brica de Em\u00e9rito Maestre para dar cabida a m\u00e1s de 90 veh\u00edculos. De ese modo, toda la ciudadan\u00eda, y en especial los vecinos y vecinas del Casco Antiguo de la ciudad, pueden disfrutar desde este momento de una nueva zona de estacionamiento p\u00fablico y gratuito mientras contin\u00faa el proceso de licitaci\u00f3n para la urbanizaci\u00f3n definitiva de este aparcamiento.<\/p>\n<p>En ese sentido, ya se puede acceder en veh\u00edculo a este nuevo aparcamiento, que se encuentra delimitado por la carretera de Circunvalaci\u00f3n, la calle San Jos\u00e9 de Calasanz y la calle \u00d3palo. As\u00ed, este parking ofrece un emplazamiento cercano y de proximidad a escasos metros del Casco Antiguo de la ciudad, poniendo a disposici\u00f3n de los ciudadanos y ciudadanas de Elda de m\u00e1s plazas de las que se han perdido durante el desarrollo de las diferentes obras que se est\u00e1n realizando para poner en valor, modernizar y mejorar el n\u00facleo hist\u00f3rico eldense.<\/p>\n<p>Cabe recordar que este aparcamiento est\u00e1 habilitado de manera provisional, poniendo a disposici\u00f3n de los vecinos y vecinas del barrio la mitad del solar para el estacionamiento de sus veh\u00edculos hasta alcanzar las 90 plazas disponibles, mientras contin\u00faan las gestiones de licitaci\u00f3n para la urbanizaci\u00f3n integral del aparcamiento de la antigua f\u00e1brica de Em\u00e9rito Maestre, realizado a trav\u00e9s de la Concejal\u00eda de Espacio P\u00fablico.<\/p>\n<p>Un proyecto incluido en el plan de inversiones \u2018Elda parte de ti\u2019 que prev\u00e9 la creaci\u00f3n de 160 plazas de aparcamiento p\u00fablico y gratuito, adem\u00e1s de urbanizar el solar de m\u00e1s de 6.000 metros cuadrados con viales, nueva iluminaci\u00f3n LED y zonas verdes para evitar el efecto isla de calor.<\/p>\n<p>Por ello, dentro de este proyecto se contar\u00e1 con un total de 68 \u00e1rboles que proporcionar\u00e1n espacios de sombra sobre todo los d\u00edas de verano, adem\u00e1s de plantas arbustivas con riego autom\u00e1tico por goteo, as\u00ed como la instalaci\u00f3n de pavimento drenante para garantizar la evacuaci\u00f3n del agua los d\u00edas de lluvia.<\/p>\n<p>Adem\u00e1s, dentro del proyecto tambi\u00e9n se incluye la preinstalaci\u00f3n para la posterior implantaci\u00f3n de puntos de carga el\u00e9ctrica, red de comunicaciones y red de suministro contra incendios para garantizar la seguridad de todos los usuarios y usuarias de este aparcamiento.<\/p>\n<p>De ese modo, con la apertura provisional de este aparcamiento y la pr\u00f3xima urbanizaci\u00f3n definitiva del mismo se sigue avanzando en el modelo de ciudad en el que se est\u00e1 trabajando desde el gobierno municipal en los \u00faltimos a\u00f1os a trav\u00e9s de las diferentes obras y actuaciones realizadas por toda la localidad, y de manera especial en los \u00faltimos tiempos en el Casco Antiguo, como son las obras para la reurbanizaci\u00f3n del entorno de la iglesia de Santa Ana, los viales de acceso al Castillo o las calles Nueva y Ortega y Gasset. Unos trabajos que van a permitir devolver al centro hist\u00f3rico de la ciudad todo el brillo del pasado para disponer de calles m\u00e1s accesibles, c\u00f3modas y seguras tanto para los peatones como para los veh\u00edculos, poniendo en valor un enclave tan emblem\u00e1tico de Elda y mejorando al mismo tiempo la calidad de vida de los vecinos y vecinas de la ciudad.<\/p>\n","protected":false},"excerpt":{"rendered":"El Ayuntamiento de Elda, a trav\u00e9s de la Concejal\u00eda de Espacio P\u00fablico, ha habilitado a partir de hoy,&hellip;\n","protected":false},"author":2,"featured_media":234231,"comment_status":"","ping_status":"","sticky":false,"template":"","format":"standard","meta":{"footnotes":""},"categories":[5],"tags":[17,18,25,24,13,14,11,19,20,9,10,15,16,23,12,21,22],"class_list":{"0":"post-234230","1":"post","2":"type-post","3":"status-publish","4":"format-standard","5":"has-post-thumbnail","7":"category-titulares","8":"tag-breaking-news","9":"tag-breakingnews","10":"tag-es","11":"tag-espana","12":"tag-featured-news","13":"tag-featurednews","14":"tag-headlines","15":"tag-latest-news","16":"tag-latestnews","17":"tag-news","18":"tag-noticias","19":"tag-noticias-destacadas","20":"tag-noticiasdestacadas","21":"tag-spain","22":"tag-titulares","23":"tag-ultimas-noticias","24":"tag-ultimasnoticias"},"share_on_mastodon":{"url":"https:\/\/pubeurope.com\/@es\/115543981651628646","error":""},"_links":{"self":[{"href":"https:\/\/www.europesays.com\/es\/wp-json\/wp\/v2\/posts\/234230","targetHints":{"allow":["GET"]}}],"collection":[{"href":"https:\/\/www.europesays.com\/es\/wp-json\/wp\/v2\/posts"}],"about":[{"href":"https:\/\/www.europesays.com\/es\/wp-json\/wp\/v2\/types\/post"}],"author":[{"embeddable":true,"href":"https:\/\/www.europesays.com\/es\/wp-json\/wp\/v2\/users\/2"}],"replies":[{"embeddable":true,"href":"https:\/\/www.europesays.com\/es\/wp-json\/wp\/v2\/comments?post=234230"}],"version-history":[{"count":0,"href":"https:\/\/www.europesays.com\/es\/wp-json\/wp\/v2\/posts\/234230\/revisions"}],"wp:featuredmedia":[{"embeddable":true,"href":"https:\/\/www.europesays.com\/es\/wp-json\/wp\/v2\/media\/234231"}],"wp:attachment":[{"href":"https:\/\/www.europesays.com\/es\/wp-json\/wp\/v2\/media?parent=234230"}],"wp:term":[{"taxonomy":"category","embeddable":true,"href":"https:\/\/www.europesays.com\/es\/wp-json\/wp\/v2\/categories?post=234230"},{"taxonomy":"post_tag","embeddable":true,"href":"https:\/\/www.europesays.com\/es\/wp-json\/wp\/v2\/tags?post=234230"}],"curies":[{"name":"wp","href":"https:\/\/api.w.org\/{rel}","templated":true}]}}