{"id":23426,"date":"2025-08-03T19:15:13","date_gmt":"2025-08-03T19:15:13","guid":{"rendered":"https:\/\/www.europesays.com\/es\/23426\/"},"modified":"2025-08-03T19:15:13","modified_gmt":"2025-08-03T19:15:13","slug":"una-buena-oportunidad-de-mercado-para-el-barca","status":"publish","type":"post","link":"https:\/\/www.europesays.com\/es\/23426\/","title":{"rendered":"Una buena oportunidad de mercado para el Bar\u00e7a"},"content":{"rendered":"<p class=\"ft-text ft-helper-align-justify\"><strong>El Bar\u00e7a sigue confeccionado su plantilla de cara a la pr\u00f3xima temporada y una de las plazas que podr\u00eda reforzar de cara a la pr\u00f3xima temporada es la posici\u00f3n de ala-p\u00edvot,<\/strong> <a href=\"https:\/\/www.sport.es\/es\/noticias\/barca\/baloncesto\/chimezie-metu-barca-historia-desamor-120253076\" class=\"ft-link ft-link--decoration\" rel=\"nofollow noopener\" target=\"_blank\">que qued\u00f3 vacante con la salida de Chimezie Metu<\/a> y que ha <a href=\"https:\/\/www.sport.es\/es\/noticias\/barca\/baloncesto\/shengelia-estrella-cambiar-rumbo-barca-118744745\" class=\"ft-link ft-link--decoration\" rel=\"nofollow noopener\" target=\"_blank\">resuelto con la llegada de un veterano de la Euroliga como Tornike Shengelia<\/a>.<\/p>\n<p class=\"ft-text ft-helper-align-justify\"><strong>Un fichaje para rendimiento inmediato, y de confianza total para la secretar\u00eda t\u00e9cnica, convencidos que la aportaci\u00f3n del jugador georgiano ser\u00e1 muy efectiva<\/strong>, por su conocimiento de la Liga Endesa t<strong>ras su paso por Valencia y Baskonia y tambi\u00e9n en la Euroliga con una dilatada carrera en equipos importantes como CSKA o \u00faltimamente, en la Virtus Bolonia<\/strong> <a href=\"https:\/\/www.sport.es\/es\/noticias\/barca\/baloncesto\/clyburn-barca-autentico-guerrero-119992379\" class=\"ft-link ft-link--decoration\" rel=\"nofollow noopener\" target=\"_blank\">donde llega acompa\u00f1ado de otro &#8216;ilustre&#8217; de la Euroliga como Will Clyburn<\/a>.<\/p>\n<p class=\"ft-text ft-helper-align-justify\">Aunque el Bar\u00e7a, siempre atento al mercado, <strong>se la ha abierto una interesante puerta que est\u00e1 explorando y que podr\u00eda a\u00f1adir m\u00e1s poder al juego interior, de un jugador que conoce la Liga Endesa<\/strong> y que llegar\u00eda con una ficha acorde a las posibilidades del Bar\u00e7a.<\/p>\n<p>Noua, un jugador muy interesante<\/p>\n<p class=\"ft-text ft-helper-align-justify\">Se trata del ala-p\u00edvot franc\u00e9s Amine Noua, que ha brillado la pasada temporada en el Covir\u00e1n Granada y del que se desvincul\u00f3 en junio pasado despu\u00e9s que el equipo nazar\u00ed perdiera la categor\u00eda, <a href=\"https:\/\/www.sport.es\/es\/noticias\/baloncesto\/baloncesto-sevilla-acb-primera-feb-120208949\" class=\"ft-link ft-link--decoration\" rel=\"nofollow noopener\" target=\"_blank\">que ha vuelto a recuperar despu\u00e9s que el Baloncesto Sevilla no presentara la documentaci\u00f3n en regla para regresar a la ACB<\/a>.<\/p>\n<p class=\"ft-text ft-helper-align-justify\">Noua ha destacado en el conjunto andaluz logrando unos promedios de 16,1 puntos, 6,5 rebotes y 17,2 de valoraci\u00f3n para un jugador que\u00a0<strong>tan solo baj\u00f3 de la decena de puntos en tres de las 33 jornadas<\/strong>.<\/p>\n<p><img decoding=\"async\" src=\"https:\/\/www.europesays.com\/es\/wp-content\/uploads\/2025\/08\/76cba88d-d06f-4e54-baad-e4be2eb8818f_alta-libre-aspect-ratio_default_0.jpg\" width=\"1200\" height=\"800\" alt=\"Noua ha sido el jugador m\u00e1s determinante del Covir\u00e1n Granada y ahora podr\u00eda acabar en la Euroliga con el Bar\u00e7a\" class=\"ft-helper-img-rd\" loading=\"lazy\" hasdataaida=\"true\"\/><\/p>\n<p class=\"ft-helper-fontColor-quaternary ft-helper-fontSize-body-S ft-helper-spacer-t-xxs\">Noua ha sido el jugador m\u00e1s determinante del Covir\u00e1n Granada y ahora podr\u00eda acabar en la Euroliga con el Bar\u00e7a  \/ COVIRAN<\/p>\n<p class=\"ft-text ft-helper-align-justify\"><strong>El franc\u00e9s de 28 a\u00f1os y 2,02 cuenta con un buen historial deportivo debutando precisamente en la Liga Endesa con el Andorra en 2021 para dar el salto al Strasboug franc\u00e9s<\/strong> en la campa\u00f1a 2021-22, con buenos n\u00fameros que le valieron su marcha al ASVEL Villeurbanne en la campa\u00f1a 2022-23.<\/p>\n<p>Una temporada en el Fenerbah\u00e7e<\/p>\n<p class=\"ft-text ft-helper-align-justify\">No tuvo continuidad en el conjunto galo para saltar al Tortona italiano en la 23-24 y su aterrizaje en la Euroliga se produjo esa misma temporada con el Fenerbah\u00e7e turco , donde promedi\u00f3 8,5 puntos, 6,5 rebotes y 2,5 asistencias en 15 minutos de juego.<\/p>\n<p class=\"ft-text ft-helper-align-justify\"><strong>De nuevo hizo las maletas para debutar en la Liga Endesa como el jugador referencia del Covir\u00e1n Granada, donde cumpli\u00f3 con las expectativas aunque no pudo salvar al equipo<\/strong> de un descenso que ahora han revertido.<strong> Amine Noua cerr\u00f3 su etapa en Granada siendo el\u00a0quinto jugador de la ACB con m\u00e1s valoraci\u00f3n de media<\/strong>\u00a0(17&#8217;2); el cuarto con m\u00e1s puntos anotados por partido (16&#8217;1); quinto en rebotes (6&#8217;5); cuarto en tiros de dos anotados de media (4&#8217;2); cuarto en tiros libres (4&#8217;1)<\/p>\n<p class=\"ft-text ft-helper-align-justify\">Un jugador muy interesante, <strong>que dar\u00eda relevo desde el banco a Shengelia y podr\u00eda compartir tambi\u00e9n minutos en la posici\u00f3n de \u2018cuatro\u2019 con Joel Parra,<\/strong> por lo que la posici\u00f3n de ala-p\u00edvot quedar\u00eda bien cubierta a la espera de la llegada de un \u2018cinco\u2019.<\/p>\n<p>M\u00e1s &#8216;novias&#8217; para el jugador<\/p>\n<p class=\"ft-text ft-helper-align-justify\">La secretar\u00eda t\u00e9cnica azulgrana <strong>es consciente que se trata de un jugador con varias \u2018novias\u2019 y una de ellas es un rival directo en la Euroliga como el Baskonia<\/strong>, que parece haberse interesado tambi\u00e9n por el jugador como apuntaba \u2018Encestando\u2019.<\/p>\n<p><img decoding=\"async\" src=\"https:\/\/www.europesays.com\/es\/wp-content\/uploads\/2025\/08\/1cd247c7-36b3-4f77-9b38-5399915d6626_alta-libre-aspect-ratio_default_0.jpg\" width=\"1200\" height=\"800\" alt=\"El jugador estar\u00eda encantado de recalar en el Bar\u00e7a aunque debe moverse r\u00e1pido porque interesa a otros clubs\" class=\"ft-helper-img-rd\" loading=\"lazy\" hasdataaida=\"true\"\/><\/p>\n<p class=\"ft-helper-fontColor-quaternary ft-helper-fontSize-body-S ft-helper-spacer-t-xxs\">El jugador estar\u00eda encantado de recalar en el Bar\u00e7a aunque debe moverse r\u00e1pido porque interesa a otros clubs  \/ ACB<\/p>\n<p class=\"ft-text ft-helper-align-justify\"><strong>El cuadro vitoriano ha perdido a Chima Moneke y cuenta con Samanic, que es un \u2018cinco\u2019 mientras que deber\u00eda compartir minutos de \u2018cuatro\u2019 con Sedekerskis y Kuruc,<\/strong> que continuan en la plantilla baskonista.<\/p>\n<p class=\"ft-text ft-helper-align-justify\"><strong>Una decisi\u00f3n que deben tomar en la direcci\u00f3n t\u00e9cnica blaugrana y considerar si Anoua es mejor apuesta que un Miquel Salv\u00f3<\/strong> que tambi\u00e9n entra en la ecuaci\u00f3n del Bar\u00e7a, aunque quiz\u00e1 no haya presupuesto para todos.<\/p>\n<p class=\"ft-text ft-helper-align-justify\"><strong>Sea cual sea la decisi\u00f3n, habr\u00e1 que tomarla con cierta rapidez ya que el jugador est\u00e1 en el mercado y si bien la opci\u00f3n de disputar la Euroliga es de su agrado, no se descarta que otros equipos hagan el esfuerzo econ\u00f3mico<\/strong> al que el Bar\u00e7a quiz\u00e1 no puede llegar.<\/p>\n","protected":false},"excerpt":{"rendered":"El Bar\u00e7a sigue confeccionado su plantilla de cara a la pr\u00f3xima temporada y una de las plazas que&hellip;\n","protected":false},"author":2,"featured_media":23427,"comment_status":"","ping_status":"","sticky":false,"template":"","format":"standard","meta":{"footnotes":""},"categories":[268],"tags":[13530,168,25,24,280,282,2082,13531,281,23,167,13529],"class_list":{"0":"post-23426","1":"post","2":"type-post","3":"status-publish","4":"format-standard","5":"has-post-thumbnail","7":"category-futbol","8":"tag-de-mercado","9":"tag-deportes","10":"tag-es","11":"tag-espana","12":"tag-football","13":"tag-futbol","14":"tag-oportunidad","15":"tag-para-el-barca","16":"tag-soccer","17":"tag-spain","18":"tag-sports","19":"tag-una-buena"},"share_on_mastodon":{"url":"","error":""},"_links":{"self":[{"href":"https:\/\/www.europesays.com\/es\/wp-json\/wp\/v2\/posts\/23426","targetHints":{"allow":["GET"]}}],"collection":[{"href":"https:\/\/www.europesays.com\/es\/wp-json\/wp\/v2\/posts"}],"about":[{"href":"https:\/\/www.europesays.com\/es\/wp-json\/wp\/v2\/types\/post"}],"author":[{"embeddable":true,"href":"https:\/\/www.europesays.com\/es\/wp-json\/wp\/v2\/users\/2"}],"replies":[{"embeddable":true,"href":"https:\/\/www.europesays.com\/es\/wp-json\/wp\/v2\/comments?post=23426"}],"version-history":[{"count":0,"href":"https:\/\/www.europesays.com\/es\/wp-json\/wp\/v2\/posts\/23426\/revisions"}],"wp:featuredmedia":[{"embeddable":true,"href":"https:\/\/www.europesays.com\/es\/wp-json\/wp\/v2\/media\/23427"}],"wp:attachment":[{"href":"https:\/\/www.europesays.com\/es\/wp-json\/wp\/v2\/media?parent=23426"}],"wp:term":[{"taxonomy":"category","embeddable":true,"href":"https:\/\/www.europesays.com\/es\/wp-json\/wp\/v2\/categories?post=23426"},{"taxonomy":"post_tag","embeddable":true,"href":"https:\/\/www.europesays.com\/es\/wp-json\/wp\/v2\/tags?post=23426"}],"curies":[{"name":"wp","href":"https:\/\/api.w.org\/{rel}","templated":true}]}}