{"id":234265,"date":"2025-11-13T19:52:06","date_gmt":"2025-11-13T19:52:06","guid":{"rendered":"https:\/\/www.europesays.com\/es\/234265\/"},"modified":"2025-11-13T19:52:06","modified_gmt":"2025-11-13T19:52:06","slug":"malicia-lo-nuevo-de-mago-de-oz-en-la-lista-de-los-mas-vendidos","status":"publish","type":"post","link":"https:\/\/www.europesays.com\/es\/234265\/","title":{"rendered":"MALICIA, lo nuevo de MAGO DE OZ, en la lista de los m\u00e1s vendidos"},"content":{"rendered":"<p>\u00a0<\/p>\n<p><strong>MALICIA, lo nuevo de MAGO DE OZ, en la lista de los m\u00e1s vendidos<\/strong><br \/>\n<img fetchpriority=\"high\" decoding=\"async\" src=\"https:\/\/www.europesays.com\/es\/wp-content\/uploads\/2025\/11\/malicia500x267.jpg\" alt=\"MALICIA, lo nuevo de MAGO DE OZ, en la lista de los m\u00e1s vendidos \" width=\"500\" height=\"267\"\/><\/p>\n<p>MALICIA, el nuevo \u00e1lbum de <strong><a href=\"https:\/\/magodeozoficial.com\/\" target=\"_blank\" rel=\"noopener nofollow\">MAGO DE OZ<\/a><\/strong>, ha entrado en la lista de los m\u00e1s vendidos en el n\u00famero 3 de vinilos y el n\u00famero 5 de \u00e1lbumes.<\/p>\n<p><img loading=\"lazy\" decoding=\"async\" src=\"https:\/\/www.europesays.com\/es\/wp-content\/uploads\/2025\/11\/lista_ventas_espana_malicia.jpg\" alt=\"RAMMSTEIN\" width=\"500\" height=\"566\"\/><\/p>\n<p>La banda anuncia fechas en M\u00e9xico para 2026. El 7 de Noviembre en Guadalajara, el 13 de Noviembre en Monterrey y el 15 de Noviembre en Ciudad de M\u00e9xico:<\/p>\n<p><strong><a href=\"https:\/\/magodeozoficial.com\/\" target=\"_blank\" rel=\"noopener nofollow\">MAGO DE OZ<\/a><\/strong> siguen anunciando conciertos de presentaci\u00f3n de su nuevo \u00e1lbum. Esta vez es el de Barcelona, de la mano de RRS Promo y Eclipse Group:<\/p>\n<ul>\n<li>NUEVO CONCIERTO EN BARCELONA<\/li>\n<li>21 de marzo \u2013 Sala Razzmatazz<\/li>\n<li>Entradas pr\u00f3ximamente a la venta en TicketMaster y Pentagram<\/li>\n<\/ul>\n<p><img loading=\"lazy\" decoding=\"async\" src=\"https:\/\/www.europesays.com\/es\/wp-content\/uploads\/2025\/11\/barcelona2026.jpg\" alt=\"MAGO \" width=\"343\" height=\"500\"\/><\/p>\n<p>Hace d\u00edas anunciaron el de Madrid. \u00a0Ser\u00e1 el 7 de Marzo, en el Palacio Vistalegre<\/p>\n<p><strong><a href=\"https:\/\/www.rafabasa.com\/2025\/11\/03\/critica-del-cd-de-mago-de-oz-malicia-la-noche-de-las-brujas\/\" target=\"_blank\" rel=\"noopener nofollow\">La cr\u00edtica de su \u00e1lbum escrita por Jon Rivas, aqui <\/a><\/strong><\/p>\n<p><strong><a href=\"https:\/\/www.rafabasa.com\/2025\/10\/30\/mago-de-oz-deep-purple-iron-savior-darwin\/#MAGO\" target=\"_blank\" rel=\"noopener nofollow\">Las anteriores noticias sobre la banda, en nuestras noticias<\/a><\/strong><\/p>\n<p>\u00a0<\/p>\n","protected":false},"excerpt":{"rendered":"\u00a0 MALICIA, lo nuevo de MAGO DE OZ, en la lista de los m\u00e1s vendidos MALICIA, el nuevo&hellip;\n","protected":false},"author":2,"featured_media":234266,"comment_status":"","ping_status":"","sticky":false,"template":"","format":"standard","meta":{"footnotes":""},"categories":[170],"tags":[146,147,25,24,4333,184,185,23],"class_list":{"0":"post-234265","1":"post","2":"type-post","3":"status-publish","4":"format-standard","5":"has-post-thumbnail","7":"category-musica","8":"tag-entertainment","9":"tag-entretenimiento","10":"tag-es","11":"tag-espana","12":"tag-mago-de-oz","13":"tag-music","14":"tag-musica","15":"tag-spain"},"share_on_mastodon":{"url":"https:\/\/pubeurope.com\/@es\/115544139332456240","error":""},"_links":{"self":[{"href":"https:\/\/www.europesays.com\/es\/wp-json\/wp\/v2\/posts\/234265","targetHints":{"allow":["GET"]}}],"collection":[{"href":"https:\/\/www.europesays.com\/es\/wp-json\/wp\/v2\/posts"}],"about":[{"href":"https:\/\/www.europesays.com\/es\/wp-json\/wp\/v2\/types\/post"}],"author":[{"embeddable":true,"href":"https:\/\/www.europesays.com\/es\/wp-json\/wp\/v2\/users\/2"}],"replies":[{"embeddable":true,"href":"https:\/\/www.europesays.com\/es\/wp-json\/wp\/v2\/comments?post=234265"}],"version-history":[{"count":0,"href":"https:\/\/www.europesays.com\/es\/wp-json\/wp\/v2\/posts\/234265\/revisions"}],"wp:featuredmedia":[{"embeddable":true,"href":"https:\/\/www.europesays.com\/es\/wp-json\/wp\/v2\/media\/234266"}],"wp:attachment":[{"href":"https:\/\/www.europesays.com\/es\/wp-json\/wp\/v2\/media?parent=234265"}],"wp:term":[{"taxonomy":"category","embeddable":true,"href":"https:\/\/www.europesays.com\/es\/wp-json\/wp\/v2\/categories?post=234265"},{"taxonomy":"post_tag","embeddable":true,"href":"https:\/\/www.europesays.com\/es\/wp-json\/wp\/v2\/tags?post=234265"}],"curies":[{"name":"wp","href":"https:\/\/api.w.org\/{rel}","templated":true}]}}