{"id":234275,"date":"2025-11-13T19:59:16","date_gmt":"2025-11-13T19:59:16","guid":{"rendered":"https:\/\/www.europesays.com\/es\/234275\/"},"modified":"2025-11-13T19:59:16","modified_gmt":"2025-11-13T19:59:16","slug":"quienes-son-los-5-millones-de-votantes-obligados-y-como-pueden-incidir-en-las-elecciones-presidenciales-de-chile","status":"publish","type":"post","link":"https:\/\/www.europesays.com\/es\/234275\/","title":{"rendered":"Qui\u00e9nes son los 5 millones de \u00abvotantes obligados\u00bb y c\u00f3mo pueden incidir en las elecciones presidenciales de Chile"},"content":{"rendered":"<p><img fetchpriority=\"high\" decoding=\"async\" src=\"https:\/\/www.europesays.com\/es\/wp-content\/uploads\/2025\/11\/a0356d20-c0a8-11f0-8ef8-bf132581f35b.jpg.webp.webp\"   alt=\"Los ocho candidatos presidenciales que se disputar\u00e1n la carrera presidencial en Chile. \" loading=\"eager\" width=\"972\" height=\"547\" style=\"aspect-ratio:972 \/ 547\" class=\"css-4ejld5\"\/><\/p>\n<p class=\"css-by8ykd\" role=\"text\">Fuente de la imagen, Getty Images<\/p>\n<p>Pie de foto, Los candidatos presidenciales que se disputar\u00e1n la carrera presidencial en Chile.<strong id=\"article-byline\" aria-hidden=\"true\" class=\"css-m04vo2\">Informaci\u00f3n del art\u00edculo<\/strong><\/p>\n<ul class=\"css-1rvtlej\">\n<li class=\"css-oe8da4\">\n<ul role=\"list\" class=\"css-1rnycnn\">\n<li>Autor, Isabel Caro<a href=\"https:\/\/www.bbc.com\/mundo\/topics\/czprm3zk30mt\" class=\"focusIndicatorReducedWidth css-1rnj7po\" rel=\"nofollow noopener\" target=\"_blank\">Isabel Caro<\/a><\/li>\n<li>T\u00edtulo del autor,  BBC News Mundo<\/li>\n<\/ul>\n<\/li>\n<li class=\"css-1clfxfc\">13 noviembre 2025, 15:41 GMT\n<p>Actualizado 4 horas<\/p>\n<\/li>\n<li class=\"css-1clfxfc\"\/><\/ul>\n<p dir=\"ltr\" class=\"css-1qucyee e17g058b0\"><b>\u00bfPor qui\u00e9n votar\u00e1n los casi cinco millones de chilenos que no participaban en las elecciones y que este domingo estar\u00e1n obligados a decidir en las presidenciales?<\/b><\/p>\n<p dir=\"ltr\" class=\"css-1qucyee e17g058b0\">Esa es una de las grandes inc\u00f3gnitas de los comicios de este 16 de noviembre en Chile, que son in\u00e9ditos por varias razones. <\/p>\n<p dir=\"ltr\" class=\"css-1qucyee e17g058b0\">La centroizquierda, que respald\u00f3 el gobierno del actual mandatario, Gabriel Boric, eligi\u00f3 por primera vez como su representante -tras un proceso de primarias- a una comunista: Jeannette Jara. <\/p>\n<p dir=\"ltr\" class=\"css-1qucyee e17g058b0\">Por otro lado, la derecha llega dividida en tres alternativas: la m\u00e1s tradicional, representada por Evelyn Matthei; la m\u00e1s radical, bajo el alero de Jos\u00e9 Antonio Kast, y la ultraderecha conservadora, encarnada por el diputado libertario Johannes Kaiser. <\/p>\n<p dir=\"ltr\" class=\"css-1qucyee e17g058b0\">Las \u00faltimas encuestas -antes de iniciado el  periodo de veda- apuntaban a un escenario m\u00e1s probable: Jara y Kast enfrentados en un balotaje el 14 de diciembre. <\/p>\n<p dir=\"ltr\" class=\"css-1qucyee e17g058b0\">Pero varios analistas consultados por BBC Mundo concuerdan en que estos comicios tienen un elemento excepcional que los hacen de los m\u00e1s inciertos que ha enfrentado Chile en las \u00faltimas d\u00e9cadas: el votante obligado. <\/p>\n<p dir=\"ltr\" class=\"css-1qucyee e17g058b0\">Estas son las primeras elecciones presidenciales con voto obligatorio e inscripci\u00f3n autom\u00e1tica de los habilitados para sufragar, lo que atraer\u00e1 a entre cinco y seis millones de nuevos votantes al proceso, quienes se ver\u00e1n forzados a participar sopena de multas. <\/p>\n<p dir=\"ltr\" class=\"css-1qucyee e17g058b0\">Ahora los candidatos tienen millones de personas m\u00e1s a las que poder convencer.<\/p>\n<p dir=\"ltr\" class=\"css-1qucyee e17g058b0\">Pero, \u00bfqui\u00e9nes son y c\u00f3mo podr\u00edan incidir en las urnas? <\/p>\n<p>Por qu\u00e9 el voto obligado <\/p>\n<p dir=\"ltr\" class=\"css-1qucyee e17g058b0\">Para entender de d\u00f3nde vienen estos votantes obligados tenemos que irnos varios a\u00f1os atr\u00e1s. En el marco del retorno a la democracia, el pa\u00eds mantuvo el voto obligatorio y la inscripci\u00f3n voluntaria para los procesos eleccionarios. <\/p>\n<p dir=\"ltr\" class=\"css-1qucyee e17g058b0\">En esa \u00e9poca, un gran n\u00famero de poblaci\u00f3n adulta se inscribi\u00f3 para votar, primero en el plebiscito de 1988, y luego en las primeras elecciones presidenciales democr\u00e1ticas tras 17 a\u00f1os de dictadura que se celebraron en diciembre de 1989.<\/p>\n<p dir=\"ltr\" class=\"css-1qucyee e17g058b0\">Durante la transici\u00f3n, sin embargo, cada vez fueron menos las personas que se sumaban voluntariamente para participar de los procesos electorales. <\/p>\n<p dir=\"ltr\" class=\"css-1qucyee e17g058b0\">En 2009, de hecho, el 30% de la poblaci\u00f3n mayor de 18 a\u00f1os estaba fuera del registro electoral, de acuerdo a cifras del Instituto Nacional de Estad\u00edsticas (INE) y el Servicio Electoral de Chile (Servel). <\/p>\n<p dir=\"ltr\" class=\"css-1qucyee e17g058b0\">En busca de mayor representatividad y con la idea de atraer a nuevos electores j\u00f3venes, en 2012 se aprob\u00f3 una reforma constitucional que hizo el voto voluntario y  la inscripci\u00f3n en el registro electoral autom\u00e1tica. <\/p>\n<p dir=\"ltr\" class=\"css-1qucyee e17g058b0\">Eso ampli\u00f3 el padr\u00f3n de electores a casi 13,5 millones, pero la participaci\u00f3n no aument\u00f3 significativamente. De hecho, marc\u00f3 un r\u00e9cord a la baja en las presidenciales de 2013, donde solo votaron 6,6 millones en la primera vuelta y 5,5  en el balotaje. <\/p>\n<p dir=\"ltr\" class=\"css-1qucyee e17g058b0\">Esa cifra aument\u00f3 en los comicios presidenciales siguientes, pero la participaci\u00f3n se mantuvo, en promedio, cercana a los 7 millones.<\/p>\n<p><img decoding=\"async\" src=\"https:\/\/www.europesays.com\/es\/wp-content\/uploads\/2025\/11\/7f97fa60-be46-11f0-afaf-513e6418584c.jpg.webp.webp\"   alt=\"La expresidenta Michelle Bachelet posa con su voto despu\u00e9s de sufragar en los comicios presidenciales de 2013.\" loading=\"lazy\" width=\"1024\" height=\"576\" style=\"aspect-ratio:1024 \/ 576\" class=\"css-4ejld5\"\/><\/p>\n<p class=\"css-by8ykd\" role=\"text\">Fuente de la imagen, Getty Images<\/p>\n<p>Pie de foto, Con voto voluntario, en la segunda vuelta de 2013 entre Michelle Bachelet y Evelyn Matthei, la participaci\u00f3n alcanz\u00f3 un r\u00e9cord a la baja. <\/p>\n<p dir=\"ltr\" class=\"css-1qucyee e17g058b0\">En 2022, el Congreso de Chile repuso la obligatoriedad del voto ahora ante un padr\u00f3n ampliado, donde todos los mayores de 18 a\u00f1os est\u00e1n inscritos por defecto.  <\/p>\n<p dir=\"ltr\" class=\"css-1qucyee e17g058b0\">Desde esa fecha, el pa\u00eds ha tenido cuatro procesos electorales con voto obligatorio e inscripci\u00f3n autom\u00e1tica. En esos procesos votaron cerca de 13 millones de electores. <\/p>\n<p dir=\"ltr\" class=\"css-1qucyee e17g058b0\">Para los comicios de este domingo el padr\u00f3n se compone de 15,6 millones, por lo que los expertos calculan que entre 5 y 6 millones de chilenos votar\u00e1n de manera obligada por primera vez en una elecci\u00f3n presidencial. <\/p>\n<p dir=\"ltr\" class=\"css-1qucyee e17g058b0\">El Congreso aprob\u00f3 que para estos comicios quienes no cumplan con su deber de sufragio ser\u00e1n multados con entre 0,5 y 1,5 unidades tributarias mensuales (UTM), equivalentes a entre 34.600 y 103.900 pesos chilenos, es decir, aproximadamente entre US$36 y US$107.<\/p>\n<p>\u00bfQui\u00e9nes son y qu\u00e9 piensan? <\/p>\n<p dir=\"ltr\" class=\"css-1qucyee e17g058b0\">Por la envergadura del cambio que suponen -el analista Pepe Auth los ha llamado una variaci\u00f3n copernicana en el esquema electoral chileno-, expertos y pol\u00edticos de todos los sectores han intentado estudiar el comportamiento de estos votantes. <\/p>\n<p dir=\"ltr\" class=\"css-1qucyee e17g058b0\">Lo que m\u00e1s se repite es que son impredecibles, que no les interesa la pol\u00edtica y que, por tanto, no tienen una identificaci\u00f3n ideol\u00f3gica fija. <\/p>\n<p dir=\"ltr\" class=\"css-1qucyee e17g058b0\">Juan Pablo Lav\u00edn, de la Encuesta Panel Ciudadano de la Universidad del Desarrollo (UDD), viene haciendo un seguimiento de este votante desde hace a\u00f1os y, por tanto, ha podido trazar ciertas de sus cualidades en el tiempo. <\/p>\n<p dir=\"ltr\" class=\"css-1qucyee e17g058b0\">En conversaci\u00f3n con BBC Mundo explica que estos nuevos votantes son proporcionalmente m\u00e1s hombres que mujeres, m\u00e1s j\u00f3venes que adultos, y de perfiles socioecon\u00f3micos m\u00e1s bajos que altos; de clase media-baja y baja. <\/p>\n<p dir=\"ltr\" class=\"css-1qucyee e17g058b0\">Asimismo, se\u00f1ala que estar\u00edan m\u00e1s en regiones y en la periferia que en los centros urbanos del pa\u00eds. <\/p>\n<p dir=\"ltr\" class=\"css-1qucyee e17g058b0\">En cuanto a su aproximaci\u00f3n con otros procesos electorales previos, Lav\u00edn recalca que son personas que tienen un alto nivel de desconfianza en las instituciones, pero sobre todo, en quienes ejercen el poder al momento de realizarse los comicios. <\/p>\n<p dir=\"ltr\" class=\"css-1qucyee e17g058b0\">\u00abTienen una contraposici\u00f3n a quien est\u00e1 en el poder que es muy fuerte. Lo que tiene sentido con la idea de que la pol\u00edtica no sirve para nada y por eso voluntariamente eleg\u00edan no participar. Para algunos es indiferencia, para otros frustraci\u00f3n, para otros rabia\u00bb, sostiene Lav\u00edn.<\/p>\n<p dir=\"ltr\" class=\"css-1qucyee e17g058b0\">De acuerdo a los n\u00fameros de Panel Ciudadano UDD, esto qued\u00f3 de manifiesto en el plebiscito constitucional del 4 de septiembre de 2022, donde la mayor\u00eda de los chilenos vot\u00f3 en contra de la propuesta de una nueva Constituci\u00f3n. <\/p>\n<p dir=\"ltr\" class=\"css-1qucyee e17g058b0\">\u00ab8 de cada 10 de los votantes obligados rechaz\u00f3 la propuesta constitucional. Seg\u00fan nuestros n\u00fameros, si ellos no hubieran participado se podr\u00eda haber aprobado perfectamente el texto\u00bb, dice Lav\u00edn. <\/p>\n<p><img decoding=\"async\" src=\"https:\/\/www.europesays.com\/es\/wp-content\/uploads\/2025\/11\/ca8b4420-be49-11f0-afaf-513e6418584c.jpg.webp.webp\"   alt=\"Chilenos promueven la opci\u00f3n Rechazo en el plebiscito constitucional de 2022. \" loading=\"lazy\" width=\"3320\" height=\"1867\" style=\"aspect-ratio:3320 \/ 1867\" class=\"css-4ejld5\"\/><\/p>\n<p class=\"css-by8ykd\" role=\"text\">Fuente de la imagen, EPA<\/p>\n<p>Pie de foto, Un 62% de los chilenos rechaz\u00f3 la propuesta de nueva Constituci\u00f3n en 2022.<\/p>\n<p dir=\"ltr\" class=\"css-1qucyee e17g058b0\">Tom\u00e1s Duval, analista y mag\u00edster en ciencia pol\u00edtica y acad\u00e9mico de la Universidad Aut\u00f3noma de Chile, agrega que entre el votante obligado \u00abno existe esta coherencia m\u00e1s com\u00fan en un votante politizado que vota izquierda y va a votar siempre izquierda. Aqu\u00ed no, este grupo de personas puede votar en una elecci\u00f3n a la derecha y en la pr\u00f3xima puede votar izquierda\u00bb.<\/p>\n<p dir=\"ltr\" class=\"css-1qucyee e17g058b0\">Eso -dice- qued\u00f3 de manifiesto en las elecciones de gobernadores regionales de 2024, donde hubo segunda vuelta. <\/p>\n<p dir=\"ltr\" class=\"css-1qucyee e17g058b0\">\u00abCuando uno cruzaba la votaci\u00f3n de la primera vuelta y segunda, uno ve\u00eda que en mesas donde primero gan\u00f3 un candidato republicano (de derecha), despu\u00e9s ganaba en la segunda el candidato del Frente Amplio (de izquierda)\u00bb.<\/p>\n<p dir=\"ltr\" class=\"css-1qucyee e17g058b0\">\u00abEntonces no tienen una coherencia ni consistencia ideol\u00f3gica, lo que los hace bien complejos para las candidaturas y hace de esta una elecci\u00f3n muy incierta\u00bb, recalca.<\/p>\n<p dir=\"ltr\" class=\"css-1qucyee e17g058b0\">De acuerdo a diversos analistas, este votante obligado adem\u00e1s tiene una importante preocupaci\u00f3n por temas como la inseguridad por el aumento de delitos violentos y la presencia de grupos criminales como el Tren de Aragua. Otro tema que capta su atenci\u00f3n es la inmigraci\u00f3n. <\/p>\n<p dir=\"ltr\" class=\"css-1qucyee e17g058b0\">Un elemento que caracteriza, en general, a este votante es una sensaci\u00f3n de pesimismo ante el futuro. <\/p>\n<p dir=\"ltr\" class=\"css-1qucyee e17g058b0\">Lav\u00edn asegura que tambi\u00e9n tienen poca paciencia cuando se trata del cumplimiento de promesas. <\/p>\n<p dir=\"ltr\" class=\"css-1qucyee e17g058b0\">\u00abValoran mucho menos los procesos democr\u00e1ticos, el consenso, la conversaci\u00f3n. Ese tipo de cosas los tienen cansados. Ellos quieren un cambio ya\u00bb. <\/p>\n<p>\u00bfC\u00f3mo pueden afectar la elecci\u00f3n?<\/p>\n<p dir=\"ltr\" class=\"css-1qucyee e17g058b0\">Y ahora vienen las preguntas que m\u00e1s han ocupado a los candidatos y analistas en estos meses de campa\u00f1a: c\u00f3mo capturarlos y a qui\u00e9nes podr\u00edan favorecer en las elecciones. <\/p>\n<p dir=\"ltr\" class=\"css-1qucyee e17g058b0\">Antes de entrar a los an\u00e1lisis es importante decir que nadie puede predecir c\u00f3mo van a actuar en las urnas. Pero s\u00ed se pueden intuir algunos movimientos o tendencias. <\/p>\n<p dir=\"ltr\" class=\"css-1qucyee e17g058b0\">Lo que leen comandos y expertos es que este grupo de personas tender\u00eda a favorecer a los discursos outsiders y m\u00e1s duros en materia de seguridad y migraci\u00f3n.<\/p>\n<p dir=\"ltr\" class=\"css-1qucyee e17g058b0\">Pero tambi\u00e9n a aquellos que son m\u00e1s conocidos y se han alzado como la oposici\u00f3n al gobierno actual. <\/p>\n<p dir=\"ltr\" class=\"css-1qucyee e17g058b0\">Por eso, la primera intuici\u00f3n de los analistas es que estos votantes podr\u00edan preferir m\u00e1s a candidatos de derecha que de izquierda. <\/p>\n<p dir=\"ltr\" class=\"css-1qucyee e17g058b0\">\u00abNosotros que seguimos a los votantes en el tiempo, vemos que ellos son los que m\u00e1s cambian de preferencia, pero lo hacen entre los opositores. El movimiento de cruzar o volver a (Jeannette) Jara es muy poco frecuente. Sigue habiendo 8 de cada 10 que votan en contra de la continuidad del gobierno de (Gabriel) Boric\u00bb, afirma Lav\u00edn.<\/p>\n<p><img decoding=\"async\" src=\"https:\/\/www.europesays.com\/es\/wp-content\/uploads\/2025\/11\/048aada0-be4a-11f0-afaf-513e6418584c.jpg.webp.webp\"   alt=\"La candidata comunista Jeannette Jara posa junto a un adherente durante la campa\u00f1a presidencial de Chile. \" loading=\"lazy\" width=\"1024\" height=\"576\" style=\"aspect-ratio:1024 \/ 576\" class=\"css-4ejld5\"\/><\/p>\n<p class=\"css-by8ykd\" role=\"text\">Fuente de la imagen, Getty Images<\/p>\n<p>Pie de foto, La candidata Jeannette Jara es considerada la carta de continuidad al gobierno de Gabriel Boric. <\/p>\n<p dir=\"ltr\" class=\"css-1qucyee e17g058b0\">En ese sentido, alternativas como el populista Franco Parisi o el libertario Johannes Kaiser, podr\u00edan verse beneficiados. <\/p>\n<p dir=\"ltr\" class=\"css-1qucyee e17g058b0\">Parisi ha basado toda su campa\u00f1a en la idea de que el sistema est\u00e1 quebrado, pero que \u00e9l sabe c\u00f3mo hacer que las personas comunes y corrientes tambi\u00e9n saquen provecho de aquello. Y Kaiser ha asumido la batalla cultural en temas como la familia y el aborto, pero adem\u00e1s, ha endurecido su discurso en torno a la migraci\u00f3n y la seguridad. <\/p>\n<p dir=\"ltr\" class=\"css-1qucyee e17g058b0\">Pese a lo anterior, Lav\u00edn sostiene que -de acuerdo a sus datos- el votante obligado a\u00fan reconoce a Jos\u00e9 Antonio Kast como la ant\u00edtesis de quienes hoy ostentan el poder. <\/p>\n<p dir=\"ltr\" class=\"css-1qucyee e17g058b0\">El fundador del Partido Republicano fue precisamente quien le compiti\u00f3 a Boric en el balotaje presidencial pasado. Por lo tanto, entre personas que no se interesan ni siguen la pol\u00edtica, Kast podr\u00eda alzarse como su ant\u00edpoda m\u00e1s conocida a la continuidad de su gobierno. <\/p>\n<p dir=\"ltr\" class=\"css-1qucyee e17g058b0\">Duval sostiene que el votante obligado reci\u00e9n se est\u00e1 empezando a preocupar de las elecciones de este domingo. Y que los d\u00edas previos a los comicios ser\u00e1n cruciales para la definici\u00f3n de esos votos. <\/p>\n<p dir=\"ltr\" class=\"css-1qucyee e17g058b0\">El analista afirma, adem\u00e1s, que en general el votante obligado desconf\u00eda de los medios tradicionales y se informa principalmente a trav\u00e9s de redes sociales. <\/p>\n<p dir=\"ltr\" class=\"css-1qucyee e17g058b0\">En la recta final antes de los comicios, los candidatos parecieran estar apelando -en parte- a este mundo con salidas comunicacionales pol\u00e9micas, como lo hizo el propio Kast en un cierre de campa\u00f1a hablando detr\u00e1s de un biombo de cristal antibalas; Evelyn Matthei al estrenar un pol\u00e9mico video en donde apunt\u00f3 a diferenciarse de sus rivales o el propio Kaiser, quien reiter\u00f3 que, de llegar a ser presidente de Chile, indultar\u00e1 a condenados por violaciones de derechos humanos. <\/p>\n<p dir=\"ltr\" class=\"css-1qucyee e17g058b0\">Todo ello busca apelar al votante de derecha m\u00e1s comprometido, pero tambi\u00e9n a parte de esos millones a los que no sol\u00eda interesar las elecciones y que ahora estar\u00e1n obligados a decantarse por un nombre.<\/p>\n<p><img decoding=\"async\" src=\"https:\/\/www.europesays.com\/es\/wp-content\/uploads\/2025\/11\/60be7530-be49-11f0-afaf-513e6418584c.jpg.webp.webp\"   alt=\"Jos\u00e9 Antonio Kast se dirige a adherentes en su cierre de camapa\u00f1a. Lo hace detr\u00e1s de un vidrio antibalas y con banderas de Chile en sus espaldas. \" loading=\"lazy\" width=\"1024\" height=\"576\" style=\"aspect-ratio:1024 \/ 576\" class=\"css-4ejld5\"\/><\/p>\n<p class=\"css-by8ykd\" role=\"text\">Fuente de la imagen, Getty Images<\/p>\n<p>Pie de foto, Los candidatos presidenciales, como Jos\u00e9 Antonio Kast, han endurecido su discurso en las \u00faltimas semanas.<img decoding=\"async\" src=\"https:\/\/www.europesays.com\/es\/wp-content\/uploads\/2025\/11\/f0171920-be1d-11f0-8669-5560f5c90fbe.png.webp.webp\"   alt=\"l\u00ednea gris\" loading=\"lazy\" width=\"800\" height=\"100\" style=\"aspect-ratio:800 \/ 100\" class=\"css-4ejld5\"\/><\/p>\n<p dir=\"ltr\" class=\"css-1qucyee e17g058b0\"><a href=\"https:\/\/www.bbc.com\/mundo\/send\/u184973209\" class=\"focusIndicatorReducedWidth css-n8oauk e1p3sufg0\" rel=\"nofollow noopener\" target=\"_blank\">Suscr\u00edbete aqu\u00ed<\/a> a nuestro nuevo newsletter para recibir cada viernes una selecci\u00f3n de nuestro mejor contenido de la semana.<\/p>\n<p dir=\"ltr\" class=\"css-1qucyee e17g058b0\">Y recuerda que puedes recibir notificaciones en nuestra app. Descarga la \u00faltima versi\u00f3n y act\u00edvalas.<\/p>\n","protected":false},"excerpt":{"rendered":"Fuente de la imagen, Getty Images Pie de foto, Los candidatos presidenciales que se disputar\u00e1n la carrera presidencial&hellip;\n","protected":false},"author":2,"featured_media":234276,"comment_status":"","ping_status":"","sticky":false,"template":"","format":"standard","meta":{"footnotes":""},"categories":[42],"tags":[17,18,13,14,11,61,62,63,64,19,20,9,10,15,16,12,21,22,65,66,67],"class_list":{"0":"post-234275","1":"post","2":"type-post","3":"status-publish","4":"format-standard","5":"has-post-thumbnail","7":"category-internacional","8":"tag-breaking-news","9":"tag-breakingnews","10":"tag-featured-news","11":"tag-featurednews","12":"tag-headlines","13":"tag-internacional","14":"tag-international","15":"tag-international-news","16":"tag-internationalnews","17":"tag-latest-news","18":"tag-latestnews","19":"tag-news","20":"tag-noticias","21":"tag-noticias-destacadas","22":"tag-noticiasdestacadas","23":"tag-titulares","24":"tag-ultimas-noticias","25":"tag-ultimasnoticias","26":"tag-world","27":"tag-world-news","28":"tag-worldnews"},"share_on_mastodon":{"url":"https:\/\/pubeurope.com\/@es\/115544166794328736","error":""},"_links":{"self":[{"href":"https:\/\/www.europesays.com\/es\/wp-json\/wp\/v2\/posts\/234275","targetHints":{"allow":["GET"]}}],"collection":[{"href":"https:\/\/www.europesays.com\/es\/wp-json\/wp\/v2\/posts"}],"about":[{"href":"https:\/\/www.europesays.com\/es\/wp-json\/wp\/v2\/types\/post"}],"author":[{"embeddable":true,"href":"https:\/\/www.europesays.com\/es\/wp-json\/wp\/v2\/users\/2"}],"replies":[{"embeddable":true,"href":"https:\/\/www.europesays.com\/es\/wp-json\/wp\/v2\/comments?post=234275"}],"version-history":[{"count":0,"href":"https:\/\/www.europesays.com\/es\/wp-json\/wp\/v2\/posts\/234275\/revisions"}],"wp:featuredmedia":[{"embeddable":true,"href":"https:\/\/www.europesays.com\/es\/wp-json\/wp\/v2\/media\/234276"}],"wp:attachment":[{"href":"https:\/\/www.europesays.com\/es\/wp-json\/wp\/v2\/media?parent=234275"}],"wp:term":[{"taxonomy":"category","embeddable":true,"href":"https:\/\/www.europesays.com\/es\/wp-json\/wp\/v2\/categories?post=234275"},{"taxonomy":"post_tag","embeddable":true,"href":"https:\/\/www.europesays.com\/es\/wp-json\/wp\/v2\/tags?post=234275"}],"curies":[{"name":"wp","href":"https:\/\/api.w.org\/{rel}","templated":true}]}}