{"id":234279,"date":"2025-11-13T20:09:08","date_gmt":"2025-11-13T20:09:08","guid":{"rendered":"https:\/\/www.europesays.com\/es\/234279\/"},"modified":"2025-11-13T20:09:08","modified_gmt":"2025-11-13T20:09:08","slug":"rory-despeja-todavia-mas-la-senda","status":"publish","type":"post","link":"https:\/\/www.europesays.com\/es\/234279\/","title":{"rendered":"Rory despeja todav\u00eda m\u00e1s la senda"},"content":{"rendered":"<p>&#13;<br \/>\n        &#13;<br \/>\n&#13;<br \/>\n        &#13;<\/p>\n<p>            <a href=\"https:\/\/ten-golf.com\/wp-content\/uploads\/2025\/11\/DPWTC-2025-LRFCA03412.jpg\" data-caption=\"Rory McIlroy durante la primera jornada del DP World Tour Championship 2025. \u00a9 Golffile | Fran Caffrey\" rel=\"nofollow noopener\" target=\"_blank\"><img decoding=\"async\" loading=\"lazy\" width=\"666\" height=\"444\" class=\"entry-thumb td-modal-image\" src=\"https:\/\/www.europesays.com\/es\/wp-content\/uploads\/2025\/11\/DPWTC-2025-LRFCA03412-666x444.jpg\"   alt=\"Rory McIlroy durante la primera jornada del DP World Tour Championship 2025. \u00a9 Golffile | Fran Caffrey\" title=\"DP World Tour Championship\"\/><\/a>Rory McIlroy durante la primera jornada del DP World Tour Championship 2025. \u00a9 Golffile | Fran Caffrey<\/p>\n<p>            &#8211; Michael Kim (-8) es el primer l\u00edder del DP World Tour Championship, la Final del circuito europeo que se disputa en Dubai, en el Earth course del Jumeirah Golf Estates, para ser m\u00e1s exactos, escenario de la prueba por decimos\u00e9ptima edici\u00f3n consecutiva (desde 2009). El <\/p>\n<p>Para seguir leyendo, Suscr\u00edbete<\/p>\n<p>    Subscription OptionsMENSUAL<\/p>\n<p>Unlimited  Entradas<\/p>\n<p>Unlimited  Galer\u00edas<\/p>\n<p>Unlimited  \u00c1lbumes<\/p>\n<p>Unlimited  P\u00e1ginas<\/p>\n<p>ANUAL + LIBRO<\/p>\n<p>Unlimited  Entradas<\/p>\n<p>Unlimited  Galer\u00edas<\/p>\n<p>Unlimited  \u00c1lbumes<\/p>\n<p>Unlimited  P\u00e1ginas<\/p>\n<p>ANUAL<\/p>\n<p>Unlimited  Entradas<\/p>\n<p>Unlimited  Galer\u00edas<\/p>\n<p>Unlimited  \u00c1lbumes<\/p>\n<p>Unlimited  P\u00e1ginas<\/p>\n<p>    Recibe 30 mulligans para gastar en <a href=\"https:\/\/thegame.ten-golf.com\" target=\"_blank\" rel=\"nofollow noopener\">TheGame<\/a> junto a tu suscripci\u00f3n anual (al final de la temporada se quitar\u00e1n los mulligans no gastados)<\/p>\n<p>    Pincha <a href=\"https:\/\/ten-golf.com\/tengolf-pone-en-marcha-el-muro-de-pago-y-crea-el-club-tengolf\" target=\"_blank\" rel=\"nofollow noopener\">aqu\u00ed<\/a> para saber m\u00e1s sobre las distintas suscripciones<\/p>\n<p>        &#13;<br \/>\n&#13;<br \/>\n        &#13;<br \/>\n            &#13;<br \/>\n            &#13;<br \/>\n&#13;<\/p>\n<p class=\"join-telegram\"><img decoding=\"async\" class=\"loading\" src=\"https:\/\/www.europesays.com\/es\/wp-content\/uploads\/2025\/10\/telegram-icon.png\" alt=\"\"\/> S\u00edguenos tambi\u00e9n en <a href=\"https:\/\/telegram.org\/\" target=\"_blank\" style=\"font-weight: normal;\" rel=\"nofollow noopener\">Telegram<\/a> en el canal <a href=\"https:\/\/t.me\/tengolf\" target=\"_blank\" rel=\"nofollow\">@tengolf<\/a><\/p>\n<p>        &#13;<br \/>\n        <a class=\"will-load\" name=\"end-article\" data-id=\"post-212192\"\/>&#13;<\/p>\n","protected":false},"excerpt":{"rendered":"&#13; &#13; &#13; &#13; Rory McIlroy durante la primera jornada del DP World Tour Championship 2025. \u00a9 Golffile&hellip;\n","protected":false},"author":2,"featured_media":234280,"comment_status":"","ping_status":"","sticky":false,"template":"","format":"standard","meta":{"footnotes":""},"categories":[275],"tags":[168,7316,60126,25,24,329,60972,60973,336,339,340,1909,1910,606,23,167,397,398],"class_list":{"0":"post-234279","1":"post","2":"type-post","3":"status-publish","4":"format-standard","5":"has-post-thumbnail","7":"category-golf","8":"tag-deportes","9":"tag-dp-world-tour","10":"tag-dp-world-tour-championship","11":"tag-es","12":"tag-espana","13":"tag-golf","14":"tag-jumeirah-golf-estates","15":"tag-michael-kim","16":"tag-notificacion","17":"tag-portada-america","18":"tag-portada-global","19":"tag-portada-top","20":"tag-portada-top-america","21":"tag-rory-mcilroy","22":"tag-spain","23":"tag-sports","24":"tag-tommy-fleetwood","25":"tag-tyrrell-hatton"},"share_on_mastodon":{"url":"https:\/\/pubeurope.com\/@es\/115544206163863348","error":""},"_links":{"self":[{"href":"https:\/\/www.europesays.com\/es\/wp-json\/wp\/v2\/posts\/234279","targetHints":{"allow":["GET"]}}],"collection":[{"href":"https:\/\/www.europesays.com\/es\/wp-json\/wp\/v2\/posts"}],"about":[{"href":"https:\/\/www.europesays.com\/es\/wp-json\/wp\/v2\/types\/post"}],"author":[{"embeddable":true,"href":"https:\/\/www.europesays.com\/es\/wp-json\/wp\/v2\/users\/2"}],"replies":[{"embeddable":true,"href":"https:\/\/www.europesays.com\/es\/wp-json\/wp\/v2\/comments?post=234279"}],"version-history":[{"count":0,"href":"https:\/\/www.europesays.com\/es\/wp-json\/wp\/v2\/posts\/234279\/revisions"}],"wp:featuredmedia":[{"embeddable":true,"href":"https:\/\/www.europesays.com\/es\/wp-json\/wp\/v2\/media\/234280"}],"wp:attachment":[{"href":"https:\/\/www.europesays.com\/es\/wp-json\/wp\/v2\/media?parent=234279"}],"wp:term":[{"taxonomy":"category","embeddable":true,"href":"https:\/\/www.europesays.com\/es\/wp-json\/wp\/v2\/categories?post=234279"},{"taxonomy":"post_tag","embeddable":true,"href":"https:\/\/www.europesays.com\/es\/wp-json\/wp\/v2\/tags?post=234279"}],"curies":[{"name":"wp","href":"https:\/\/api.w.org\/{rel}","templated":true}]}}