{"id":234286,"date":"2025-11-13T20:17:16","date_gmt":"2025-11-13T20:17:16","guid":{"rendered":"https:\/\/www.europesays.com\/es\/234286\/"},"modified":"2025-11-13T20:17:16","modified_gmt":"2025-11-13T20:17:16","slug":"destroyer-y-sharon-van-etten","status":"publish","type":"post","link":"https:\/\/www.europesays.com\/es\/234286\/","title":{"rendered":"Destroyer y Sharon Van Etten"},"content":{"rendered":"<p class=\"article-text\">\n        El presidente del Gobierno, Pedro S\u00e1nchez, ha visitado este jueves por sorpresa el programa Generaci\u00f3n Ya de Radio 3 (RTVE), donde ha desvelado algunos de sus gustos musicales. Preguntado expresamente por los artistas que ha escuchado a lo largo del \u00faltimo, el jefe del Ejecutivo ha mencionado al grupo de pop con tintes de synth Destroyer, adem\u00e1s de la artista independiente estadounidense Sharon Van Etten. Tambi\u00e9n ha reconocido haber escuchado \u201centero\u201d Lux, el nuevo disco de Rosal\u00eda.\n    <\/p>\n<p>    <a href=\"https:\/\/www.eldiario.es\/cultura\/musica\/pobre-casta-obediente-rosalia-quita-habito-mainstream-lux_129_12743887.html\" data-mrf-recirculation=\"saber-mas\" data-dl-event=\"saber-mas\" rel=\"nofollow noopener\" target=\"_blank\"><\/p>\n<p class=\"know-more__title\">Ni pobre ni casta ni obediente, Rosal\u00eda se quita el h\u00e1bito del mainstream en \u2018Lux\u2019<\/p>\n<p>            <img decoding=\"async\" class=\"lazy\" loading=\"lazy\" data-src=\"https:\/\/static.eldiario.es\/clip\/bd9927cc-5896-41c0-b64c-b5717ec1a918_16-9-aspect-ratio_default_0_x568y319.jpg\" src=\"data:image\/svg+xml,%3Csvg xmlns=\" http:=\"\" viewbox=\"0 0 880 495\" alt=\"Ni pobre ni casta ni obediente, Rosal\u00eda se quita el h\u00e1bito del mainstream en \u2018Lux\u2019\"\/><\/p>\n<p>                        <\/a><\/p>\n<p class=\"article-text\">\n        Durante algo menos de media hora, S\u00e1nchez ha asegurado que sus primeros contactos con Radio 3, la radio de actualidad musical por excelencia de RTVE, fueron con los programas Siglo XXI, 180 grados o Nanana. \u201cUno de los que me tiene maravillado es El Laberinto\u201d, ha dicho, en alusi\u00f3n a ese espacio radiof\u00f3nico dedicado especialmente a la m\u00fasica electr\u00f3nica. \u201cSoy muy ecl\u00e9ctico. Escucho muchos de vuestros programas y me ayud\u00e1is a sobrellevar el d\u00eda a d\u00eda\u201d, ha reconocido.\u00a0\n    <\/p>\n<p class=\"article-text\">\n        S\u00e1nchez ha hablado de una \u201cexplosi\u00f3n de talento\u201d musical en Espa\u00f1a y ha mencionado a Rosal\u00eda, pero tambi\u00e9n \u201ca grupos que est\u00e1n saliendo ahora\u201d.\u00a0El presidente ha tildado Lux, el nuevo disco de la catalana, como una \u201cmaravilla\u201d. Y si bien ha reconocido que \u201cahora en los discos no se escuchan todas las canciones\u201d s\u00ed lo hecho en el caso de Rosal\u00eda. \u201cEn este me lo he escuchado del tir\u00f3n\u201d, ha confesado. \u201cAhora soy m\u00e1s de escuchar canciones sueltas, pero hab\u00eda leido que este disco hab\u00eda que escucaharlo del tir\u00f3n y me han gustado todas las canciones\u201d, ha a\u00f1adido. Tambi\u00e9n ha anunciado que \u201ceste s\u00e1bado\u201d tiene previsto \u201crecomendar en Tik Tok una de las canciones\u201d de Rosal\u00eda.\u00a0\n    <\/p>\n<p class=\"article-text\">\n        \u201cYo bebo mucho de Radio 3. Me nutro mucho de vuestras propuestas musicales, de las propuestas que hac\u00e9is\u201d, ha a\u00f1adido, antes de reconocer que \u201ccuando estaba en la oposici\u00f3n\u201d escuchaba estos programas \u201ccuando sal\u00eda a correr\u201d y luego \u201clos fines de semana\u201d, as\u00ed como \u201calg\u00fan viernes\u201d. S\u00e1nchez ha recoonocido que para \u00e9l es \u201cun reto\u201d no escuchar programas informativos por ser \u201cuna persona que por la responsabilidad que tiene trabaja con informaci\u00f3n\u201d. \u201cPrefiero desconectar escuchando m\u00fasica y abstray\u00e9ndome de estos debates, desde el punto de vista espiritual\u201d, ha afirmado.\u00a0Tras su aparici\u00f3n en la emisora, S\u00e1nchez ha agradecido al equipo de Radio 3 su \u201cacogida\u201d y ha presumido de camiseta con una fotograf\u00eda a trav\u00e9s de su red social X.\n    <\/p>\n<p>    <a href=\"https:\/\/www.eldiario.es\/cultura\/musica\/sony-favorece-grandes-superficies-amazon-venta-disco-rosalia-cargar-pequeno-comercio_1_12747874.html\" data-mrf-recirculation=\"saber-mas-abajo\" data-dl-event=\"saber-mas-abajo\" rel=\"nofollow noopener\" target=\"_blank\"><\/p>\n<p class=\"know-more__title\">Sony favorece a las grandes superficies y a Amazon en la venta del disco de Rosal\u00eda: \u201cSe van a cargar el peque\u00f1o comercio\u201d<\/p>\n<p>            <img decoding=\"async\" class=\"lazy\" loading=\"lazy\" data-src=\"https:\/\/static.eldiario.es\/clip\/35f2889f-9139-4bbc-b035-c9f8718ce478_16-9-aspect-ratio_default_0.jpg\" src=\"data:image\/svg+xml,%3Csvg xmlns=\" http:=\"\" viewbox=\"0 0 880 495\" alt=\"Sony favorece a las grandes superficies y a Amazon en la venta del disco de Rosal\u00eda: \u201cSe van a cargar el peque\u00f1o comercio\u201d\"\/><\/p>\n<p>                        <\/a><\/p>\n<blockquote class=\"twitter-tweet\" data-lang=\"es\"><p><a href=\"https:\/\/twitter.com\/X\/status\/1989042506625888286?ref_src=twsrc%5Etfw\" rel=\"nofollow noopener\" target=\"_blank\"><\/p><\/blockquote>\n<p class=\"article-text\">\n        \u201cMezcl\u00e1is programas de estudio, nos acerc\u00e1is a festivales, podemos escuchar otro tipo de m\u00fasica en otro tipo de contextos\u201d, ha celebrado, en alusi\u00f3n a la radio p\u00fablica.\u00a0Adem\u00e1s de mencionar a Calavento como uno de los grupos que ahora escucha, S\u00e1nchez rememora como \u201cuno de los conciertos m\u00edticos\u201d de su vida el que pudo ver en el ya desaparecido estadio Vicente Calder\u00f3n de la banda estadounidense Guns N&#8217; Roses. \u201cYo creo que perd\u00ed tres kilos\u201d, ha ironizado. Finalmente, el jefe del Ejecutivo ha dado las \u201cgracias\u201d a Radio 3. \u201cDais espacio a una m\u00fasica diversa. Es un regalo\u201d.\n    <\/p>\n<p>                                    <script async src=\"https:\/\/platform.twitter.com\/widgets.js\" charset=\"utf-8\"><\/script><\/p>\n","protected":false},"excerpt":{"rendered":"El presidente del Gobierno, Pedro S\u00e1nchez, ha visitado este jueves por sorpresa el programa Generaci\u00f3n Ya de Radio&hellip;\n","protected":false},"author":2,"featured_media":234287,"comment_status":"","ping_status":"","sticky":false,"template":"","format":"standard","meta":{"footnotes":""},"categories":[174],"tags":[45,255,60974,12019,146,147,25,24,51390,256,56405,185,524,1822,11305,1789,4147,199,20855,23,8581],"class_list":{"0":"post-234286","1":"post","2":"type-post","3":"status-publish","4":"format-standard","5":"has-post-thumbnail","7":"category-famosos","8":"tag-45","9":"tag-celebrities","10":"tag-destroyer","11":"tag-disco","12":"tag-entertainment","13":"tag-entretenimiento","14":"tag-es","15":"tag-espana","16":"tag-etten","17":"tag-famosos","18":"tag-maravilla","19":"tag-musica","20":"tag-nuevo","21":"tag-pedro","22":"tag-preferida","23":"tag-revela","24":"tag-rosalia","25":"tag-sanchez","26":"tag-sharon","27":"tag-spain","28":"tag-tilda"},"share_on_mastodon":{"url":"https:\/\/pubeurope.com\/@es\/115544237407190997","error":""},"_links":{"self":[{"href":"https:\/\/www.europesays.com\/es\/wp-json\/wp\/v2\/posts\/234286","targetHints":{"allow":["GET"]}}],"collection":[{"href":"https:\/\/www.europesays.com\/es\/wp-json\/wp\/v2\/posts"}],"about":[{"href":"https:\/\/www.europesays.com\/es\/wp-json\/wp\/v2\/types\/post"}],"author":[{"embeddable":true,"href":"https:\/\/www.europesays.com\/es\/wp-json\/wp\/v2\/users\/2"}],"replies":[{"embeddable":true,"href":"https:\/\/www.europesays.com\/es\/wp-json\/wp\/v2\/comments?post=234286"}],"version-history":[{"count":0,"href":"https:\/\/www.europesays.com\/es\/wp-json\/wp\/v2\/posts\/234286\/revisions"}],"wp:featuredmedia":[{"embeddable":true,"href":"https:\/\/www.europesays.com\/es\/wp-json\/wp\/v2\/media\/234287"}],"wp:attachment":[{"href":"https:\/\/www.europesays.com\/es\/wp-json\/wp\/v2\/media?parent=234286"}],"wp:term":[{"taxonomy":"category","embeddable":true,"href":"https:\/\/www.europesays.com\/es\/wp-json\/wp\/v2\/categories?post=234286"},{"taxonomy":"post_tag","embeddable":true,"href":"https:\/\/www.europesays.com\/es\/wp-json\/wp\/v2\/tags?post=234286"}],"curies":[{"name":"wp","href":"https:\/\/api.w.org\/{rel}","templated":true}]}}