{"id":234300,"date":"2025-11-13T20:30:16","date_gmt":"2025-11-13T20:30:16","guid":{"rendered":"https:\/\/www.europesays.com\/es\/234300\/"},"modified":"2025-11-13T20:30:16","modified_gmt":"2025-11-13T20:30:16","slug":"la-junta-requiere-legalmente-a-amama-que-demuestre-sus-datos-de-afectadas","status":"publish","type":"post","link":"https:\/\/www.europesays.com\/es\/234300\/","title":{"rendered":"la Junta requiere legalmente a Amama que demuestre sus datos de afectadas"},"content":{"rendered":"<p class=\"article-text\">\n        Nuevo choque entre el Gobierno andaluz y la <a href=\"https:\/\/amama-sevilla.es\/\" target=\"_blank\" data-mrf-recirculation=\"links-noticia\" class=\"link\" rel=\"nofollow noopener\">Asociaci\u00f3n de Mujeres con C\u00e1ncer de Mama (Amama)<\/a>, a la que ha requerido formalmente para que, en el plazo m\u00e1ximo de 10 d\u00edas h\u00e1biles, le remita todos los casos que conozca de mujeres afectadas por fallos con el cribado del c\u00e1ncer de mama. El Ejecutivo de Juan Manuel Moreno esgrime que la petici\u00f3n es de obligado cumplimiento por ley, y que lo que se pretende con ello es \u201cevitar la generaci\u00f3n de alarma social\u201d por la difusi\u00f3n de \u201ccifras o afirmaciones no verificadas\u201d.\n    <\/p>\n<p>    <a href=\"https:\/\/www.eldiario.es\/andalucia\/consejero-andaluz-sanidad-acusa-amama-confundir-datos-cribado-hay-ocultar_1_12758488.html\" data-mrf-recirculation=\"saber-mas\" data-dl-event=\"saber-mas\" rel=\"nofollow noopener\" target=\"_blank\"><\/p>\n<p class=\"know-more__title\">El consejero andaluz de Sanidad acusa a Amama de \u00abconfundir\u00bb con los datos del cribado: \u00ab\u00bfHay algo que ocultar?\u00bb<\/p>\n<p>            <img decoding=\"async\" class=\"lazy\" loading=\"lazy\" data-src=\"https:\/\/static.eldiario.es\/clip\/871f37bc-5e12-4460-8b58-de98deaf676b_16-9-aspect-ratio_default_0.jpg\" src=\"data:image\/svg+xml,%3Csvg xmlns=\" http:=\"\" viewbox=\"0 0 880 495\" alt=\"El consejero andaluz de Sanidad acusa a Amama de &quot;confundir&quot; con los datos del cribado: &quot;\u00bfHay algo que ocultar?&quot;\"\/><\/p>\n<p>                        <\/a><\/p>\n<p class=\"article-text\">\n        Mediante este requerimiento, al que ha tenido acceso este peri\u00f3dico, se apunta que desde Amama \u2013que fue la entidad que destap\u00f3 los fallos con estas pruebas\u2013 se est\u00e1n difundiendo casos de mujeres afectadas \u201cen una magnitud muy superior\u201d a la que transmite la administraci\u00f3n sanitaria, por lo que le reclama \u201ctoda la informaci\u00f3n, documentaci\u00f3n o testimonios de los que pudieran disponer\u201d. El documento (firmado por la directora gerente del SAS, Valle Garc\u00eda) subraya que las cifras de Amama \u201cno se corresponden con los datos verificados en los registros cl\u00ednicos oficiales\u201d.\n    <\/p>\n<p class=\"article-text\">\n        Esto genera \u201cuna discrepancia que, por su impacto sanitario y social, exige una aclaraci\u00f3n inmediata y documental\u201d. La asociaci\u00f3n lleva semanas denunciando que las cifras oficiales son mucho m\u00e1s reducidas que las que maneja, elevando a m\u00e1s de 4.000 las mujeres afectadas frente a <a href=\"https:\/\/www.eldiario.es\/andalucia\/gobierno-andaluz-eleva-2-317-mujeres-han-sufrido-fallos-pruebas-detectar-cancer-mama_1_12711243.html\" target=\"_blank\" data-mrf-recirculation=\"links-noticia\" class=\"link\" rel=\"nofollow noopener\">las 2.317 que ha identificado la Junta<\/a>.\n    <\/p>\n<p class=\"article-text\">\n        Esta cifra oficial, asegura en su requerimiento, es una muestra de la \u201cinformaci\u00f3n completa, precisa y contrastada\u201d que se ha aportado sobre los errores en el programa de detecci\u00f3n precoz del c\u00e1ncer de mama en la sanidad p\u00fablica andaluza. Seg\u00fan los datos ofrecidos el pasado lunes, ya s\u00f3lo quedar\u00edan 217 mujeres por hacerse una nueva mamograf\u00eda para controlar su actual estado de salud.\n    <\/p>\n<p>    Multa de hasta 600.000 euros<\/p>\n<p class=\"article-text\">\n        Por ello, la Consejer\u00eda de Sanidad reclama a la entidad que le haga llegar todas las incidencias de las que tenga conocimiento, para as\u00ed \u201cgarantizar la revisi\u00f3n exhaustiva de cualquier posible caso no detectado por los c\u00edrculos oficiales\u201d. Adem\u00e1s de asegurarle que la informaci\u00f3n que aporte \u201cser\u00e1 tratada con absoluta confidencialidad\u201d, le indica que el objetivo de este paso es \u201cgarantizar la revisi\u00f3n exhaustiva de cualquier posible caso no detectado por los circuitos oficiales\u201d.\n    <\/p>\n<p class=\"article-text\">\n        Eso s\u00ed, le hace saber que su colaboraci\u00f3n es \u201cobligada\u201d en base a la normativa. En este sentido, apela a lo que marcan el Estatuto de Autonom\u00eda, la Ley de Procedimiento Administrativo Com\u00fan de las Administraciones P\u00fablicas y la Ley de Salud P\u00fablica, que establece el \u201cdeber de colaboraci\u00f3n\u201d. En caso de incumplimiento esta \u00faltima norma prev\u00e9 multas de 15.000 hasta 600.000 euros, ya que considera muy grave \u201cla negativa absoluta a facilitar informaci\u00f3n, a suministrar datos o a prestar colaboraci\u00f3n a las autoridades sanitarias o a los funcionarios de salud p\u00fablica en el ejercicio de sus funciones\u201d.\n    <\/p>\n<p class=\"article-text\">\n        La decisi\u00f3n de la administraci\u00f3n andaluza supone un paso m\u00e1s en el deterioro de las relaciones entre ambas partes, que nunca han sido buenas porque la asociaci\u00f3n de mujeres afectadas asegura que lleva desde 2021 denunciando los fallos en los cribados sin que la Junta atienda sus reclamaciones. De hecho, y tras las primeras denuncias p\u00fablicas, el propio consejero de Sanidad, Antonio Sanz, lleg\u00f3 a acusar a Amama de <a href=\"https:\/\/www.eldiario.es\/andalucia\/consejero-andaluz-salud-acusa-victimas-cribado-crear-alarma-social-bestial-colapso-sistemas_1_12705359.html\" target=\"_blank\" data-mrf-recirculation=\"links-noticia\" class=\"link\" rel=\"nofollow noopener\">crear una \u201calarma social bestial\u201d<\/a>.\n    <\/p>\n<p>    Una relaci\u00f3n tensa desde el principio<\/p>\n<p class=\"article-text\">\n        Tras casi un mes de tirantez, la relaci\u00f3n pareci\u00f3 normalizarse tras la <a href=\"https:\/\/www.eldiario.es\/andalucia\/consejero-andaluz-sanidad-reune-amama-justo-mes-despues-destapar-crisis-mamografias_1_12726054.html\" target=\"_blank\" data-mrf-recirculation=\"links-noticia\" class=\"link\" rel=\"nofollow noopener\">reuni\u00f3n mantenida el pasado 29 de octubre<\/a> entre Sanz y la presidenta de Amama, \u00c1ngela Claverol, pocos d\u00edas despu\u00e9s de la <a href=\"https:\/\/www.eldiario.es\/andalucia\/miles-andaluces-cargan-moreno-crisis-cribados-cancer-teta-no-existe_1_12715037.html\" target=\"_blank\" data-mrf-recirculation=\"links-noticia\" class=\"link\" rel=\"nofollow noopener\">multitudinaria protesta que congreg\u00f3 a miles de personas<\/a> ante el Palacio de San Telmo, sede del Gobierno andaluz. Y como tel\u00f3n de fondo, las <a href=\"https:\/\/www.eldiario.es\/andalucia\/asociacion-destapo-crisis-cribados-andalucia-niega-intereses-partidistas-politica-vivir_1_12716304.html\" target=\"_blank\" data-mrf-recirculation=\"links-noticia\" class=\"link\" rel=\"nofollow noopener\">acusaciones de partidismo<\/a> que ha recibido la asociaci\u00f3n por su presunta cercan\u00eda a formaciones de izquierda, en un esc\u00e1ndalo que ha derivado en la principal crisis pol\u00edtica que ha tenido que enfrentar Juan Manuel Moreno desde que en 2019 se estren\u00f3 como presidente.\n    <\/p>\n<p class=\"article-text\">\n        La aparente nueva sinton\u00eda salt\u00f3 por los aires el pasado lunes, cuando Claverol se levant\u00f3 de la mesa de la reuni\u00f3n de la comisi\u00f3n de seguimiento de estos casos, alegando que  la hab\u00edan obligado a firmar un acuerdo de confidencialidad y que el PP hab\u00eda vetado su presencia en el Parlamento andaluz. Tras dar por rotas las relaciones, la presidenta de Amama denunci\u00f3 que <a href=\"https:\/\/www.eldiario.es\/andalucia\/amama-interpuesto-25-denuncias-mujeres-cancer-carga-junta-quieren-calladitas-sumisas_1_12758152.html\" target=\"_blank\" data-mrf-recirculation=\"links-noticia\" class=\"link\" rel=\"nofollow noopener\">\u201cnos quieren calladitas y sumisas\u201d<\/a> e insisti\u00f3 en la cifra de m\u00e1s de 4.000 afectadas, a lo que Sanz replic\u00f3 acusando a la asociaci\u00f3n de \u201cconfundir\u201d con los datos y lanzando una pregunta: <a href=\"https:\/\/www.eldiario.es\/andalucia\/consejero-andaluz-sanidad-acusa-amama-confundir-datos-cribado-hay-ocultar_1_12758488.html\" target=\"_blank\" data-mrf-recirculation=\"links-noticia\" class=\"link\" rel=\"nofollow noopener\">\u201c\u00bfHay algo que ocultar?\u201d<\/a>.\n    <\/p>\n<p>    <a href=\"https:\/\/www.eldiario.es\/andalucia\/amama-interpuesto-25-denuncias-mujeres-cancer-carga-junta-quieren-calladitas-sumisas_1_12758152.html\" data-mrf-recirculation=\"saber-mas-abajo\" data-dl-event=\"saber-mas-abajo\" rel=\"nofollow noopener\" target=\"_blank\"><\/p>\n<p class=\"know-more__title\">Amama ha interpuesto ya 25 denuncias de mujeres con c\u00e1ncer y carga contra la Junta: \u201cNos quieren calladitas y sumisas\u201d<\/p>\n<p>            <img decoding=\"async\" class=\"lazy\" loading=\"lazy\" data-src=\"https:\/\/static.eldiario.es\/clip\/a7f7f514-c6a9-4a4c-8883-5acddd05192f_16-9-aspect-ratio_default_0.jpg\" src=\"data:image\/svg+xml,%3Csvg xmlns=\" http:=\"\" viewbox=\"0 0 880 495\" alt=\"Amama ha interpuesto ya 25 denuncias de mujeres con c\u00e1ncer y carga contra la Junta: &quot;Nos quieren calladitas y sumisas&quot;\"\/><\/p>\n<p>                        <\/a><\/p>\n<p class=\"article-text\">\n        El caso de los cribados lleva m\u00e1s de un mes monopolizando la actualidad pol\u00edtica andaluza, ya que las formaciones de izquierda han visto ah\u00ed un flanco d\u00e9bil en el hasta ahora imperturbable Gobierno de Moreno. Tras varios ceses en la c\u00fapula sanitaria andaluza (incluyendo el de la <a href=\"https:\/\/www.eldiario.es\/andalucia\/moreno-fulmina-consejera-salud-sofocar-escandalo-cribados-cancer-mama_1_12668563.html\" target=\"_blank\" data-mrf-recirculation=\"links-noticia\" class=\"link\" rel=\"nofollow noopener\">consejera con la que se destap\u00f3 el esc\u00e1ndalo<\/a>), dos investigaciones <a href=\"https:\/\/www.eldiario.es\/andalucia\/fiscalia-abre-investigaciones-cribados-cancer-48-horas-rastrea-cambios-historiales-clinicos_1_12710709.html\" target=\"_blank\" data-mrf-recirculation=\"links-noticia\" class=\"link\" rel=\"nofollow noopener\">abiertas por la Fiscal\u00eda<\/a> y dos grandes manifestaciones, el mejor s\u00edmbolo de que la cuesti\u00f3n copa toda la intenci\u00f3n se vivi\u00f3 este mi\u00e9rcoles con el debate presupuestario, que se convirti\u00f3 en una <a href=\"https:\/\/www.eldiario.es\/andalucia\/oposicion-bloque-convierte-presupuesto-historico-moreno-enmienda-gestion-sanitaria_1_12760448.html\" target=\"_blank\" data-mrf-recirculation=\"links-noticia\" class=\"link\" rel=\"nofollow noopener\">enmienda a la gesti\u00f3n sanitaria del PP<\/a>.\n    <\/p>\n<p class=\"article-text\">\n        <a href=\"https:\/\/usuarios.eldiario.es\/hazte_socio\/?utm_source=andalucia&amp;utm_campaign=eell&amp;utm_medium=all&amp;_gl=1*1686cvs*_gcl_au*MTYxMDA0MjMxOS4xNzUzODU2NTg0*_ga*MzI3MDQxMTk0LjE2Njc4MTY1MDY.*_ga_4RZPWREGF3*czE3NTk4MzU1ODckbzcwJGcxJHQxNzU5ODM2MDg2JGo2MCRsMCRoMA..\" target=\"_blank\" data-mrf-recirculation=\"links-noticia\" class=\"link\" rel=\"nofollow noopener\">Desde este enlace<\/a>\u00a0puedes convertirte en nuevo socio\/a de<a href=\"https:\/\/www.eldiario.es\/andalucia\/\" target=\"_blank\" data-mrf-recirculation=\"links-noticia\" class=\"link\" rel=\"nofollow noopener\">\u00a0elDiario.es Andaluc\u00eda<\/a>\u00a0y apoyar\u00e1s econ\u00f3micamente un periodismo independiente y riguroso hecho desde nuestra tierra.\n    <\/p>\n<p class=\"article-text\">\n        Si ya eres socio\/a, puedes hacer una aportaci\u00f3n extra destinada \u00edntegramente a la redacci\u00f3n de Andaluc\u00eda desde el apartado &#8216;Tu cuota&#8217;. Es importante para que podamos seguir contando noticias de Andaluc\u00eda desde Andaluc\u00eda. \u00a1Gracias por tu apoyo!\n    <\/p>\n","protected":false},"excerpt":{"rendered":"Nuevo choque entre el Gobierno andaluz y la Asociaci\u00f3n de Mujeres con C\u00e1ncer de Mama (Amama), a la&hellip;\n","protected":false},"author":2,"featured_media":234301,"comment_status":"","ping_status":"","sticky":false,"template":"","format":"standard","meta":{"footnotes":""},"categories":[8],"tags":[1705,259,17,18,2760,3854,25,24,13,14,494,11,1667,19,20,3855,9,10,15,16,1925,1171,23,12,21,22],"class_list":{"0":"post-234300","1":"post","2":"type-post","3":"status-publish","4":"format-standard","5":"has-post-thumbnail","7":"category-espana","8":"tag-analisis","9":"tag-andalucia","10":"tag-breaking-news","11":"tag-breakingnews","12":"tag-cordoba","13":"tag-eldiario-es","14":"tag-es","15":"tag-espana","16":"tag-featured-news","17":"tag-featurednews","18":"tag-granada","19":"tag-headlines","20":"tag-informacion","21":"tag-latest-news","22":"tag-latestnews","23":"tag-malaga","24":"tag-news","25":"tag-noticias","26":"tag-noticias-destacadas","27":"tag-noticiasdestacadas","28":"tag-opinion","29":"tag-sevilla","30":"tag-spain","31":"tag-titulares","32":"tag-ultimas-noticias","33":"tag-ultimasnoticias"},"share_on_mastodon":{"url":"https:\/\/pubeurope.com\/@es\/115544288352172748","error":""},"_links":{"self":[{"href":"https:\/\/www.europesays.com\/es\/wp-json\/wp\/v2\/posts\/234300","targetHints":{"allow":["GET"]}}],"collection":[{"href":"https:\/\/www.europesays.com\/es\/wp-json\/wp\/v2\/posts"}],"about":[{"href":"https:\/\/www.europesays.com\/es\/wp-json\/wp\/v2\/types\/post"}],"author":[{"embeddable":true,"href":"https:\/\/www.europesays.com\/es\/wp-json\/wp\/v2\/users\/2"}],"replies":[{"embeddable":true,"href":"https:\/\/www.europesays.com\/es\/wp-json\/wp\/v2\/comments?post=234300"}],"version-history":[{"count":0,"href":"https:\/\/www.europesays.com\/es\/wp-json\/wp\/v2\/posts\/234300\/revisions"}],"wp:featuredmedia":[{"embeddable":true,"href":"https:\/\/www.europesays.com\/es\/wp-json\/wp\/v2\/media\/234301"}],"wp:attachment":[{"href":"https:\/\/www.europesays.com\/es\/wp-json\/wp\/v2\/media?parent=234300"}],"wp:term":[{"taxonomy":"category","embeddable":true,"href":"https:\/\/www.europesays.com\/es\/wp-json\/wp\/v2\/categories?post=234300"},{"taxonomy":"post_tag","embeddable":true,"href":"https:\/\/www.europesays.com\/es\/wp-json\/wp\/v2\/tags?post=234300"}],"curies":[{"name":"wp","href":"https:\/\/api.w.org\/{rel}","templated":true}]}}