{"id":234308,"date":"2025-11-13T20:38:15","date_gmt":"2025-11-13T20:38:15","guid":{"rendered":"https:\/\/www.europesays.com\/es\/234308\/"},"modified":"2025-11-13T20:38:15","modified_gmt":"2025-11-13T20:38:15","slug":"heridos-dos-ciclistas-en-sendas-caidas-en-etxalar-y-en-uitzi","status":"publish","type":"post","link":"https:\/\/www.europesays.com\/es\/234308\/","title":{"rendered":"Heridos dos ciclistas en sendas ca\u00eddas en Etxalar y en Uitzi"},"content":{"rendered":"<p>\n        <strong>Dos ciclistas han resultado herido <\/strong>este jueves en sendas ca\u00eddas que se han registrado en los t\u00e9rminos de <strong>Etxalar y Uitz<\/strong>i, seg\u00fan ha informado el 112 Sos Navarra.\n<\/p>\n<p class=\"article-body__text \">\n        En el primer caso, el accidente se ha registrado sobre las 11.28 horas en la carretera NA-4400, kil\u00f3metro 6. El herido, un hombre de<strong> 67 a\u00f1os<\/strong>, ha sufrido contusiones de <strong>car\u00e1cter leve<\/strong>. Ha sido atendido en primera instancia en el centro de salud de <strong>Etxalar <\/strong>y trasladado posteriormente a <strong>Irun.<\/strong>\n<\/p>\n<p class=\"article-body__text \">\n        Al lugar han sido movilizados ambulancia de <strong>soporte vital b\u00e1sico, equipo m\u00e9dico y Polic\u00eda Foral.<\/strong>\n<\/p>\n<p class=\"article-body__text \">\n        El segundo accidente se ha registrado sobre las 12.47 horas en la<strong> V\u00eda Verde del Plazaola a su paso por Uitzi (Larraun).<\/strong>\n<\/p>\n<p class=\"article-body__text \">\n        El herido es un hombre de <strong>50 a\u00f1os <\/strong>que ha sido trasladado a un<strong> centro hospitalario en Tolosa<\/strong> con contusiones de<strong> car\u00e1cter leve.<\/strong>\n<\/p>\n<p class=\"article-body__text \">\n        Han sido movilizados ambulancia de soporte vital b\u00e1sico, equipo m\u00e9dico de<strong> Lekunberri y Polic\u00eda Foral.<\/strong><\/p>\n","protected":false},"excerpt":{"rendered":"Dos ciclistas han resultado herido este jueves en sendas ca\u00eddas que se han registrado en los t\u00e9rminos de&hellip;\n","protected":false},"author":2,"featured_media":234309,"comment_status":"","ping_status":"","sticky":false,"template":"","format":"standard","meta":{"footnotes":""},"categories":[273],"tags":[8925,313,2838,312,168,25,24,60980,11225,11834,23,167],"class_list":{"0":"post-234308","1":"post","2":"type-post","3":"status-publish","4":"format-standard","5":"has-post-thumbnail","7":"category-ciclismo","8":"tag-caidas","9":"tag-ciclismo","10":"tag-ciclistas","11":"tag-cycling","12":"tag-deportes","13":"tag-es","14":"tag-espana","15":"tag-etxalar","16":"tag-heridos","17":"tag-sendas","18":"tag-spain","19":"tag-sports"},"share_on_mastodon":{"url":"https:\/\/pubeurope.com\/@es\/115544319807548024","error":""},"_links":{"self":[{"href":"https:\/\/www.europesays.com\/es\/wp-json\/wp\/v2\/posts\/234308","targetHints":{"allow":["GET"]}}],"collection":[{"href":"https:\/\/www.europesays.com\/es\/wp-json\/wp\/v2\/posts"}],"about":[{"href":"https:\/\/www.europesays.com\/es\/wp-json\/wp\/v2\/types\/post"}],"author":[{"embeddable":true,"href":"https:\/\/www.europesays.com\/es\/wp-json\/wp\/v2\/users\/2"}],"replies":[{"embeddable":true,"href":"https:\/\/www.europesays.com\/es\/wp-json\/wp\/v2\/comments?post=234308"}],"version-history":[{"count":0,"href":"https:\/\/www.europesays.com\/es\/wp-json\/wp\/v2\/posts\/234308\/revisions"}],"wp:featuredmedia":[{"embeddable":true,"href":"https:\/\/www.europesays.com\/es\/wp-json\/wp\/v2\/media\/234309"}],"wp:attachment":[{"href":"https:\/\/www.europesays.com\/es\/wp-json\/wp\/v2\/media?parent=234308"}],"wp:term":[{"taxonomy":"category","embeddable":true,"href":"https:\/\/www.europesays.com\/es\/wp-json\/wp\/v2\/categories?post=234308"},{"taxonomy":"post_tag","embeddable":true,"href":"https:\/\/www.europesays.com\/es\/wp-json\/wp\/v2\/tags?post=234308"}],"curies":[{"name":"wp","href":"https:\/\/api.w.org\/{rel}","templated":true}]}}