{"id":234320,"date":"2025-11-13T20:48:18","date_gmt":"2025-11-13T20:48:18","guid":{"rendered":"https:\/\/www.europesays.com\/es\/234320\/"},"modified":"2025-11-13T20:48:18","modified_gmt":"2025-11-13T20:48:18","slug":"lanzan-huevos-a-luis-rubiales-el-hombre-del-beso-forzado-durante-la-presentacion-de-su-libro","status":"publish","type":"post","link":"https:\/\/www.europesays.com\/es\/234320\/","title":{"rendered":"Lanzan huevos a Luis Rubiales, el hombre del \u00abbeso forzado\u00bb, durante la presentaci\u00f3n de su libro"},"content":{"rendered":"<p>    <img src=\"https:\/\/www.europesays.com\/es\/wp-content\/uploads\/2025\/11\/2025-11-13T193A493A02Z-90330832.jpg\" width=\"1024\" height=\"731\" alt=\"\" loading=\"eager\" decoding=\"sync\" fetchpriority=\"high\"\/><\/p>\n<p>            afp_tickers        <\/p>\n<p>        Este contenido fue publicado en    <\/p>\n<p>        13 noviembre 2025 &#8211; 20:49\n<\/p>\n<p>El antiguo presidente de la Federaci\u00f3n Espa\u00f1ola de F\u00fatbol (RFEF), Luis Rubiales, condenado por agresi\u00f3n sexual por su beso forzado a la jugadora Jenni Hermoso, fue objeto este jueves del lanzamiento de huevos por un hombre durante la presentaci\u00f3n de su libro.<\/p>\n<p>En varios videos subidos en redes sociales se observa al antiguo dirigente del f\u00fatbol espa\u00f1ol, sentado en un taburete con camiseta blanca y americana oscura durante la presentaci\u00f3n de su libro \u00abMatar a Rubiales\u00bb, cuando desde el pasillo de la sala, entre las butacas, un hombre le lanza al menos tres huevos, impactando uno de ellos en la espalda de Rubiales.<\/p>\n<p>El antiguo presidente de la RFEF se lanz\u00f3 en persecuci\u00f3n del espont\u00e1neo antes de que \u00e9ste fuera reducido por asistentes al acto celebrado en Madrid.<\/p>\n<p>Los videos no muestran lo que ocurre inmediatamente despu\u00e9s con el agresor una vez fue desalojado de la sala, pero la presentaci\u00f3n prosigue con naturalidad.<\/p>\n<p>El martes por la noche, Rubiales hab\u00eda defendido su inocencia por el beso a Jenni Hermoso durante la ceremonia de medallas al t\u00e9rmino de la final del Mundial femenino, en S\u00eddney el 20 de agosto de 2023.\u00a0<\/p>\n<p>Rubiales reiter\u00f3 en el programa de televisi\u00f3n El Chiringuito que ese beso fue \u00abconsentido\u00bb, y se dijo v\u00edctima de una campa\u00f1a de la \u00abextrema izquierda\u00bb.<\/p>\n<p>A ra\u00edz de una reforma del C\u00f3digo Penal espa\u00f1ol, un beso no consentido puede ser considerado como agresi\u00f3n sexual, categor\u00eda penal que agrupa todos los tipos de violencia sexual.<\/p>\n<p>Rubiales se halla inmerso tambi\u00e9n en otro caso de presunta corrupci\u00f3n en torno al contrato de deslocalizaci\u00f3n de la Supercopa de Espa\u00f1a en Arabia Saudita.<\/p>\n<p>mig\/jde\/iga\/an<\/p>\n","protected":false},"excerpt":{"rendered":"afp_tickers Este contenido fue publicado en 13 noviembre 2025 &#8211; 20:49 El antiguo presidente de la Federaci\u00f3n Espa\u00f1ola&hellip;\n","protected":false},"author":2,"featured_media":234321,"comment_status":"","ping_status":"","sticky":false,"template":"","format":"standard","meta":{"footnotes":""},"categories":[93],"tags":[25887,11892,168,25,24,11894,11895,7657,4444,25891,281,5799,2005,23,3020,167,90,11896],"class_list":{"0":"post-234320","1":"post","2":"type-post","3":"status-publish","4":"format-standard","5":"has-post-thumbnail","7":"category-deportes","8":"tag-assault-general","9":"tag-crime","10":"tag-deportes","11":"tag-es","12":"tag-espana","13":"tag-judiciary-system-of-justice","14":"tag-justice-and-rights","15":"tag-law-and-order","16":"tag-people","17":"tag-sexual-assault","18":"tag-soccer","19":"tag-social-issues-general","20":"tag-society","21":"tag-spain","22":"tag-sport","23":"tag-sports","24":"tag-ticker","25":"tag-trials"},"share_on_mastodon":{"url":"https:\/\/pubeurope.com\/@es\/115544359991898255","error":""},"_links":{"self":[{"href":"https:\/\/www.europesays.com\/es\/wp-json\/wp\/v2\/posts\/234320","targetHints":{"allow":["GET"]}}],"collection":[{"href":"https:\/\/www.europesays.com\/es\/wp-json\/wp\/v2\/posts"}],"about":[{"href":"https:\/\/www.europesays.com\/es\/wp-json\/wp\/v2\/types\/post"}],"author":[{"embeddable":true,"href":"https:\/\/www.europesays.com\/es\/wp-json\/wp\/v2\/users\/2"}],"replies":[{"embeddable":true,"href":"https:\/\/www.europesays.com\/es\/wp-json\/wp\/v2\/comments?post=234320"}],"version-history":[{"count":0,"href":"https:\/\/www.europesays.com\/es\/wp-json\/wp\/v2\/posts\/234320\/revisions"}],"wp:featuredmedia":[{"embeddable":true,"href":"https:\/\/www.europesays.com\/es\/wp-json\/wp\/v2\/media\/234321"}],"wp:attachment":[{"href":"https:\/\/www.europesays.com\/es\/wp-json\/wp\/v2\/media?parent=234320"}],"wp:term":[{"taxonomy":"category","embeddable":true,"href":"https:\/\/www.europesays.com\/es\/wp-json\/wp\/v2\/categories?post=234320"},{"taxonomy":"post_tag","embeddable":true,"href":"https:\/\/www.europesays.com\/es\/wp-json\/wp\/v2\/tags?post=234320"}],"curies":[{"name":"wp","href":"https:\/\/api.w.org\/{rel}","templated":true}]}}