{"id":234324,"date":"2025-11-13T20:50:28","date_gmt":"2025-11-13T20:50:28","guid":{"rendered":"https:\/\/www.europesays.com\/es\/234324\/"},"modified":"2025-11-13T20:50:28","modified_gmt":"2025-11-13T20:50:28","slug":"el-mensaje-cargado-de-significado-de-mar-flores-a-su-hijo-carlo-por-su-cumpleanos","status":"publish","type":"post","link":"https:\/\/www.europesays.com\/es\/234324\/","title":{"rendered":"El mensaje cargado de significado de Mar Flores a su hijo Carlo por su cumplea\u00f1os"},"content":{"rendered":"<p id=\"eQ18ax1T9M\" data-wc=\"91\">Mar Flores ha querido hacer p\u00fablico el amor que siente por el mayor de sus cinco hijos. <a class=\"hm-link ho-link\" href=\"https:\/\/www.hola.com\/actualidad\/20251113867263\/alejandra-rubio-romantica-felicitacion-video-carlo-costanzia\/\" data-mrf-recirculation=\"article-body-link\" rel=\"nofollow noopener\" target=\"_blank\">Carlo Costanzia ha cumplido 33 a\u00f1os<\/a> y para su madre ha sido la ocasi\u00f3n perfecta para dirigirse a \u00e9l y confesarle sus sentimientos m\u00e1s personales. \u00abHace 33 a\u00f1os di a luz al primer hombre de mi vida, quien desde siempre me llama &#8216;Ma&#8217;, y el que lleg\u00f3 para cambiarlo todo\u00bb, ha comenzado diciendo la modelo, que adem\u00e1s ha elegido una serie de im\u00e1genes de su vida en com\u00fan con Carlo para acompa\u00f1ar sus palabras.<\/p>\n<p> <img src=\"https:\/\/www.europesays.com\/es\/wp-content\/uploads\/2025\/11\/af80f20dd5d3-581932947185476004770338186658634382634359852n.jpg\"   width=\"1024\" height=\"946\" loading=\"lazy\" decoding=\"async\" alt=\"Mar Flores con Carlo cuando era peque\u00f1o\" fetchpriority=\"auto\" class=\"image ho-image\"\/>\u00a9 marflores_marMar Flores con Carlo cuando era peque\u00f1o<\/p>\n<p> <img src=\"https:\/\/www.europesays.com\/es\/wp-content\/uploads\/2025\/11\/15b8a02a1b25-581817037185476004380338183630132853105772393n.jpg\"   width=\"1024\" height=\"947\" loading=\"lazy\" decoding=\"async\" alt=\"Media Image\" fetchpriority=\"auto\" class=\"image ho-image\"\/>\u00a9 marflores_mar<\/p>\n<p id=\"eQDG-UuLjb\" data-wc=\"101\">Mar Flores ha querido decirle a su hijo lo que supuso su nacimiento para ella. Carlo fue el primero de los cinco hijos que ha tenido en su vida, y solo \u00e9l, quien la convirti\u00f3 en madre por primera vez. Su relaci\u00f3n ha pasado por diferentes momentos marcados por la tensa relaci\u00f3n que han tenido sus progenitores. El propio Carlo ha contado c\u00f3mo se convirti\u00f3 en v\u00edctima de la mala relaci\u00f3n de los dos: &#8216;Mi infancia fue dif\u00edcil, no fui feliz\u00bb, confesaba en una entrevista en \u00a1De viernes! ,\u00a0donde adem\u00e1s desvelaba que empez\u00f3 a tomar antidepresivos con solo 7 a\u00f1os.<\/p>\n<p> <img src=\"https:\/\/www.europesays.com\/es\/wp-content\/uploads\/2025\/11\/91a05910bd8b-583700912185476004080338183598907171817189067n.jpg\"   width=\"1024\" height=\"943\" loading=\"lazy\" decoding=\"async\" alt=\"Media Image\" fetchpriority=\"auto\" class=\"image ho-image\"\/>\u00a9 marflores_mar<\/p>\n<p id=\"ezqHtfG3Y4Q\" data-wc=\"82\">Hoy Mar ha querido gritar al mundo lo orgullosa que est\u00e1 de \u00e9l. El modelo y actor comparte su vida con Alejandra Rubio, con quien ha tenido su primer hijo: \u00abCarlo, estoy muy orgullosa de ti: de qui\u00e9n eres, de lo que has construido y de todo <strong>lo que has conseguido con tu esfuerzo y tu coraz\u00f3n<\/strong>\u00ab, le ha dicho su madre sincera. Un reconocimiento p\u00fablico a todos sus logros personales que le han llevado a ser el hombre que es hoy.<\/p>\n<p> <img src=\"https:\/\/www.europesays.com\/es\/wp-content\/uploads\/2025\/11\/c145c8c04609-485737526183751098611868827069634937358211077n.jpg\"   width=\"819\" height=\"1024\" loading=\"lazy\" decoding=\"async\" alt=\"Alejandra Rubio y Carlo Costanzia con su hijo\" fetchpriority=\"auto\" class=\"image ho-image\"\/>\u00a9 carlocostanziaAlejandra Rubio y Carlo Costanzia con su hijo<\/p>\n<p id=\"e_2-a297W1\" data-wc=\"100\">Para terminar el mensaje con el que ha felicitado a su hijo, Mar ha querido nombrar al nuevo miembro de la familia que le hace sonre\u00edr y que ha llegado para estrechar lazos, y dejar atr\u00e1s etapas en las que ha reinado cierto distanciamiento, sobre todo tras la publicaci\u00f3n de las memorias de la actriz, en las que aborda problemas del pasado de su hijo y habla de las agresiones que sufri\u00f3 por parte de su expareja. \u00ab<strong>Gracias por el mayor regalo que me has dado, convertirme en abuela<\/strong>. <strong>Te quiero infinito<\/strong>\u00ab, le ha confesado la modelo a su primog\u00e9nito.<\/p>\n<p> <img src=\"https:\/\/www.europesays.com\/es\/wp-content\/uploads\/2025\/11\/211c6d9af73d-582063768185476004290338184088585806843855049n.jpg\"   width=\"1024\" height=\"947\" loading=\"lazy\" decoding=\"async\" alt=\"Media Image\" fetchpriority=\"auto\" class=\"image ho-image\"\/>\u00a9 marflores_mar<\/p>\n<p> <img src=\"https:\/\/www.europesays.com\/es\/wp-content\/uploads\/2025\/11\/dea412f403f5-581854213185476004680338186248316646245094440n.jpg\"   width=\"1024\" height=\"946\" loading=\"lazy\" decoding=\"async\" alt=\"Media Image\" fetchpriority=\"auto\" class=\"image ho-image\"\/>\u00a9 marflores_mar<\/p>\n<p id=\"eRfWVZPsdc\" data-wc=\"49\">Gracias a la colecci\u00f3n de im\u00e1genes que ha elegido cuidadosamente la top espa\u00f1ola, asistimos a la transformaci\u00f3n del Carlo ni\u00f1o en un atractivo joven de gran parecido a su madre. Fotograf\u00edas in\u00e9ditas en la mayor\u00eda de los casos que nos permiten asistir a sus momentos de mayor felicidad juntos.<\/p>\n<p> <img src=\"https:\/\/www.europesays.com\/es\/wp-content\/uploads\/2025\/11\/e4ccfc9a96d4-581730416185476004170338185483146592248275790n.jpg\"   width=\"1024\" height=\"944\" loading=\"lazy\" decoding=\"async\" alt=\"Media Image\" fetchpriority=\"auto\" class=\"image ho-image\"\/>\u00a9 marflores_mar<\/p>\n<p> <img src=\"https:\/\/www.europesays.com\/es\/wp-content\/uploads\/2025\/11\/0a4bd878935e-582040508185476004860338188741204481223501556n.jpg\"   width=\"1024\" height=\"944\" loading=\"lazy\" decoding=\"async\" alt=\"Mar y Carlo en Italia\" fetchpriority=\"auto\" class=\"image ho-image\"\/>\u00a9 marflores_marMar y Carlo en Italia<\/p>\n<p> <img src=\"https:\/\/www.europesays.com\/es\/wp-content\/uploads\/2025\/11\/29e8a1cac229-580866731185476004950338183267156957746854447n.jpg\"   width=\"1024\" height=\"944\" loading=\"lazy\" decoding=\"async\" alt=\"Media Image\" fetchpriority=\"auto\" class=\"image ho-image\"\/>\u00a9 marflores_mar<\/p>\n<p> <img src=\"https:\/\/www.europesays.com\/es\/wp-content\/uploads\/2025\/11\/e8d166cd721a-58180625118547600459033818979830146263611106n.jpg\"   width=\"1024\" height=\"946\" loading=\"lazy\" decoding=\"async\" alt=\"Media Image\" fetchpriority=\"auto\" class=\"image ho-image\"\/>\u00a9 marflores_mar<\/p>\n<p> <img src=\"https:\/\/www.europesays.com\/es\/wp-content\/uploads\/2025\/11\/a6c58ca75fdc-582275724185476004500338187292259538705958727n.jpg\"   width=\"1024\" height=\"946\" loading=\"lazy\" decoding=\"async\" alt=\"Media Image\" fetchpriority=\"auto\" class=\"image ho-image\"\/>\u00a9 marflores_mar<\/p>\n<p id=\"ehtkAIf89y\" data-wc=\"26\">Carlo es el mayor de sus cuatro hermanos, <strong>Mauro, Beltr\u00e1n, Bruno y Dar\u00edo<\/strong>, todos ellos nacidos del matrimonio de Mar Flores con el empresario Javier Merino.\u00a0<\/p>\n<p> <img src=\"https:\/\/www.europesays.com\/es\/wp-content\/uploads\/2025\/11\/2df66b1e171f-sin-ttulo-2.jpg\"   width=\"1024\" height=\"633\" loading=\"lazy\" decoding=\"async\" alt=\"Media Image\" fetchpriority=\"auto\" class=\"image ho-image\"\/>\u00a9 GTRES<\/p>\n","protected":false},"excerpt":{"rendered":"Mar Flores ha querido hacer p\u00fablico el amor que siente por el mayor de sus cinco hijos. Carlo&hellip;\n","protected":false},"author":2,"featured_media":234325,"comment_status":"","ping_status":"","sticky":false,"template":"","format":"standard","meta":{"footnotes":""},"categories":[91],"tags":[517,9893,146,147,25,24,9892,23],"class_list":{"0":"post-234324","1":"post","2":"type-post","3":"status-publish","4":"format-standard","5":"has-post-thumbnail","7":"category-entretenimiento","8":"tag-actualidad","9":"tag-carlo-costanzia","10":"tag-entertainment","11":"tag-entretenimiento","12":"tag-es","13":"tag-espana","14":"tag-mar-flores","15":"tag-spain"},"share_on_mastodon":{"url":"https:\/\/pubeurope.com\/@es\/115544367536465410","error":""},"_links":{"self":[{"href":"https:\/\/www.europesays.com\/es\/wp-json\/wp\/v2\/posts\/234324","targetHints":{"allow":["GET"]}}],"collection":[{"href":"https:\/\/www.europesays.com\/es\/wp-json\/wp\/v2\/posts"}],"about":[{"href":"https:\/\/www.europesays.com\/es\/wp-json\/wp\/v2\/types\/post"}],"author":[{"embeddable":true,"href":"https:\/\/www.europesays.com\/es\/wp-json\/wp\/v2\/users\/2"}],"replies":[{"embeddable":true,"href":"https:\/\/www.europesays.com\/es\/wp-json\/wp\/v2\/comments?post=234324"}],"version-history":[{"count":0,"href":"https:\/\/www.europesays.com\/es\/wp-json\/wp\/v2\/posts\/234324\/revisions"}],"wp:featuredmedia":[{"embeddable":true,"href":"https:\/\/www.europesays.com\/es\/wp-json\/wp\/v2\/media\/234325"}],"wp:attachment":[{"href":"https:\/\/www.europesays.com\/es\/wp-json\/wp\/v2\/media?parent=234324"}],"wp:term":[{"taxonomy":"category","embeddable":true,"href":"https:\/\/www.europesays.com\/es\/wp-json\/wp\/v2\/categories?post=234324"},{"taxonomy":"post_tag","embeddable":true,"href":"https:\/\/www.europesays.com\/es\/wp-json\/wp\/v2\/tags?post=234324"}],"curies":[{"name":"wp","href":"https:\/\/api.w.org\/{rel}","templated":true}]}}